{"id":1191,"date":"2023-11-16T08:42:37","date_gmt":"2023-11-16T11:42:37","guid":{"rendered":"https:\/\/noticiasregionais.com.br\/?p=1191"},"modified":"2023-11-16T08:42:49","modified_gmt":"2023-11-16T11:42:49","slug":"manutencao-em-adutora-pode-interromper-abastecimento-de-agua-em-sete-bairros","status":"publish","type":"post","link":"https:\/\/noticiasregionais.com.br\/?p=1191","title":{"rendered":"Manuten\u00e7\u00e3o em adutora pode interromper abastecimento de \u00e1gua em sete bairros"},"content":{"rendered":"\n<p>A Superintend\u00eancia de \u00c1gua e Esgoto de Ourinhos (SAE) emitiu um comunicado na manh\u00e3 desta quinta-feira (16), informando que haver\u00e1 uma interrup\u00e7\u00e3o no fornecimento de \u00e1gua nos bairros Boa Esperan\u00e7a, Minas Gerais, S\u00e3o Carlos, Ouro Fino, Eldorado, Orlando Quagliato e adjac\u00eancias.<\/p>\n\n\n\n<p>A manuten\u00e7\u00e3o ser\u00e1 realizada em uma adutora localizada no Parque Minas Gerais. O abastecimento ser\u00e1 restabelecido o mais r\u00e1pido poss\u00edvel, segundo a SAE.<\/p>\n\n\n\n<p>A empresa orienta os moradores dos bairros afetados a economizarem \u00e1gua e a armazenarem um volume suficiente para o per\u00edodo da interrup\u00e7\u00e3o.<\/p>\n\n\n\n<p><strong>Confira os bairros afetados pela interrup\u00e7\u00e3o:<\/strong><\/p>\n\n\n\n<ul class=\"wp-block-list\">\n<li>Boa Esperan\u00e7a<\/li>\n\n\n\n<li>Minas Gerais<\/li>\n\n\n\n<li>S\u00e3o Carlos<\/li>\n\n\n\n<li>Ouro Fino<\/li>\n\n\n\n<li>Eldorado<\/li>\n\n\n\n<li>Orlando Quagliato<\/li>\n\n\n\n<li>Adjac\u00eancias<\/li>\n<\/ul>\n\n\n\n<figure class=\"wp-block-image size-large\"><img decoding=\"async\" width=\"1024\" height=\"1024\" src=\"https:\/\/noticiasregionais.com.br\/wp-content\/uploads\/2023\/11\/WhatsApp-Image-2023-11-16-at-07.58.44-1024x1024.jpeg\" alt=\"\" class=\"wp-image-1192\" srcset=\"https:\/\/noticiasregionais.com.br\/wp-content\/uploads\/2023\/11\/WhatsApp-Image-2023-11-16-at-07.58.44-1024x1024.jpeg 1024w, https:\/\/noticiasregionais.com.br\/wp-content\/uploads\/2023\/11\/WhatsApp-Image-2023-11-16-at-07.58.44-300x300.jpeg 300w, https:\/\/noticiasregionais.com.br\/wp-content\/uploads\/2023\/11\/WhatsApp-Image-2023-11-16-at-07.58.44-150x150.jpeg 150w, https:\/\/noticiasregionais.com.br\/wp-content\/uploads\/2023\/11\/WhatsApp-Image-2023-11-16-at-07.58.44-768x768.jpeg 768w, https:\/\/noticiasregionais.com.br\/wp-content\/uploads\/2023\/11\/WhatsApp-Image-2023-11-16-at-07.58.44.jpeg 1080w\" sizes=\"(max-width: 1024px) 100vw, 1024px\" \/><\/figure>\n<input type=\"hidden\" id=\"baseurl\" value=\"https:\/\/noticiasregionais.com.br\"><input type=\"hidden\" id=\"audio_nonce\" value=\"533fbb67b1\">","protected":false},"excerpt":{"rendered":"<p>A Superintend\u00eancia de \u00c1gua e Esgoto de Ourinhos (SAE) emitiu um comunicado na manh\u00e3 desta quinta-feira (16), informando que haver\u00e1&hellip;<\/p>\n","protected":false},"author":1,"featured_media":1194,"comment_status":"closed","ping_status":"open","sticky":false,"template":"","format":"standard","meta":{"sfsi_plus_gutenberg_text_before_share":"","sfsi_plus_gutenberg_show_text_before_share":"","sfsi_plus_gutenberg_icon_type":"","sfsi_plus_gutenberg_icon_alignemt":"","sfsi_plus_gutenburg_max_per_row":"","footnotes":""},"categories":[5,12,1],"tags":[],"class_list":["post-1191","post","type-post","status-publish","format-standard","has-post-thumbnail","hentry","category-ourinhos","category-capa","category-noticias"],"_links":{"self":[{"href":"https:\/\/noticiasregionais.com.br\/index.php?rest_route=\/wp\/v2\/posts\/1191","targetHints":{"allow":["GET"]}}],"collection":[{"href":"https:\/\/noticiasregionais.com.br\/index.php?rest_route=\/wp\/v2\/posts"}],"about":[{"href":"https:\/\/noticiasregionais.com.br\/index.php?rest_route=\/wp\/v2\/types\/post"}],"author":[{"embeddable":true,"href":"https:\/\/noticiasregionais.com.br\/index.php?rest_route=\/wp\/v2\/users\/1"}],"replies":[{"embeddable":true,"href":"https:\/\/noticiasregionais.com.br\/index.php?rest_route=%2Fwp%2Fv2%2Fcomments&post=1191"}],"version-history":[{"count":1,"href":"https:\/\/noticiasregionais.com.br\/index.php?rest_route=\/wp\/v2\/posts\/1191\/revisions"}],"predecessor-version":[{"id":1195,"href":"https:\/\/noticiasregionais.com.br\/index.php?rest_route=\/wp\/v2\/posts\/1191\/revisions\/1195"}],"wp:featuredmedia":[{"embeddable":true,"href":"https:\/\/noticiasregionais.com.br\/index.php?rest_route=\/wp\/v2\/media\/1194"}],"wp:attachment":[{"href":"https:\/\/noticiasregionais.com.br\/index.php?rest_route=%2Fwp%2Fv2%2Fmedia&parent=1191"}],"wp:term":[{"taxonomy":"category","embeddable":true,"href":"https:\/\/noticiasregionais.com.br\/index.php?rest_route=%2Fwp%2Fv2%2Fcategories&post=1191"},{"taxonomy":"post_tag","embeddable":true,"href":"https:\/\/noticiasregionais.com.br\/index.php?rest_route=%2Fwp%2Fv2%2Ftags&post=1191"}],"curies":[{"name":"wp","href":"https:\/\/api.w.org\/{rel}","templated":true}]}}