{"id":11910,"date":"2025-12-23T19:00:00","date_gmt":"2025-12-23T22:00:00","guid":{"rendered":"https:\/\/noticiasregionais.com.br\/?p=11910"},"modified":"2025-12-26T21:31:33","modified_gmt":"2025-12-27T00:31:33","slug":"rr-pais-dos-municipios-da-macro-roraima-devem-atualizar-caderneta-de-vacinacao-de-criancas-e-adolescentes","status":"publish","type":"post","link":"https:\/\/noticiasregionais.com.br\/?p=11910","title":{"rendered":"RR: pais dos munic\u00edpios da Macro-Roraima devem atualizar caderneta de vacina\u00e7\u00e3o de crian\u00e7as e adolescentes"},"content":{"rendered":"<p>\t\t\t\t\t\t\t\t\t\t<audio controls class=\"b61_audio_player\" data-noticia=\"86515\" src=\"https:\/\/brasil61.com\/rails\/active_storage\/blobs\/eyJfcmFpbHMiOnsibWVzc2FnZSI6IkJBaHBBOWZaQXc9PSIsImV4cCI6bnVsbCwicHVyIjoiYmxvYl9pZCJ9fQ==--c8ac81a0fc20d191f7a4356c6da2e06192ca55c4\/VACI250308A\"><\/audio><\/p>\n<p>Os 15 munic\u00edpios da macrorregi\u00e3o de sa\u00fade Macro-Roraima \u2013 entre eles Boa Vista, Bonfim, Cant\u00e1, Caracara\u00ed e Rorain\u00f3polis \u2013 seguem mobilizados na vacina\u00e7\u00e3o de crian\u00e7as e adolescentes.\u00a0<\/p>\n<p>As coberturas vacinais registradas desde janeiro na macrorregi\u00e3o preocupam. Diversas vacinas, como a de poliomielite e a tr\u00edplice viral, que protege contra o sarampo est\u00e3o abaixo da meta estabelecida pelo Minist\u00e9rio da Sa\u00fade.<\/p>\n<p>Em Boa Vista, a professora Cleide Mayara Mendes, de 37 anos, faz quest\u00e3o em manter as vacinas das tr\u00eas filhas, de 6, 10 e 14 anos, sempre em dia. Moradora de Tr\u00eas de Setembro, ela leva as meninas regularmente \u00e0 Unidade B\u00e1sica de Sa\u00fade do bairro e conta que os vizinhos tamb\u00e9m fazem a sua parte, mantendo a vacina\u00e7\u00e3o das crian\u00e7as atualizada.<\/p>\n<p>\u201cTodas as pessoas que v\u00e3o ao posto \u2018atr\u00e1s\u2019 de vacina sabem que faz bem para a sa\u00fade. E priorizando a sa\u00fade das minhas filhas, eu tamb\u00e9m sempre vacino, estou sempre em dia com o cart\u00e3o de vacina delas.\u201d<\/p>\n<p>Exemplos como o da Cleide ajudam, mas os munic\u00edpios roraimenses ainda enfrentam desafios. Por isso, a Ger\u00eancia do N\u00facleo Estadual do Programa de Imuniza\u00e7\u00f5es tem como prioridade fortalecer a vacina\u00e7\u00e3o e proteger as crian\u00e7as e os adolescentes, atualizando a situa\u00e7\u00e3o vacinal e alcan\u00e7ando a cobertura das vacinas dos primeiros anos de vida, como pentavalente e poliomielite e garantindo as doses de refor\u00e7o que contribuem para uma prote\u00e7\u00e3o mais duradora.<\/p>\n<p>As informa\u00e7\u00f5es s\u00e3o do gerente do n\u00facleo estadual do Programa de Imuniza\u00e7\u00f5es, Vinicius dos Santos Vieira. O gestor refor\u00e7a o chamado aos pais e respons\u00e1veis:<\/p>\n<p>\u201cOrientamos os pais sobre a necessidade de manter todas as vacinas em dia, para prevenir doen\u00e7as imunopreven\u00edveis e garantir a prote\u00e7\u00e3o individual e coletiva.\u201d<\/p>\n<p>As vacinas fazem parte do Calend\u00e1rio Nacional de Vacina\u00e7\u00e3o e est\u00e3o dispon\u00edveis durante todo o ano nas Unidades B\u00e1sicas de Sa\u00fade. N\u00e3o deixe de se proteger e proteger aqueles que voc\u00ea ama!<\/p>\n<p>As vacinas para as crian\u00e7as garantem prote\u00e7\u00e3o contra doen\u00e7as como sarampo, poliomielite, tuberculose, hepatite B, meningites, difteria, t\u00e9tano, coqueluche, HPV, febre amarela e covid-19.<\/p>\n<p>Para os adolescentes menores de 15 anos, o foco \u00e9 atualizar a situa\u00e7\u00e3o vacinal, completando os esquemas em atraso de suas vacinas. . \u00c9 importante lembrar que a vacina de HPV est\u00e1 dispon\u00edvel para jovens de 15 a 19 anos at\u00e9 dezembro deste ano. N\u00e3o perca a oportunidade de mais essa prote\u00e7\u00e3o!<\/p>\n<p>O diretor do Programa Nacional de Imuniza\u00e7\u00f5es, Eder Gatti, ressalta que a vacina\u00e7\u00e3o \u00e9 a melhor medida para manter o pa\u00eds livre das doen\u00e7as j\u00e1 controladas, como poliomielite e sarampo. Fa\u00e7a sua parte!<\/p>\n<p>\u201cTivemos grande \u00eaxito, mas n\u00e3o podemos deixar que essas doen\u00e7as retornem. Ent\u00e3o, \u00e9 muito importante que a popula\u00e7\u00e3o se vacine. As vacinas do SUS [Sistema \u00danico de Sa\u00fade] s\u00e3o seguras e protegem, o que \u00e9 mais importante. Ent\u00e3o, vacinar \u00e9 uma prote\u00e7\u00e3o individual, mas tamb\u00e9m prote\u00e7\u00e3o de toda a comunidade.\u201d<\/p>\n<p>Aten\u00e7\u00e3o, pais e respons\u00e1veis de Roraima! Atualizem a caderneta de vacina\u00e7\u00e3o de crian\u00e7as e adolescentes menores de 15 anos. Procurem uma Unidade B\u00e1sica de Sa\u00fade e mantenham a prote\u00e7\u00e3o em dia.<\/p>\n<p>Saiba mais em gov.br\/vacinacao.<\/p>\n<p>\t\t\t\t\t\t\t\t\t<img decoding=\"async\" src=\"https:\/\/brasil61.com\/api\/v1\/serve_pixel\/22254\/86515\" alt=\"Pixel Brasil 61\" class=\"b61_pixel\" width=\"0\" height=\"0\"><\/p>\n<div class=\"br61_backlink\">\n<p>\n\t\t\t\tFonte: <a href=\"https:\/\/brasil61.com\/rr-pais-dos-municipios-da-macro-roraima-devem-atualizar-caderneta-de-vacinacao-de-criancas-e-adolescentes-vaci250308\" title=\"Artigo Original: RR: pais dos munic\u00edpios da Macro-Roraima devem atualizar caderneta de vacina\u00e7\u00e3o de crian\u00e7as e adolescentes\" target=\"_blank\" rel=\"noopener\">Brasil 61<\/a>\n\t\t\t<\/p>\n<\/p><\/div>\n<input type=\"hidden\" id=\"baseurl\" value=\"https:\/\/noticiasregionais.com.br\"><input type=\"hidden\" id=\"audio_nonce\" value=\"5c13e0637f\">","protected":false},"excerpt":{"rendered":"<p>Pais, m\u00e3es e respons\u00e1veis, procurem as unidades de sa\u00fade mais pr\u00f3ximas e levem as crian\u00e7as e adolescentes para vacina\u00e7\u00e3o <\/p>\n","protected":false},"author":1,"featured_media":11948,"comment_status":"closed","ping_status":"open","sticky":false,"template":"","format":"standard","meta":{"sfsi_plus_gutenberg_text_before_share":"","sfsi_plus_gutenberg_show_text_before_share":"","sfsi_plus_gutenberg_icon_type":"","sfsi_plus_gutenberg_icon_alignemt":"","sfsi_plus_gutenburg_max_per_row":"","footnotes":""},"categories":[8],"tags":[],"class_list":["post-11910","post","type-post","status-publish","format-standard","has-post-thumbnail","hentry","category-brasil"],"_links":{"self":[{"href":"https:\/\/noticiasregionais.com.br\/index.php?rest_route=\/wp\/v2\/posts\/11910","targetHints":{"allow":["GET"]}}],"collection":[{"href":"https:\/\/noticiasregionais.com.br\/index.php?rest_route=\/wp\/v2\/posts"}],"about":[{"href":"https:\/\/noticiasregionais.com.br\/index.php?rest_route=\/wp\/v2\/types\/post"}],"author":[{"embeddable":true,"href":"https:\/\/noticiasregionais.com.br\/index.php?rest_route=\/wp\/v2\/users\/1"}],"replies":[{"embeddable":true,"href":"https:\/\/noticiasregionais.com.br\/index.php?rest_route=%2Fwp%2Fv2%2Fcomments&post=11910"}],"version-history":[{"count":1,"href":"https:\/\/noticiasregionais.com.br\/index.php?rest_route=\/wp\/v2\/posts\/11910\/revisions"}],"predecessor-version":[{"id":11947,"href":"https:\/\/noticiasregionais.com.br\/index.php?rest_route=\/wp\/v2\/posts\/11910\/revisions\/11947"}],"wp:featuredmedia":[{"embeddable":true,"href":"https:\/\/noticiasregionais.com.br\/index.php?rest_route=\/wp\/v2\/media\/11948"}],"wp:attachment":[{"href":"https:\/\/noticiasregionais.com.br\/index.php?rest_route=%2Fwp%2Fv2%2Fmedia&parent=11910"}],"wp:term":[{"taxonomy":"category","embeddable":true,"href":"https:\/\/noticiasregionais.com.br\/index.php?rest_route=%2Fwp%2Fv2%2Fcategories&post=11910"},{"taxonomy":"post_tag","embeddable":true,"href":"https:\/\/noticiasregionais.com.br\/index.php?rest_route=%2Fwp%2Fv2%2Ftags&post=11910"}],"curies":[{"name":"wp","href":"https:\/\/api.w.org\/{rel}","templated":true}]}}