{"id":11912,"date":"2025-12-23T19:10:00","date_gmt":"2025-12-23T22:10:00","guid":{"rendered":"https:\/\/noticiasregionais.com.br\/?p=11912"},"modified":"2025-12-26T21:31:40","modified_gmt":"2025-12-27T00:31:40","slug":"amapa-macrorregiao-unica-de-saude-mantem-mobilizacao-para-aumentar-coberturas-vacinais-de-criancas-e-adolescentes","status":"publish","type":"post","link":"https:\/\/noticiasregionais.com.br\/?p=11912","title":{"rendered":"Amap\u00e1: Macrorregi\u00e3o \u00danica de sa\u00fade mant\u00e9m mobiliza\u00e7\u00e3o para aumentar coberturas vacinais de crian\u00e7as e adolescentes"},"content":{"rendered":"<p>\t\t\t\t\t\t\t\t\t\t<audio controls class=\"b61_audio_player\" data-noticia=\"86532\" src=\"https:\/\/brasil61.com\/rails\/active_storage\/blobs\/eyJfcmFpbHMiOnsibWVzc2FnZSI6IkJBaHBBMS9hQXc9PSIsImV4cCI6bnVsbCwicHVyIjoiYmxvYl9pZCJ9fQ==--b1d227631b0faf03fc11dc83be08f1845d789730\/VACI250313A\"><\/audio><\/p>\n<p>Os 16 munic\u00edpios da macrorregi\u00e3o de sa\u00fade Macro \u00danica do Amap\u00e1 \u2013 entre eles Laranjal do Jari, Macap\u00e1, Oiapoque e Tartarugalzinho \u2013 seguem mobilizados na vacina\u00e7\u00e3o de crian\u00e7as e adolescentes.\u00a0<\/p>\n<p>As coberturas vacinais registradas desde janeiro preocupam. Diversas vacinas, como a de poliomielite e a tr\u00edplice viral, que protege contra o sarampo, est\u00e3o abaixo da meta estabelecida pelo Minist\u00e9rio da Sa\u00fade.<\/p>\n<p>Moradora do bairro Cong\u00f3is, em Macap\u00e1, a gerente de n\u00facleo na Secretaria Estadual de Mobiliza\u00e7\u00e3o e Participa\u00e7\u00e3o Popular, Mara Menescal, de 50 anos, sempre fez quest\u00e3o de manter a fam\u00edlia protegida. M\u00e3e de tr\u00eas filhos e hoje cuidando da neta de 5 anos, ela segue firme: a caderneta de vacina\u00e7\u00e3o da pequena est\u00e1 sempre em dia.<\/p>\n<p>\u201cSempre levei meus filhos para vacinar. Tive 3. E agora tamb\u00e9m levo minha neta \u2013 crio uma netinha de 5 anos \u2013 pela import\u00e2ncia da vacina, para prevenir doen\u00e7as. Quanto mais a gente previne, melhor. Vacina\u00e7\u00e3o \u00e9 importante: \u00e9 sa\u00fade, \u00e9 vida.\u201d<\/p>\n<p>O Amap\u00e1 tem refor\u00e7ado a\u00e7\u00f5es em pontos estrat\u00e9gicos, como shopping centers, escolas e creches, para alcan\u00e7ar quem ainda n\u00e3o se vacinou. A informa\u00e7\u00e3o \u00e9 do Setor de Vigil\u00e2ncia das Doen\u00e7as Imunopreven\u00edveis.<\/p>\n<p>Para ampliar a cobertura vacinal, os profissionais de sa\u00fade tamb\u00e9m orientam pais e respons\u00e1veis durante visitas \u00e0s fam\u00edlias,\u00a0<\/p>\n<p>A enfermeira\u00a0da Unidade de Imunobiol\u00f3gicos do Amap\u00e1, Viviane Ribeiro, refor\u00e7a o chamado para a vacina\u00e7\u00e3o. Ela\u00a0lembra que a cobertura vacinal ainda est\u00e1 abaixo da meta e refor\u00e7a a urg\u00eancia de avan\u00e7ar na testifica\u00e7\u00e3o para melhorar esses \u00edndices.<\/p>\n<p>\u201cAs coberturas vacinais das crian\u00e7as e dos adolescentes precisam melhorar, pois ainda n\u00e3o alcan\u00e7amos as metas preconizadas pelo Minist\u00e9rio da Sa\u00fade e temos tamb\u00e9m como prioridades absolutas o desenvolvimento de testifica\u00e7\u00e3o vacinal para a melhoria das coberturas.\u201d<\/p>\n<p>O esfor\u00e7o \u00e9 para garantir a atualiza\u00e7\u00e3o da caderneta de vacina\u00e7\u00e3o de crian\u00e7as e adolescentes menores de 15 anos.<\/p>\n<p>As vacinas fazem parte do Calend\u00e1rio Nacional de Vacina\u00e7\u00e3o e est\u00e3o dispon\u00edveis durante todo o ano nas Unidades B\u00e1sicas de Sa\u00fade.\u00a0N\u00e3o deixe de se proteger e proteger aqueles que voc\u00ea ama!<\/p>\n<p>As vacinas para as crian\u00e7as garantem prote\u00e7\u00e3o contra doen\u00e7as como sarampo, poliomielite, tuberculose,\u00a0hepatite B, meningites,\u00a0difteria, t\u00e9tano, coqueluche, HPV,\u00a0febre amarela\u00a0e Covid-19.<\/p>\n<p>Para os adolescentes menores de 15 anos, o foco \u00e9 atualizar a situa\u00e7\u00e3o vacinal, completando os esquemas em atraso de suas vacinas. . \u00c9 importante lembrar que a vacina de HPV est\u00e1 dispon\u00edvel para jovens de 15 a 19 anos at\u00e9 dezembro deste ano. N\u00e3o perca a oportunidade de mais essa prote\u00e7\u00e3o!<\/p>\n<p>O diretor do Programa Nacional de Imuniza\u00e7\u00f5es, Eder Gatti, ressalta que a vacina\u00e7\u00e3o \u00e9 a melhor medida para manter o pa\u00eds livre as coberturas vacinais impede o retorno de das doen\u00e7as j\u00e1 controladas, como poliomielite e sarampo. Fa\u00e7a sua parte!<\/p>\n<p>\u201cTivemos grande \u00eaxito, mas n\u00e3o podemos deixar que essas doen\u00e7as retornem. Ent\u00e3o, \u00e9 muito importante que a popula\u00e7\u00e3o se vacine. As vacinas do SUS [Sistema \u00danico de Sa\u00fade] s\u00e3o muito boas, s\u00e3o seguras e protegem, o que \u00e9 mais importante. Ent\u00e3o, vacinar \u00e9 uma prote\u00e7\u00e3o individual, mas tamb\u00e9m prote\u00e7\u00e3o de toda a comunidade.\u201d<\/p>\n<p>Aten\u00e7\u00e3o, pais e respons\u00e1veis do Amap\u00e1! Atualizem a caderneta de vacina\u00e7\u00e3o de crian\u00e7as e adolescentes menores de 15 anos. Procurem uma Unidade B\u00e1sica de Sa\u00fade e mantenham a prote\u00e7\u00e3o em dia.<\/p>\n<p>Saiba mais em <a href=\"https:\/\/www.gov.br\/saude\/pt-br\/campanhas-da-saude\/vacinacao\" target=\"_blank\" rel=\"noopener\">gov.br\/vacinacao<\/a>.<\/p>\n<p>\t\t\t\t\t\t\t\t\t<img decoding=\"async\" src=\"https:\/\/brasil61.com\/api\/v1\/serve_pixel\/22254\/86532\" alt=\"Pixel Brasil 61\" class=\"b61_pixel\" width=\"0\" height=\"0\"><\/p>\n<div class=\"br61_backlink\">\n<p>\n\t\t\t\tFonte: <a href=\"https:\/\/brasil61.com\/amapa-macrorregiao-unica-de-saude-mantem-mobilizacao-para-aumentar-coberturas-vacinais-de-criancas-e-adolescentes-vaci250313\" title=\"Artigo Original: Amap\u00e1: Macrorregi\u00e3o \u00danica de sa\u00fade mant\u00e9m mobiliza\u00e7\u00e3o para aumentar coberturas vacinais de crian\u00e7as e adolescentes\" target=\"_blank\" rel=\"noopener\">Brasil 61<\/a>\n\t\t\t<\/p>\n<\/p><\/div>\n<input type=\"hidden\" id=\"baseurl\" value=\"https:\/\/noticiasregionais.com.br\"><input type=\"hidden\" id=\"audio_nonce\" value=\"5c13e0637f\">","protected":false},"excerpt":{"rendered":"<p>Pais, m\u00e3es e respons\u00e1veis, procurem o posto de vacina\u00e7\u00e3o mais pr\u00f3ximo e vacinem seus filhos<\/p>\n","protected":false},"author":1,"featured_media":11954,"comment_status":"closed","ping_status":"open","sticky":false,"template":"","format":"standard","meta":{"sfsi_plus_gutenberg_text_before_share":"","sfsi_plus_gutenberg_show_text_before_share":"","sfsi_plus_gutenberg_icon_type":"","sfsi_plus_gutenberg_icon_alignemt":"","sfsi_plus_gutenburg_max_per_row":"","footnotes":""},"categories":[8],"tags":[],"class_list":["post-11912","post","type-post","status-publish","format-standard","has-post-thumbnail","hentry","category-brasil"],"_links":{"self":[{"href":"https:\/\/noticiasregionais.com.br\/index.php?rest_route=\/wp\/v2\/posts\/11912","targetHints":{"allow":["GET"]}}],"collection":[{"href":"https:\/\/noticiasregionais.com.br\/index.php?rest_route=\/wp\/v2\/posts"}],"about":[{"href":"https:\/\/noticiasregionais.com.br\/index.php?rest_route=\/wp\/v2\/types\/post"}],"author":[{"embeddable":true,"href":"https:\/\/noticiasregionais.com.br\/index.php?rest_route=\/wp\/v2\/users\/1"}],"replies":[{"embeddable":true,"href":"https:\/\/noticiasregionais.com.br\/index.php?rest_route=%2Fwp%2Fv2%2Fcomments&post=11912"}],"version-history":[{"count":1,"href":"https:\/\/noticiasregionais.com.br\/index.php?rest_route=\/wp\/v2\/posts\/11912\/revisions"}],"predecessor-version":[{"id":11953,"href":"https:\/\/noticiasregionais.com.br\/index.php?rest_route=\/wp\/v2\/posts\/11912\/revisions\/11953"}],"wp:featuredmedia":[{"embeddable":true,"href":"https:\/\/noticiasregionais.com.br\/index.php?rest_route=\/wp\/v2\/media\/11954"}],"wp:attachment":[{"href":"https:\/\/noticiasregionais.com.br\/index.php?rest_route=%2Fwp%2Fv2%2Fmedia&parent=11912"}],"wp:term":[{"taxonomy":"category","embeddable":true,"href":"https:\/\/noticiasregionais.com.br\/index.php?rest_route=%2Fwp%2Fv2%2Fcategories&post=11912"},{"taxonomy":"post_tag","embeddable":true,"href":"https:\/\/noticiasregionais.com.br\/index.php?rest_route=%2Fwp%2Fv2%2Ftags&post=11912"}],"curies":[{"name":"wp","href":"https:\/\/api.w.org\/{rel}","templated":true}]}}