{"id":11914,"date":"2025-12-23T19:10:00","date_gmt":"2025-12-23T22:10:00","guid":{"rendered":"https:\/\/noticiasregionais.com.br\/?p=11914"},"modified":"2025-12-26T21:31:38","modified_gmt":"2025-12-27T00:31:38","slug":"ro-municipios-da-macrorregiao-i-porto-velho-mobilizados-para-elevar-vacinacao-de-criancas-e-adolescentes","status":"publish","type":"post","link":"https:\/\/noticiasregionais.com.br\/?p=11914","title":{"rendered":"RO: munic\u00edpios da Macrorregi\u00e3o I Porto Velho mobilizados para elevar vacina\u00e7\u00e3o de crian\u00e7as e adolescentes"},"content":{"rendered":"<p>\t\t\t\t\t\t\t\t\t\t<audio controls class=\"b61_audio_player\" data-noticia=\"86531\" src=\"https:\/\/brasil61.com\/rails\/active_storage\/blobs\/eyJfcmFpbHMiOnsibWVzc2FnZSI6IkJBaHBBMkRhQXc9PSIsImV4cCI6bnVsbCwicHVyIjoiYmxvYl9pZCJ9fQ==--efb2c492d77daff29d690ea9243274a1326f7823\/VACI250312A\"><\/audio><\/p>\n<p>Os 18 munic\u00edpios da Macrorregi\u00e3o I de Porto Velho \u2013 entre eles Ariquemes, Guajar\u00e1-Mirim e Porto Velho \u2013 seguem mobilizados na vacina\u00e7\u00e3o de crian\u00e7as e adolescentes.<\/p>\n<p>As coberturas vacinais registradas desde janeiro preocupam. Diversas vacinas, como a de poliomielite e a tr\u00edplice viral, que protege contra o sarampo, est\u00e3o abaixo da meta estabelecida pelo Minist\u00e9rio da Sa\u00fade.<\/p>\n<p>A assistente administrativa Maria Samara F\u00e9lix da Silva, de 32 anos, sabe que a vacina\u00e7\u00e3o \u00e9 importante para o filho \u2013 um beb\u00ea de nove meses. Para moradora da Vila Adenite, em Porto Velho, proteger a sa\u00fade o pequeno \u00e9 um dever:\u00a0<\/p>\n<p>\u201cAcredito que vacinas salvam vidas sim, porque foram criadas para reconhecer o sistema imunol\u00f3gico, e para combater um v\u00edrus, uma bact\u00e9ria; e tamb\u00e9m temos que acreditar na sa\u00fade p\u00fablica, porque existem muitos estudos, pesquisas para cada vacina. E isso \u00e9 importante para que as nossas crian\u00e7as ganhem [refor\u00e7o] esse sistema imunol\u00f3gico.\u201d\u00a0<\/p>\n<p>Para refor\u00e7ar a cobertura vacinal, uma das principais iniciativas do estado e\u0301 a campanha &#8220;Vacinac\u0327a\u0303o Sem Fronteira&#8221;. A estrat\u00e9gia da Age\u0302ncia Estadual de Vigila\u0302ncia em Sau\u0301de, a Agevisa, \u00e9 levar equipes volantes a a\u0301reas de dif\u00edcil acesso, como comunidades rurais e ribeirinhas.\u00a0<\/p>\n<p>Segundo o chefe de N\u00facleo da Agevisa, Ivo da Silva Rodrigues, o sarampo \u00e9 um risco real e \u00e9 atualmente a maior preocupac\u0327a\u0303o local.\u00a0<\/p>\n<p>Diante disso, Rodrigues, ao refor\u00e7ar a import\u00e2ncia da vacina\u00e7\u00e3o,\u00a0destaca as prioridades para os pr\u00f3ximos meses:<\/p>\n<p>\u201cAs prioridades estabelecidas para os pr\u00f3ximos meses concentram-se em dois eixos principais. Primeiro, consolidar os avan\u00e7os j\u00e1 alcan\u00e7ados, garantir a manuten\u00e7\u00e3o dos \u00edndices de cobertura vacinal. Segundo, intensificar a busca ativa por crian\u00e7as n\u00e3o vacinadas por meio da implementa\u00e7\u00e3o de estrat\u00e9gias de microplanejamento ajustadas \u00e0s especificidades de cada munic\u00edpio e comunidade.\u201d<\/p>\n<p>O esfor\u00e7o \u00e9 para garantir a atualiza\u00e7\u00e3o da caderneta de vacina\u00e7\u00e3o de crian\u00e7as e adolescentes menores de 15 anos. As vacinas fazem parte do Calend\u00e1rio Nacional de Vacina\u00e7\u00e3o e est\u00e3o dispon\u00edveis durante todo o ano nas Unidades B\u00e1sicas de Sa\u00fade.\u00a0N\u00e3o deixe de se proteger e proteger aqueles que voc\u00ea ama!<\/p>\n<p>As vacinas para as crian\u00e7as garantem prote\u00e7\u00e3o contra doen\u00e7as como sarampo, poliomielite, tuberculose,\u00a0hepatite B, meningites,\u00a0difteria, t\u00e9tano, coqueluche, HPV,\u00a0febre amarela\u00a0e Covid-19.<\/p>\n<p>Para os adolescentes menores de 15 anos, o foco \u00e9 atualizar a situa\u00e7\u00e3o vacinal, completando os esquemas em atraso de suas vacinas. . \u00c9 importante lembrar que a vacina de HPV est\u00e1 dispon\u00edvel para jovens de 15 a 19 anos at\u00e9 dezembro deste ano. N\u00e3o perca a oportunidade de mais essa prote\u00e7\u00e3o!<\/p>\n<p>O diretor do Programa Nacional de Imuniza\u00e7\u00f5es, Eder Gatti, ressalta que a vacina\u00e7\u00e3o \u00e9 a melhor medida para manter o pa\u00eds livre as coberturas vacinais impede o retorno de das doen\u00e7as j\u00e1 controladas, como poliomielite e sarampo. Fa\u00e7a sua parte!<\/p>\n<p>\u201cTivemos grande \u00eaxito, mas n\u00e3o podemos deixar que essas doen\u00e7as retornem. Ent\u00e3o, \u00e9 muito importante que a popula\u00e7\u00e3o se vacine. As vacinas do SUS [Sistema \u00danico de Sa\u00fade] s\u00e3o muito boas, s\u00e3o seguras e protegem, o que \u00e9 mais importante. Ent\u00e3o, vacinar \u00e9 uma prote\u00e7\u00e3o individual, mas tamb\u00e9m prote\u00e7\u00e3o de toda a comunidade.\u201d<\/p>\n<p>Aten\u00e7\u00e3o, pais e respons\u00e1veis de Rond\u00f4nia! Atualizem a caderneta de vacina\u00e7\u00e3o de crian\u00e7as e adolescentes menores de 15 anos. Procurem uma Unidade B\u00e1sica de Sa\u00fade e mantenham a prote\u00e7\u00e3o em dia.<\/p>\n<p>Saiba mais em gov.br\/vacinacao.<\/p>\n<p>\t\t\t\t\t\t\t\t\t<img decoding=\"async\" src=\"https:\/\/brasil61.com\/api\/v1\/serve_pixel\/22254\/86531\" alt=\"Pixel Brasil 61\" class=\"b61_pixel\" width=\"0\" height=\"0\"><\/p>\n<div class=\"br61_backlink\">\n<p>\n\t\t\t\tFonte: <a href=\"https:\/\/brasil61.com\/ro-municipios-da-macrorregiao-i-porto-velho-mobilizados-para-elevar-vacinacao-de-criancas-e-adolescentes-vaci250312\" title=\"Artigo Original: RO: munic\u00edpios da Macrorregi\u00e3o I Porto Velho mobilizados para elevar vacina\u00e7\u00e3o de crian\u00e7as e adolescentes \" target=\"_blank\" rel=\"noopener\">Brasil 61<\/a>\n\t\t\t<\/p>\n<\/p><\/div>\n<input type=\"hidden\" id=\"baseurl\" value=\"https:\/\/noticiasregionais.com.br\"><input type=\"hidden\" id=\"audio_nonce\" value=\"5c13e0637f\">","protected":false},"excerpt":{"rendered":"<p>Pais, m\u00e3es e respons\u00e1veis, mantenham o cart\u00e3o de vacina\u00e7\u00e3o das crian\u00e7as e adolescentes em dia<\/p>\n","protected":false},"author":1,"featured_media":11952,"comment_status":"closed","ping_status":"open","sticky":false,"template":"","format":"standard","meta":{"sfsi_plus_gutenberg_text_before_share":"","sfsi_plus_gutenberg_show_text_before_share":"","sfsi_plus_gutenberg_icon_type":"","sfsi_plus_gutenberg_icon_alignemt":"","sfsi_plus_gutenburg_max_per_row":"","footnotes":""},"categories":[8],"tags":[],"class_list":["post-11914","post","type-post","status-publish","format-standard","has-post-thumbnail","hentry","category-brasil"],"_links":{"self":[{"href":"https:\/\/noticiasregionais.com.br\/index.php?rest_route=\/wp\/v2\/posts\/11914","targetHints":{"allow":["GET"]}}],"collection":[{"href":"https:\/\/noticiasregionais.com.br\/index.php?rest_route=\/wp\/v2\/posts"}],"about":[{"href":"https:\/\/noticiasregionais.com.br\/index.php?rest_route=\/wp\/v2\/types\/post"}],"author":[{"embeddable":true,"href":"https:\/\/noticiasregionais.com.br\/index.php?rest_route=\/wp\/v2\/users\/1"}],"replies":[{"embeddable":true,"href":"https:\/\/noticiasregionais.com.br\/index.php?rest_route=%2Fwp%2Fv2%2Fcomments&post=11914"}],"version-history":[{"count":1,"href":"https:\/\/noticiasregionais.com.br\/index.php?rest_route=\/wp\/v2\/posts\/11914\/revisions"}],"predecessor-version":[{"id":11951,"href":"https:\/\/noticiasregionais.com.br\/index.php?rest_route=\/wp\/v2\/posts\/11914\/revisions\/11951"}],"wp:featuredmedia":[{"embeddable":true,"href":"https:\/\/noticiasregionais.com.br\/index.php?rest_route=\/wp\/v2\/media\/11952"}],"wp:attachment":[{"href":"https:\/\/noticiasregionais.com.br\/index.php?rest_route=%2Fwp%2Fv2%2Fmedia&parent=11914"}],"wp:term":[{"taxonomy":"category","embeddable":true,"href":"https:\/\/noticiasregionais.com.br\/index.php?rest_route=%2Fwp%2Fv2%2Fcategories&post=11914"},{"taxonomy":"post_tag","embeddable":true,"href":"https:\/\/noticiasregionais.com.br\/index.php?rest_route=%2Fwp%2Fv2%2Ftags&post=11914"}],"curies":[{"name":"wp","href":"https:\/\/api.w.org\/{rel}","templated":true}]}}