{"id":11917,"date":"2025-12-24T04:00:00","date_gmt":"2025-12-24T07:00:00","guid":{"rendered":"https:\/\/noticiasregionais.com.br\/?p=11917"},"modified":"2025-12-24T04:00:00","modified_gmt":"2025-12-24T07:00:00","slug":"soja-e-trigo-hoje-confira-as-cotacoes-para-esta-quarta-feira-24","status":"publish","type":"post","link":"https:\/\/noticiasregionais.com.br\/?p=11917","title":{"rendered":"Soja e trigo hoje: confira as cota\u00e7\u00f5es para esta\u00a0quarta-feira (24)"},"content":{"rendered":"<p>\t\t\t\t\t\t\t\t\t\t\t<audio controls class=\"b61_audio_player\" data-noticia=\"86659\" src=\"https:\/\/brasil61.com\/rails\/active_storage\/blobs\/eyJfcmFpbHMiOnsibWVzc2FnZSI6IkJBaHBBL3ZhQXc9PSIsImV4cCI6bnVsbCwicHVyIjoiYmxvYl9pZCJ9fQ==--ba1496693b271793006086a3e9f96bec1b3a3ba8\/PAGR256010A\"><\/audio><\/p>\n<p>O valor da saca de 60 kg da <strong>soja <\/strong>abre esta\u00a0<strong>quarta-feira (24)\u00a0<\/strong>em <strong>alta<\/strong>\u00a0no interior do Paran\u00e1 e em <strong>estabilidade<\/strong>\u00a0no litoral do estado, em Paranagu\u00e1.\u00a0<\/p>\n<p>Na primeira regi\u00e3o, o gr\u00e3o teve <strong>valoriza\u00e7\u00e3o de 0,03%<\/strong> e \u00e9 negociado a <strong>R$ 136,20<\/strong>; na segunda, a mercadoria \u00e9 cotada a <strong>R$ 142,67<\/strong>.<\/p>\n<p><strong>INDICADOR DA SOJA CEPEA\/ESALQ &#8211; PARAN\u00c1<\/strong><\/p>\n<\/p>\n<\/p>\n<\/p>\n<\/p>\n<\/p>\n<\/p>\n<\/p>\n<\/p>\n<table id=\"imagenet-indicador2\">\n<thead>\n<tr>\n<th>DATA<\/th>\n<th>VALOR R$*<\/th>\n<th>VAR.\/DIA<\/th>\n<th>VAR.\/M\u00caS<\/th>\n<th>VALOR US$*<\/th>\n<\/tr>\n<\/thead>\n<tbody>\n<tr>\n<td>23\/12\/2025<\/td>\n<td>136,20<\/td>\n<td>0,03%<\/td>\n<td>0,10%<\/td>\n<td>24,59<\/td>\n<\/tr>\n<tr>\n<td>22\/12\/2025<\/td>\n<td>136,16<\/td>\n<td>0,04%<\/td>\n<td>0,07%<\/td>\n<td>24,39<\/td>\n<\/tr>\n<tr>\n<td>19\/12\/2025<\/td>\n<td>136,10<\/td>\n<td>-0,10%<\/td>\n<td>0,02%<\/td>\n<td>24,62<\/td>\n<\/tr>\n<tr>\n<td>18\/12\/2025<\/td>\n<td>136,24<\/td>\n<td>0,26%<\/td>\n<td>0,12%<\/td>\n<td>24,68<\/td>\n<\/tr>\n<tr>\n<td>17\/12\/2025<\/td>\n<td>135,88<\/td>\n<td>0,99%<\/td>\n<td>-0,14%<\/td>\n<td>24,61<\/td>\n<\/tr>\n<\/tbody>\n<\/table>\n<p>\u00a0<\/p>\n<p><strong>INDICADOR DA SOJA CEPEA\/ESALQ &#8211; PARANAGU\u00c1<\/strong><\/p>\n<\/p>\n<\/p>\n<\/p>\n<\/p>\n<\/p>\n<\/p>\n<\/p>\n<\/p>\n<table id=\"imagenet-indicador1\">\n<thead>\n<tr>\n<th>DATA<\/th>\n<th>VALOR R$*<\/th>\n<th>VAR.\/DIA<\/th>\n<th>VAR.\/M\u00caS<\/th>\n<th>VALOR US$*<\/th>\n<\/tr>\n<\/thead>\n<tbody>\n<tr>\n<td>23\/12\/2025<\/td>\n<td>142,67<\/td>\n<td>0,00%<\/td>\n<td>0,51%<\/td>\n<td>25,76<\/td>\n<\/tr>\n<tr>\n<td>22\/12\/2025<\/td>\n<td>142,67<\/td>\n<td>-0,19%<\/td>\n<td>0,51%<\/td>\n<td>25,56<\/td>\n<\/tr>\n<tr>\n<td>19\/12\/2025<\/td>\n<td>142,94<\/td>\n<td>0,30%<\/td>\n<td>0,70%<\/td>\n<td>25,85<\/td>\n<\/tr>\n<tr>\n<td>18\/12\/2025<\/td>\n<td>142,51<\/td>\n<td>0,49%<\/td>\n<td>0,40%<\/td>\n<td>25,81<\/td>\n<\/tr>\n<tr>\n<td>17\/12\/2025<\/td>\n<td>141,82<\/td>\n<td>1,07%<\/td>\n<td>-0,08%<\/td>\n<td>25,68<\/td>\n<\/tr>\n<\/tbody>\n<\/table>\n<p>\u00a0<\/p>\n<h2>Trigo<\/h2>\n<p>O pre\u00e7o do <strong>trigo<\/strong>, por sua vez, registra <strong>desvaloriza\u00e7\u00e3o de 0,02% no Paran\u00e1 <\/strong>e <strong>estabilidade\u00a0no Rio Grande do Sul<\/strong>.<strong>\u00a0<\/strong>No primeiro estado, a tonelada\u00a0\u00e9 vendida a<strong> R$ 1.182,07<\/strong>, enquanto no segundo\u00a0\u00e9 comercializada a<strong> R$ 1.046,01<\/strong>.<\/p>\n<p><strong>PRE\u00c7O M\u00c9DIO DO TRIGO CEPEA\/ESALQ &#8211; PARAN\u00c1<\/strong><\/p>\n<\/p>\n<\/p>\n<\/p>\n<\/p>\n<\/p>\n<\/p>\n<\/p>\n<\/p>\n<table id=\"imagenet-indicador1\">\n<thead>\n<tr>\n<th>DATA<\/th>\n<th>VALOR R$\/T*<\/th>\n<th>VAR.\/DIA<\/th>\n<th>VAR.\/M\u00caS<\/th>\n<th>VALOR US$\/T*<\/th>\n<\/tr>\n<\/thead>\n<tbody>\n<tr>\n<td>23\/12\/2025<\/td>\n<td>1.182,07<\/td>\n<td>-0,02%<\/td>\n<td>-1,01%<\/td>\n<td>213,45<\/td>\n<\/tr>\n<tr>\n<td>22\/12\/2025<\/td>\n<td>1.182,32<\/td>\n<td>0,00%<\/td>\n<td>-0,99%<\/td>\n<td>211,81<\/td>\n<\/tr>\n<tr>\n<td>19\/12\/2025<\/td>\n<td>1.182,32<\/td>\n<td>-0,18%<\/td>\n<td>-0,99%<\/td>\n<td>213,84<\/td>\n<\/tr>\n<tr>\n<td>18\/12\/2025<\/td>\n<td>1.184,42<\/td>\n<td>0,21%<\/td>\n<td>-0,81%<\/td>\n<td>214,53<\/td>\n<\/tr>\n<tr>\n<td>17\/12\/2025<\/td>\n<td>1.181,88<\/td>\n<td>-0,23%<\/td>\n<td>-1,03%<\/td>\n<td>214,03<\/td>\n<\/tr>\n<\/tbody>\n<\/table>\n<p><strong>PRE\u00c7O M\u00c9DIO DO TRIGO CEPEA\/ESALQ &#8211; RIO GRANDE DO SUL<\/strong><\/p>\n<\/p>\n<\/p>\n<\/p>\n<\/p>\n<\/p>\n<\/p>\n<\/p>\n<\/p>\n<table id=\"imagenet-indicador2\">\n<thead>\n<tr>\n<th>DATA<\/th>\n<th>VALOR R$\/T*<\/th>\n<th>VAR.\/DIA<\/th>\n<th>VAR.\/M\u00caS<\/th>\n<th>VALOR US$\/T*<\/th>\n<\/tr>\n<\/thead>\n<tbody>\n<tr>\n<td>23\/12\/2025<\/td>\n<td>1.046,01<\/td>\n<td>0,00%<\/td>\n<td>1,44%<\/td>\n<td>188,88<\/td>\n<\/tr>\n<tr>\n<td>22\/12\/2025<\/td>\n<td>1.046,01<\/td>\n<td>0,40%<\/td>\n<td>1,44%<\/td>\n<td>187,39<\/td>\n<\/tr>\n<tr>\n<td>19\/12\/2025<\/td>\n<td>1.041,80<\/td>\n<td>1,19%<\/td>\n<td>1,03%<\/td>\n<td>188,42<\/td>\n<\/tr>\n<tr>\n<td>18\/12\/2025<\/td>\n<td>1.029,54<\/td>\n<td>-0,45%<\/td>\n<td>-0,16%<\/td>\n<td>186,48<\/td>\n<\/tr>\n<tr>\n<td>17\/12\/2025<\/td>\n<td>1.034,15<\/td>\n<td>-0,11%<\/td>\n<td>0,29%<\/td>\n<td>187,28<\/td>\n<\/tr>\n<\/tbody>\n<\/table>\n<p>Os valores s\u00e3o do <a href=\"http:\/\/www.cepea.org.br\" target=\"_blank\" rel=\"noopener\">Cepea<\/a>.<\/p>\n<p>\u00a0<\/p>\n<h2>O que \u00e9 uma saca de soja ou de trigo? Entenda a unidade de medida no mercado de gr\u00e3os<\/h2>\n<p>A saca de soja e a saca de trigo s\u00e3o as principais unidades de comercializa\u00e7\u00e3o de gr\u00e3os no Brasil. Cada saca equivale a 60 quilos, padr\u00e3o adotado por \u00f3rg\u00e3os oficiais como a <strong>Companhia Nacional de Abastecimento (<a href=\"https:\/\/www.gov.br\/conab\/pt-br\" target=\"_blank\" rel=\"noopener\">Conab<\/a>)<\/strong>, o<strong> Minist\u00e9rio da Agricultura (<a href=\"http:\/\/www.gov.br\/agricultura\/pt-br\" target=\"_blank\" rel=\"noopener\">MAPA<\/a>)<\/strong> e o<strong> Centro de Estudos Avan\u00e7ados em Economia Aplicada (<a href=\"http:\/\/www.cepea.org.br\" target=\"_blank\" rel=\"noopener\">Cepea<\/a>)<\/strong>.<\/p>\n<p>Esse formato padronizado facilita o com\u00e9rcio da soja e do trigo, al\u00e9m de permitir um acompanhamento mais preciso das cota\u00e7\u00f5es e varia\u00e7\u00f5es de pre\u00e7os no mercado nacional.<\/p>\n<p>\t\t\t\t\t\t\t\t\t\t<img decoding=\"async\" src=\"https:\/\/brasil61.com\/api\/v1\/serve_pixel\/22254\/86659\" alt=\"Pixel Brasil 61\" class=\"b61_pixel\" width=\"0\" height=\"0\"><\/p>\n<div class=\"br61_backlink\">\n<p>\n\t\t\t\tFonte: <a href=\"https:\/\/brasil61.com\/soja-e-trigo-hoje-confira-as-cotacoes-para-esta-quarta-feira-24-pagr256010\" title=\"Artigo Original: Soja e trigo hoje: confira as cota\u00e7\u00f5es para esta\u00a0quarta-feira (24)\" target=\"_blank\" rel=\"noopener\">Brasil 61<\/a>\n\t\t\t<\/p>\n<\/p><\/div>\n<input type=\"hidden\" id=\"baseurl\" value=\"https:\/\/noticiasregionais.com.br\"><input type=\"hidden\" id=\"audio_nonce\" value=\"296231ceac\">","protected":false},"excerpt":{"rendered":"<p>A soja apresenta alta no Paran\u00e1 e estabilidade em Paranagu\u00e1; o trigo sofre reajustes<\/p>\n","protected":false},"author":1,"featured_media":11918,"comment_status":"","ping_status":"open","sticky":false,"template":"","format":"standard","meta":{"sfsi_plus_gutenberg_text_before_share":"","sfsi_plus_gutenberg_show_text_before_share":"","sfsi_plus_gutenberg_icon_type":"","sfsi_plus_gutenberg_icon_alignemt":"","sfsi_plus_gutenburg_max_per_row":"","footnotes":""},"categories":[8],"tags":[],"class_list":["post-11917","post","type-post","status-publish","format-standard","has-post-thumbnail","hentry","category-brasil"],"_links":{"self":[{"href":"https:\/\/noticiasregionais.com.br\/index.php?rest_route=\/wp\/v2\/posts\/11917","targetHints":{"allow":["GET"]}}],"collection":[{"href":"https:\/\/noticiasregionais.com.br\/index.php?rest_route=\/wp\/v2\/posts"}],"about":[{"href":"https:\/\/noticiasregionais.com.br\/index.php?rest_route=\/wp\/v2\/types\/post"}],"author":[{"embeddable":true,"href":"https:\/\/noticiasregionais.com.br\/index.php?rest_route=\/wp\/v2\/users\/1"}],"replies":[{"embeddable":true,"href":"https:\/\/noticiasregionais.com.br\/index.php?rest_route=%2Fwp%2Fv2%2Fcomments&post=11917"}],"version-history":[{"count":0,"href":"https:\/\/noticiasregionais.com.br\/index.php?rest_route=\/wp\/v2\/posts\/11917\/revisions"}],"wp:featuredmedia":[{"embeddable":true,"href":"https:\/\/noticiasregionais.com.br\/index.php?rest_route=\/wp\/v2\/media\/11918"}],"wp:attachment":[{"href":"https:\/\/noticiasregionais.com.br\/index.php?rest_route=%2Fwp%2Fv2%2Fmedia&parent=11917"}],"wp:term":[{"taxonomy":"category","embeddable":true,"href":"https:\/\/noticiasregionais.com.br\/index.php?rest_route=%2Fwp%2Fv2%2Fcategories&post=11917"},{"taxonomy":"post_tag","embeddable":true,"href":"https:\/\/noticiasregionais.com.br\/index.php?rest_route=%2Fwp%2Fv2%2Ftags&post=11917"}],"curies":[{"name":"wp","href":"https:\/\/api.w.org\/{rel}","templated":true}]}}