{"id":11923,"date":"2025-12-24T04:30:00","date_gmt":"2025-12-24T07:30:00","guid":{"rendered":"https:\/\/noticiasregionais.com.br\/?p=11923"},"modified":"2025-12-24T04:30:00","modified_gmt":"2025-12-24T07:30:00","slug":"nova-ponte-entre-maranhao-e-tocantins-e-inaugurada-um-ano-apos-colapso","status":"publish","type":"post","link":"https:\/\/noticiasregionais.com.br\/?p=11923","title":{"rendered":"Nova ponte entre Maranh\u00e3o e Tocantins \u00e9 inaugurada um ano ap\u00f3s colapso"},"content":{"rendered":"<p>\t\t\t\t\t\t\t\t\t\t\t<audio controls class=\"b61_audio_player\" data-noticia=\"86647\" src=\"https:\/\/brasil61.com\/rails\/active_storage\/blobs\/eyJfcmFpbHMiOnsibWVzc2FnZSI6IkJBaHBBK25hQXc9PSIsImV4cCI6bnVsbCwicHVyIjoiYmxvYl9pZCJ9fQ==--f6d061dccf11ff4f80ad529c57b07aa14849d16d\/BRAS2515402A\"><\/audio><\/p>\n<p>Um ano ap\u00f3s o <strong>colapso da ponte Juscelino Kubitschek de Oliveira<\/strong>, a <strong>nova estrutura<\/strong> que liga os estados do Maranh\u00e3o e Tocantins foi <strong>inaugurada<\/strong> na segunda-feira (22). A ponte, que cruza o Rio Tocantins na altura dos munic\u00edpios de Estreito (<a href=\"https:\/\/www.ma.gov.br\/\" target=\"_blank\" rel=\"noopener\">MA<\/a>) e Aguiarn\u00f3polis (<a href=\"https:\/\/www.to.gov.br\/\" target=\"_blank\" rel=\"noopener\">TO<\/a>), <strong>restabelece o tr\u00e1fego na BR-226<\/strong>, rota estrat\u00e9gica para o transporte de pessoas e mercadorias entre as regi\u00f5es Norte e Nordeste do pa\u00eds.<\/p>\n<p>A obra foi executada pelo Departamento Nacional de Infraestrutura de Transportes (<a href=\"https:\/\/www.gov.br\/dnit\/pt-br\" target=\"_blank\" rel=\"noopener\">DNIT<\/a>) e recebeu<strong> investimento de R$ 171,97 milh\u00f5es<\/strong>. Com 630 metros de extens\u00e3o, 19 metros de largura e v\u00e3o central de 154 metros de comprimento, a estrutura disp\u00f5e de:<\/p>\n<ul>\n<li>duas faixas de rolamento de 3,6 metros;<\/li>\n<li>dois acostamentos de tr\u00eas metros;<\/li>\n<li>barreiras de prote\u00e7\u00e3o; e<\/li>\n<li>passagem para pedestres.<\/li>\n<\/ul>\n<p>Para <strong>garantir a seguran\u00e7a do tr\u00e1fego<\/strong>, no fim de semana anterior \u00e0 inaugura\u00e7\u00e3o, <strong>foram realizados<\/strong> cerca de 20 horas de <strong>testes estruturais<\/strong>, segundo F\u00e1bio Nunes, diretor de Infraestrutura Rodovi\u00e1ria do DNIT.<\/p>\n<h2>Colapso<\/h2>\n<p>Constru\u00edda na d\u00e9cada de 1960, a <strong>antiga ponte apresentava problemas estruturais<\/strong> mesmo ap\u00f3s reparos realizados em 2021. Em 22 de dezembro de 2024, o <strong>v\u00e3o central cedeu e provocou o colapso da estrutura<\/strong>. Pelo menos 14 pessoas morreram.<\/p>\n<p>O desabamento causou uma <strong>crise log\u00edstica<\/strong> na regi\u00e3o. Caminhoneiros passaram a utilizar rotas alternativas, enquanto a travessia do Rio Tocantins passou a ser feita por balsas. Diversas cidades enfrentaram impactos na infraestrutura urbana. Desde ent\u00e3o, o DNIT tem atuado na recupera\u00e7\u00e3o das vias afetadas e na reconstru\u00e7\u00e3o da ponte.<\/p>\n<h2>Escoamento da produ\u00e7\u00e3o agr\u00edcola<\/h2>\n<p>De acordo com o <a href=\"https:\/\/www.gov.br\/secom\/pt-br\/assuntos\/noticias\/2025\/12\/governo-do-brasil-entrega-em-tempo-recorde-ponte-que-reconecta-maranhao-e-tocantins\" target=\"_blank\" rel=\"noopener\">Governo Federal<\/a>, a ponte representa uma<strong> rota estrat\u00e9gica para o escoamento da produ\u00e7\u00e3o agr\u00edcola e industrial<\/strong>. A estrutura refor\u00e7a o eixo rodovi\u00e1rio que conecta o Matopiba, fronteira agr\u00edcola formada por \u00e1reas do Maranh\u00e3o, Tocantins, Piau\u00ed e Bahia.<\/p>\n<p>Segundo o Minist\u00e9rio da Agricultura e Pecu\u00e1ria (<a href=\"https:\/\/www.gov.br\/agricultura\/pt-br\" target=\"_blank\" rel=\"noopener\">Mapa<\/a>), a regi\u00e3o concentra cerca de <strong>19% da produ\u00e7\u00e3o nacional de soja<\/strong>. Entre as safras de 2013\/2014 e 2022\/2023, a colheita de gr\u00e3os no Matopiba avan\u00e7ou de 18 para 35 milh\u00f5es de toneladas, um crescimento de 93%.<\/p>\n<p><b>VEJA MAIS:<\/b><\/p>\n<p><a href=\"https:\/\/brasil61.com\/n\/reconstrucao-da-ponte-juscelino-kubitschek-de-oliveira-trafego-pode-ser-liberado-ate-o-fim-de-dezembro-diz-dnit-bras2515213\" target=\"_blank\" rel=\"noopener\">Reconstru\u00e7\u00e3o da Ponte Juscelino Kubitschek de Oliveira vai normalizar rotas agr\u00edcolas e reduzir valor do frete, projeta Aprosoja<\/a><\/p>\n<p><a href=\"https:\/\/brasil61.com\/n\/queda-da-ponte-juscelino-kubitschek-de-oliveira-na-divisa-entre-to-e-ma-pode-nao-se-tornar-caso-isolado-bras2413231\" target=\"_blank\" rel=\"noopener\">Queda da ponte Juscelino Kubitschek de Oliveira, entre TO e MA, pode n\u00e3o se tornar caso isolado<\/a><\/p>\n<p>\t\t\t\t\t\t\t\t\t\t<img decoding=\"async\" src=\"https:\/\/brasil61.com\/api\/v1\/serve_pixel\/22254\/86647\" alt=\"Pixel Brasil 61\" class=\"b61_pixel\" width=\"0\" height=\"0\"><\/p>\n<div class=\"br61_backlink\">\n<p>\n\t\t\t\tFonte: <a href=\"https:\/\/brasil61.com\/nova-ponte-entre-maranhao-e-tocantins-e-inaugurada-um-ano-apos-colapso-bras2515402\" title=\"Artigo Original: Nova ponte entre Maranh\u00e3o e Tocantins \u00e9 inaugurada um ano ap\u00f3s colapso\" target=\"_blank\" rel=\"noopener\">Brasil 61<\/a>\n\t\t\t<\/p>\n<\/p><\/div>\n<input type=\"hidden\" id=\"baseurl\" value=\"https:\/\/noticiasregionais.com.br\"><input type=\"hidden\" id=\"audio_nonce\" value=\"296231ceac\">","protected":false},"excerpt":{"rendered":"<p>Estrutura restabelece o tr\u00e1fego na BR-226, rota estrat\u00e9gica para o transporte de pessoas e mercadorias<\/p>\n","protected":false},"author":1,"featured_media":11924,"comment_status":"","ping_status":"open","sticky":false,"template":"","format":"standard","meta":{"sfsi_plus_gutenberg_text_before_share":"","sfsi_plus_gutenberg_show_text_before_share":"","sfsi_plus_gutenberg_icon_type":"","sfsi_plus_gutenberg_icon_alignemt":"","sfsi_plus_gutenburg_max_per_row":"","footnotes":""},"categories":[8],"tags":[],"class_list":["post-11923","post","type-post","status-publish","format-standard","has-post-thumbnail","hentry","category-brasil"],"_links":{"self":[{"href":"https:\/\/noticiasregionais.com.br\/index.php?rest_route=\/wp\/v2\/posts\/11923","targetHints":{"allow":["GET"]}}],"collection":[{"href":"https:\/\/noticiasregionais.com.br\/index.php?rest_route=\/wp\/v2\/posts"}],"about":[{"href":"https:\/\/noticiasregionais.com.br\/index.php?rest_route=\/wp\/v2\/types\/post"}],"author":[{"embeddable":true,"href":"https:\/\/noticiasregionais.com.br\/index.php?rest_route=\/wp\/v2\/users\/1"}],"replies":[{"embeddable":true,"href":"https:\/\/noticiasregionais.com.br\/index.php?rest_route=%2Fwp%2Fv2%2Fcomments&post=11923"}],"version-history":[{"count":0,"href":"https:\/\/noticiasregionais.com.br\/index.php?rest_route=\/wp\/v2\/posts\/11923\/revisions"}],"wp:featuredmedia":[{"embeddable":true,"href":"https:\/\/noticiasregionais.com.br\/index.php?rest_route=\/wp\/v2\/media\/11924"}],"wp:attachment":[{"href":"https:\/\/noticiasregionais.com.br\/index.php?rest_route=%2Fwp%2Fv2%2Fmedia&parent=11923"}],"wp:term":[{"taxonomy":"category","embeddable":true,"href":"https:\/\/noticiasregionais.com.br\/index.php?rest_route=%2Fwp%2Fv2%2Fcategories&post=11923"},{"taxonomy":"post_tag","embeddable":true,"href":"https:\/\/noticiasregionais.com.br\/index.php?rest_route=%2Fwp%2Fv2%2Ftags&post=11923"}],"curies":[{"name":"wp","href":"https:\/\/api.w.org\/{rel}","templated":true}]}}