{"id":11925,"date":"2025-12-24T11:10:00","date_gmt":"2025-12-24T14:10:00","guid":{"rendered":"https:\/\/noticiasregionais.com.br\/?p=11925"},"modified":"2025-12-26T22:01:36","modified_gmt":"2025-12-27T01:01:36","slug":"centro-amazonense-pais-devem-atualizar-caderneta-de-vacinacao-de-criancas-e-adolescentes","status":"publish","type":"post","link":"https:\/\/noticiasregionais.com.br\/?p=11925","title":{"rendered":"Centro amazonense: pais devem atualizar caderneta de vacina\u00e7\u00e3o de crian\u00e7as e adolescentes"},"content":{"rendered":"<p>\t\t\t\t\t\t\t\t\t\t<audio controls class=\"b61_audio_player\" data-noticia=\"86480\" src=\"https:\/\/brasil61.com\/rails\/active_storage\/blobs\/eyJfcmFpbHMiOnsibWVzc2FnZSI6IkJBaHBBeXpiQXc9PSIsImV4cCI6bnVsbCwicHVyIjoiYmxvYl9pZCJ9fQ==--542db11c706e022944e0227a2fbaab3c857e9b0c\/VACI250303A\"><\/audio><\/p>\n<p>Os 30 munic\u00edpios da macrorregi\u00e3o Centro Amazonense \u2013 entre eles Manaus, Parintins, Itacoatiara, Coari, Mau\u00e9s e Tef\u00e9 \u2013 seguem mobilizados na vacina\u00e7\u00e3o de crian\u00e7as e adolescentes.<\/p>\n<p>As coberturas vacinais registradas desde janeiro na macrorregi\u00e3o preocupam. Diversas vacinas, como a de poliomielite e a tr\u00edplice viral, que protege contra o sarampo est\u00e3o abaixo da meta estabelecida pelo Minist\u00e9rio da Sa\u00fade.<\/p>\n<p>Para melhorar a situa\u00e7\u00e3o, os munic\u00edpios apostam em a\u00e7\u00f5es com a comunidade. Em Mau\u00e9s, equipes atuam em escolas. E foi em uma a\u00e7\u00e3o na Creche Raimunda de Oliveira Leite, no bairro Santa Luzia, que a moradora Ivi Melo atualizou a caderneta de vacina\u00e7\u00e3o da filha pequena.<\/p>\n<p><i>\u201cAgora que as crian\u00e7as est\u00e3o vacinadas, me sinto despreocupada. Tem muitas doen\u00e7as por a\u00ed que a vacina ajuda muito a prevenir\u201d, relata a <\/i>moradora de Mau\u00e9s.<\/p>\n<p>De acordo com a coordenadora de imuniza\u00e7\u00e3o de Mau\u00e9s (AM), Rubiana Soares, as vacinas protegem toda a fam\u00edlia.<\/p>\n<p><i>\u201cA\u00a0vacina protege n\u00e3o s\u00f3 a crian\u00e7a ou o adolescente, mas tamb\u00e9m toda a fam\u00edlia. Porque, quando a gente fala de crian\u00e7a, falamos do \u00e2mbito familiar. Ent\u00e3o, sensibilizamos todas as fam\u00edlias para se vacinarem, protegerem e se cuidarem.\u201d<\/i><\/p>\n<p>O esfor\u00e7o \u00e9 para garantir a atualiza\u00e7\u00e3o da caderneta de vacina\u00e7\u00e3o de crian\u00e7as e adolescentes menores de 15 anos. As vacinas fazem parte do Calend\u00e1rio Nacional de Vacina\u00e7\u00e3o e est\u00e3o dispon\u00edveis durante todo o ano nas Unidades B\u00e1sicas de Sa\u00fade.<\/p>\n<p>As vacinas para as crian\u00e7as garantem prote\u00e7\u00e3o contra doen\u00e7as como sarampo, poliomielite, tuberculose, difteria, t\u00e9tano, coqueluche e Covid-19.<\/p>\n<p>Para os adolescentes menores de 15 anos, o foco \u00e9 completar esquemas atrasados e aplicar vacinas contra o HPV, hepatite B e febre amarela, entre outras. \u00c9 importante lembrar que a vacina de HPV est\u00e1 dispon\u00edvel para jovens de 15 a 19 anos at\u00e9 dezembro deste ano.\u00a0<\/p>\n<p>O diretor do Departameto do\u00a0Programa Nacional de Imuniza\u00e7\u00f5es, Eder Gatti, ressalta que manter as coberturas vacinais impede o retorno de doen\u00e7as j\u00e1 controladas, como poliomielite e sarampo.<\/p>\n<p>\u201cTivemos grande \u00eaxito, mas n\u00e3o podemos deixar que essas doen\u00e7as retornem. Ent\u00e3o, \u00e9 muito importante que a popula\u00e7\u00e3o se vacine. As vacinas do SUS [Sistema \u00danico de Sa\u00fade] s\u00e3o muito boas, s\u00e3o seguras e protegem, o que \u00e9 mais importante. Ent\u00e3o, vacinar \u00e9 uma prote\u00e7\u00e3o individual, mas tamb\u00e9m prote\u00e7\u00e3o de toda a comunidade\u201d, frisou.<\/p>\n<p>Aten\u00e7\u00e3o pais e respons\u00e1veis do Amazonas! Atualizem a caderneta de vacina\u00e7\u00e3o de crian\u00e7as e adolescentes menores de 15 anos. Procurem uma Unidade B\u00e1sica de Sa\u00fade e mantenham a prote\u00e7\u00e3o em dia.<\/p>\n<p>Saiba mais em <a href=\"http:\/\/gov.br\/vacinacao\" target=\"_blank\" rel=\"noopener\">gov.br\/vacinacao<\/a>.<\/p>\n<p>\t\t\t\t\t\t\t\t\t<img decoding=\"async\" src=\"https:\/\/brasil61.com\/api\/v1\/serve_pixel\/22254\/86480\" alt=\"Pixel Brasil 61\" class=\"b61_pixel\" width=\"0\" height=\"0\"><\/p>\n<div class=\"br61_backlink\">\n<p>\n\t\t\t\tFonte: <a href=\"https:\/\/brasil61.com\/centro-amazonense-pais-devem-atualizar-caderneta-de-vacinacao-de-criancas-e-adolescentes-vaci250303\" title=\"Artigo Original: Centro amazonense: pais devem atualizar caderneta de vacina\u00e7\u00e3o de crian\u00e7as e adolescentes\" target=\"_blank\" rel=\"noopener\">Brasil 61<\/a>\n\t\t\t<\/p>\n<\/p><\/div>\n<input type=\"hidden\" id=\"baseurl\" value=\"https:\/\/noticiasregionais.com.br\"><input type=\"hidden\" id=\"audio_nonce\" value=\"5c13e0637f\">","protected":false},"excerpt":{"rendered":"<p>Os 30 munic\u00edpios da macrorregi\u00e3o Centro Amazonense \u2013 entre eles Manaus, Parintins, Itacoatiara, Coari, Mau\u00e9s e Tef\u00e9 \u2013 seguem mobilizados&hellip;<\/p>\n","protected":false},"author":1,"featured_media":11958,"comment_status":"closed","ping_status":"open","sticky":false,"template":"","format":"standard","meta":{"sfsi_plus_gutenberg_text_before_share":"","sfsi_plus_gutenberg_show_text_before_share":"","sfsi_plus_gutenberg_icon_type":"","sfsi_plus_gutenberg_icon_alignemt":"","sfsi_plus_gutenburg_max_per_row":"","footnotes":""},"categories":[8],"tags":[],"class_list":["post-11925","post","type-post","status-publish","format-standard","has-post-thumbnail","hentry","category-brasil"],"_links":{"self":[{"href":"https:\/\/noticiasregionais.com.br\/index.php?rest_route=\/wp\/v2\/posts\/11925","targetHints":{"allow":["GET"]}}],"collection":[{"href":"https:\/\/noticiasregionais.com.br\/index.php?rest_route=\/wp\/v2\/posts"}],"about":[{"href":"https:\/\/noticiasregionais.com.br\/index.php?rest_route=\/wp\/v2\/types\/post"}],"author":[{"embeddable":true,"href":"https:\/\/noticiasregionais.com.br\/index.php?rest_route=\/wp\/v2\/users\/1"}],"replies":[{"embeddable":true,"href":"https:\/\/noticiasregionais.com.br\/index.php?rest_route=%2Fwp%2Fv2%2Fcomments&post=11925"}],"version-history":[{"count":1,"href":"https:\/\/noticiasregionais.com.br\/index.php?rest_route=\/wp\/v2\/posts\/11925\/revisions"}],"predecessor-version":[{"id":11957,"href":"https:\/\/noticiasregionais.com.br\/index.php?rest_route=\/wp\/v2\/posts\/11925\/revisions\/11957"}],"wp:featuredmedia":[{"embeddable":true,"href":"https:\/\/noticiasregionais.com.br\/index.php?rest_route=\/wp\/v2\/media\/11958"}],"wp:attachment":[{"href":"https:\/\/noticiasregionais.com.br\/index.php?rest_route=%2Fwp%2Fv2%2Fmedia&parent=11925"}],"wp:term":[{"taxonomy":"category","embeddable":true,"href":"https:\/\/noticiasregionais.com.br\/index.php?rest_route=%2Fwp%2Fv2%2Fcategories&post=11925"},{"taxonomy":"post_tag","embeddable":true,"href":"https:\/\/noticiasregionais.com.br\/index.php?rest_route=%2Fwp%2Fv2%2Ftags&post=11925"}],"curies":[{"name":"wp","href":"https:\/\/api.w.org\/{rel}","templated":true}]}}