{"id":11927,"date":"2025-12-24T13:25:00","date_gmt":"2025-12-24T16:25:00","guid":{"rendered":"https:\/\/noticiasregionais.com.br\/?p=11927"},"modified":"2025-12-24T13:25:00","modified_gmt":"2025-12-24T16:25:00","slug":"nova-lei-do-licenciamento-promete-destravar-obras-mas-faltam-tecnicos-nos-orgaos-ambientais","status":"publish","type":"post","link":"https:\/\/noticiasregionais.com.br\/?p=11927","title":{"rendered":"Nova lei do licenciamento promete destravar obras, mas faltam t\u00e9cnicos nos \u00f3rg\u00e3os ambientais"},"content":{"rendered":"<p>\t\t\t\t\t\t\t\t\t\t\t<audio controls class=\"b61_audio_player\" data-noticia=\"86685\" src=\"https:\/\/brasil61.com\/rails\/active_storage\/blobs\/eyJfcmFpbHMiOnsibWVzc2FnZSI6IkJBaHBBMFhiQXc9PSIsImV4cCI6bnVsbCwicHVyIjoiYmxvYl9pZCJ9fQ==--0aed89048c4844492518897a3b171a29155d579d\/BRAS2515418A\"><\/audio><\/p>\n<p><strong>O presidente Luiz In\u00e1cio Lula da Silva sancionou a <a href=\"https:\/\/www.planalto.gov.br\/ccivil_03\/_ato2023-2026\/2025\/lei\/L15300.htm\" target=\"_blank\" rel=\"noopener\">Lei do Licenciamento Ambiental Especial (LAE)<\/a><\/strong>. A norma estabelece <strong>prioridade na an\u00e1lise e na concess\u00e3o de licen\u00e7as para empreendimentos considerados de grande relev\u00e2ncia<\/strong>, como a reconstru\u00e7\u00e3o de rodovias, por exemplo. O texto foi publicado no <a href=\"https:\/\/static.poder360.com.br\/2025\/12\/LEI-No-15.300-DE-22-DE-DEZEMBRO-DE-2025-LEI-No-15.300-DE-22-DE-DEZEMBRO-DE-2025-DOU-Imprensa-Nacional.pdf\" target=\"_blank\" rel=\"noopener\">Di\u00e1rio Oficial da Uni\u00e3o<\/a> na \u00faltima ter\u00e7a-feira (23).<\/p>\n<p>De acordo com a nova lei (n\u00ba 15.300\/2025), empreendimentos que j\u00e1 possuem licen\u00e7a pr\u00e9via ter\u00e3o <strong>prazo de 90 dias<\/strong> para apresentar os estudos ambientais exigidos. J\u00e1 os \u00f3rg\u00e3os ambientais dever\u00e3o se manifestar em at\u00e9 <strong>30 dias<\/strong>. Caso esse prazo n\u00e3o seja cumprido, o empreendedor poder\u00e1 recorrer aos dados secund\u00e1rios mais recentes dispon\u00edveis.<\/p>\n<p>O texto determina ainda que a an\u00e1lise conclusiva das obras dever\u00e1 ser finalizada em at\u00e9 <strong>tr\u00eas meses<\/strong> ap\u00f3s o protocolo dos estudos, com prazo m\u00e1ximo de <strong>12 meses<\/strong> para a conclus\u00e3o de todo o processo de licenciamento ambiental especial.<\/p>\n<p>A legisla\u00e7\u00e3o tamb\u00e9m introduz conceitos relacionados a <strong>medidas preventivas e mitigadoras<\/strong>, al\u00e9m de atualizar diretrizes para <strong>atividades de dragagem<\/strong>. Al\u00e9m disso, foram mantidas as <strong>restri\u00e7\u00f5es espec\u00edficas para a prote\u00e7\u00e3o de territ\u00f3rios vulner\u00e1veis<\/strong>, como<strong> terras ind\u00edgenas e unidades de conserva\u00e7\u00e3o<\/strong>.<\/p>\n<p>A norma resulta da convers\u00e3o da Medida Provis\u00f3ria n\u00ba 1.308, aprovada pelo Congresso Nacional no in\u00edcio de dezembro, e substitui trechos do projeto original da Lei do Licenciamento Ambiental (<a href=\"https:\/\/www.planalto.gov.br\/ccivil_03\/_ato2023-2026\/2025\/lei\/L15190.htm\" target=\"_blank\" rel=\"noopener\">n\u00ba 15.190\/2025)<\/a>, vetados pelo governo federal por preverem uma an\u00e1lise em etapa \u00fanica, considerada insuficiente para garantir a prote\u00e7\u00e3o ambiental.<\/p>\n<p>O l\u00edder do MDB no Senado, Eduardo Braga (AM), afirmou que a nova lei contribuir\u00e1 para a retomada de obras de infraestrutura no pa\u00eds.<\/p>\n<p>&#8220;Esta Casa votou e aprovou uma medida provis\u00f3ria, transformada agora em lei de convers\u00e3o, sobre o licenciamento ambiental especial, que vai <strong>destravar este pa\u00eds de in\u00fameras, de milhares de obras que est\u00e3o paralisadas<\/strong>, que prejudicam o nosso pa\u00eds pelo imobilismo. Esta lei libertar\u00e1 o Brasil e gerar\u00e1 milhares de empregos na nossa economia.&#8221;<\/p>\n<h2>Falta de m\u00e3o de obra t\u00e9cnica<\/h2>\n<p>Apesar de acelerar o ritmo do licenciamento, o <strong>analista ambiental Charles Dayler<\/strong> avalia que<strong> a principal fragilidade do sistema est\u00e1 na escassez de m\u00e3o de obra t\u00e9cnica<\/strong>\u00a0d<strong>os \u00f3rg\u00e3os ambientais<\/strong>, tanto em n\u00edvel estadual quanto federal, sobretudo nos pequenos munic\u00edpios. \u201c\u00c9 un\u00e2nime no Brasil todo, quando voc\u00ea participa de eventos e confer\u00eancias, que a quantidade de t\u00e9cnicos nos \u00f3rg\u00e3os ambientais \u00e9 insuficiente para a demanda de processos\u201d.<\/p>\n<p>Dayler observa que, diante desse cen\u00e1rio, o caminho mais frequente adotado pelo poder p\u00fablico tem sido a flexibiliza\u00e7\u00e3o das normas. \u201cS\u00f3 que temos que achar um meio termo. N\u00e3o d\u00e1 s\u00f3 para flexibilizar a norma e n\u00e3o recompor o quadro dos \u00f3rg\u00e3os e a qualifica\u00e7\u00e3o constante dos funcion\u00e1rios\u201d, alerta.<\/p>\n<p>Um exemplo dessa fragilidade institucional ocorre no munic\u00edpio de <strong>Guaramiranga<\/strong>, no norte do Cear\u00e1, onde a Justi\u00e7a da Comarca de Pacoti acatou uma a\u00e7\u00e3o do <a href=\"https:\/\/mpce.mp.br\/apos-atuacao-do-mp-justica-declara-incapacidade-tecnica-de-autarquia-municipal-de-guaramiranga-para-exercer-atividades-de-licenciamento-ambiental\/\" target=\"_blank\" rel=\"noopener\">Minist\u00e9rio P\u00fablico do Cear\u00e1 (MPCE)<\/a> e reconheceu que a Autarquia Municipal do Meio Ambiente n\u00e3o possui capacidade t\u00e9cnica para exercer atividades de licenciamento e fiscaliza\u00e7\u00e3o ambiental, consideradas de alta complexidade.<\/p>\n<p>A decis\u00e3o apontou que o \u00f3rg\u00e3o foi criado por meio de uma lei municipal que previa cargos comissionados sem exig\u00eancia de qualifica\u00e7\u00e3o t\u00e9cnica ou concurso p\u00fablico, o que viola normas federais e estaduais. Com isso, a Justi\u00e7a declarou a inconstitucionalidade de dispositivos da lei e determinou que a prefeitura e a autarquia n\u00e3o podem nomear comissionados, nem emitir licen\u00e7as ou autoriza\u00e7\u00f5es ambientais, at\u00e9 que seja implantada uma estrutura adequada, com servidores concursados e qualificados.<\/p>\n<p>Enquanto isso, a responsabilidade pelo licenciamento e fiscaliza\u00e7\u00e3o ambiental no munic\u00edpio ficar\u00e1 sob a <strong>Superintend\u00eancia Estadual do Meio Ambiente (Semace)<\/strong>.<\/p>\n<p>O professor do Departamento de Engenharia Florestal da Universidade de Bras\u00edlia (UnB), <strong>Reuber Brand\u00e3o<\/strong>, avalia que o principal problema nesse contexto \u00e9 a transfer\u00eancia de atribui\u00e7\u00f5es para ag\u00eancias ambientais estaduais, frequentemente ocupadas por servidores nomeados pelo governo local em cargos de confian\u00e7a, respons\u00e1veis por conduzir estudos ambientais relacionados a interesses pol\u00edticos circunstanciais.\u00a0<\/p>\n<p>Segundo ele, o loteamento de cargos compromete a qualidade t\u00e9cnica dos processos. \u201cO loteamento de cargos nomeados \u00e9 um grande problema, pois a press\u00e3o pol\u00edtica muitas vezes sobrep\u00f5e a necessidade de qualidade t\u00e9cnica nos estudos\u201d, afirma.<\/p>\n<p><strong>VEJA MAIS:<\/strong><\/p>\n<ul>\n<li><a href=\"https:\/\/brasil61.com\/n\/comissao-especial-aprova-relatorio-para-criacao-da-licenca-ambiental-especial-bras2515258\" target=\"_blank\" rel=\"noopener\">Comiss\u00e3o especial aprova relat\u00f3rio para cria\u00e7\u00e3o da licen\u00e7a ambiental especial<\/a><\/li>\n<li><a href=\"https:\/\/brasil61.com\/n\/licenciamento-ambiental-regiao-centro-oeste-soma-mais-de-3-3-mil-pedidos-em-analise-bras2515331\" target=\"_blank\" rel=\"noopener\">Licenciamento Ambiental: Regi\u00e3o Centro-Oeste soma mais de 3,3 mil pedidos em an\u00e1lise<\/a><\/li>\n<\/ul>\n<p>\t\t\t\t\t\t\t\t\t\t<img decoding=\"async\" src=\"https:\/\/brasil61.com\/api\/v1\/serve_pixel\/22254\/86685\" alt=\"Pixel Brasil 61\" class=\"b61_pixel\" width=\"0\" height=\"0\"><\/p>\n<div class=\"br61_backlink\">\n<p>\n\t\t\t\tFonte: <a href=\"https:\/\/brasil61.com\/nova-lei-do-licenciamento-promete-destravar-obras-mas-faltam-tecnicos-nos-orgaos-ambientais-bras2515418\" title=\"Artigo Original: Nova lei do licenciamento promete destravar obras, mas faltam t\u00e9cnicos nos \u00f3rg\u00e3os ambientais\" target=\"_blank\" rel=\"noopener\">Brasil 61<\/a>\n\t\t\t<\/p>\n<\/p><\/div>\n<input type=\"hidden\" id=\"baseurl\" value=\"https:\/\/noticiasregionais.com.br\"><input type=\"hidden\" id=\"audio_nonce\" value=\"5c13e0637f\">","protected":false},"excerpt":{"rendered":"<p>Norma prioriza grandes empreendimentos, estabelece prazos mais curtos e reacende debate sobre capacidade t\u00e9cnica dos \u00f3rg\u00e3os ambientais<\/p>\n","protected":false},"author":1,"featured_media":11928,"comment_status":"","ping_status":"open","sticky":false,"template":"","format":"standard","meta":{"sfsi_plus_gutenberg_text_before_share":"","sfsi_plus_gutenberg_show_text_before_share":"","sfsi_plus_gutenberg_icon_type":"","sfsi_plus_gutenberg_icon_alignemt":"","sfsi_plus_gutenburg_max_per_row":"","footnotes":""},"categories":[8],"tags":[],"class_list":["post-11927","post","type-post","status-publish","format-standard","has-post-thumbnail","hentry","category-brasil"],"_links":{"self":[{"href":"https:\/\/noticiasregionais.com.br\/index.php?rest_route=\/wp\/v2\/posts\/11927","targetHints":{"allow":["GET"]}}],"collection":[{"href":"https:\/\/noticiasregionais.com.br\/index.php?rest_route=\/wp\/v2\/posts"}],"about":[{"href":"https:\/\/noticiasregionais.com.br\/index.php?rest_route=\/wp\/v2\/types\/post"}],"author":[{"embeddable":true,"href":"https:\/\/noticiasregionais.com.br\/index.php?rest_route=\/wp\/v2\/users\/1"}],"replies":[{"embeddable":true,"href":"https:\/\/noticiasregionais.com.br\/index.php?rest_route=%2Fwp%2Fv2%2Fcomments&post=11927"}],"version-history":[{"count":0,"href":"https:\/\/noticiasregionais.com.br\/index.php?rest_route=\/wp\/v2\/posts\/11927\/revisions"}],"wp:featuredmedia":[{"embeddable":true,"href":"https:\/\/noticiasregionais.com.br\/index.php?rest_route=\/wp\/v2\/media\/11928"}],"wp:attachment":[{"href":"https:\/\/noticiasregionais.com.br\/index.php?rest_route=%2Fwp%2Fv2%2Fmedia&parent=11927"}],"wp:term":[{"taxonomy":"category","embeddable":true,"href":"https:\/\/noticiasregionais.com.br\/index.php?rest_route=%2Fwp%2Fv2%2Fcategories&post=11927"},{"taxonomy":"post_tag","embeddable":true,"href":"https:\/\/noticiasregionais.com.br\/index.php?rest_route=%2Fwp%2Fv2%2Ftags&post=11927"}],"curies":[{"name":"wp","href":"https:\/\/api.w.org\/{rel}","templated":true}]}}