{"id":11933,"date":"2025-12-25T04:15:00","date_gmt":"2025-12-25T07:15:00","guid":{"rendered":"https:\/\/noticiasregionais.com.br\/?p=11933"},"modified":"2025-12-25T04:15:00","modified_gmt":"2025-12-25T07:15:00","slug":"campanha-nacional-leva-combate-ao-feminicidio-para-aeroportos-brasileiros","status":"publish","type":"post","link":"https:\/\/noticiasregionais.com.br\/?p=11933","title":{"rendered":"Campanha nacional leva combate ao feminic\u00eddio para aeroportos brasileiros"},"content":{"rendered":"<p>\t\t\t\t\t\t\t\t\t\t\t<audio controls class=\"b61_audio_player\" data-noticia=\"86671\" src=\"https:\/\/brasil61.com\/rails\/active_storage\/blobs\/eyJfcmFpbHMiOnsibWVzc2FnZSI6IkJBaHBBLy9hQXc9PSIsImV4cCI6bnVsbCwicHVyIjoiYmxvYl9pZCJ9fQ==--bd103a4ab652dd3e18c3b7d8645ecb6e1a8ae0d0\/BRAS2515412A\"><\/audio><\/p>\n<p>O Minist\u00e9rio de Portos e Aeroportos (MPor) lan\u00e7ou, na segunda-feira (22), as a\u00e7\u00f5es de enfrentamento \u00e0 viol\u00eancia contra as mulheres com o lan\u00e7amento da campanha <b>\u201cAss\u00e9dio N\u00e3o Decola, Feminic\u00eddio Tamb\u00e9m N\u00e3o\u201d<\/b> nos aeroportos de todo o pa\u00eds. A iniciativa foi apresentada no Aeroporto de Congonhas, em S\u00e3o Paulo, pelo ministro Silvio Costa Filho, e transformou os terminais a\u00e9reos em espa\u00e7os de conscientiza\u00e7\u00e3o, preven\u00e7\u00e3o e incentivo \u00e0 den\u00fancia.<\/p>\n<p>A campanha \u00e9 lan\u00e7ada em meio a um cen\u00e1rio preocupante. Segundo o <b>Anu\u00e1rio Brasileiro de Seguran\u00e7a P\u00fablica<\/b>, divulgado em julho deste ano, <b>2024 registrou o maior n\u00famero de feminic\u00eddios no Brasil desde a tipifica\u00e7\u00e3o do crime, em 2015<\/b>. Ao todo, <b>1.492 mulheres foram v\u00edtimas<\/b>, o que representa uma m\u00e9dia de <b>quatro mortes por dia<\/b>. A taxa de feminic\u00eddios cresceu <b>0,7% de 2023 para 2024<\/b>.<\/p>\n<p>A a\u00e7\u00e3o integra a segunda fase da campanha <b>\u201cAss\u00e9dio N\u00e3o Decola\u201d<\/b>, iniciada em maio deste ano, e \u00e9 desenvolvida em parceria com a Ag\u00eancia Nacional de Avia\u00e7\u00e3o Civil (Anac) e a Associa\u00e7\u00e3o Brasileira das Concession\u00e1rias de Aeroportos (ABR). Al\u00e9m do p\u00fablico em geral, <b>a iniciativa envolve profissionais da avia\u00e7\u00e3o, que recebem orienta\u00e7\u00f5es sobre como identificar situa\u00e7\u00f5es de viol\u00eancia e acolher poss\u00edveis v\u00edtimas.<\/b><\/p>\n<p>De acordo com o ministro Silvio Costa Filho, essa pauta \u00e9 uma prioridade para o governo. \u201cInfelizmente, todo dia no nosso pa\u00eds s\u00e3o v\u00edtimas de feminic\u00eddio mais de quatro mulheres. No ano de 2024 foram quase 1500 mulheres do nosso Brasil que perderam as suas vidas v\u00edtimas de feminic\u00eddio, por isso que n\u00f3s estamos anunciando hoje essa grande campanha nos aeroportos brasileiros e nos avi\u00f5es contra o ass\u00e9dio e sobretudo contra o feminic\u00eddio. Essa campanha \u00e9 atrav\u00e9s do Disque 180; qualquer mulher brasileira que foi v\u00edtima de ass\u00e9dio ou de viol\u00eancia aqui no nosso pa\u00eds pode entrar e fazer a den\u00fancia para que a gente possa atuar com rigor\u201d.\u00a0<\/p>\n<p>O ministro tamb\u00e9m ressaltou a atua\u00e7\u00e3o integrada do <b>Governo Federal<\/b>, com apoio da <b>Pol\u00edcia Federa<\/b>l, sistemas de monitoramento e o engajamento das concession\u00e1rias aeroportu\u00e1rias.\u00a0<\/p>\n<p>A campanha prev\u00ea a veicula\u00e7\u00e3o de <b>v\u00eddeos e cartazes<\/b> em \u00e1reas de circula\u00e7\u00e3o dos aeroportos, refor\u00e7ando os <b>canais oficiais de den\u00fancia do Governo Federal<\/b>, como o <b>Ligue 180<\/b>, al\u00e9m de orientar a popula\u00e7\u00e3o a procurar os <b>servi\u00e7os de seguran\u00e7a dos aeroportos<\/b>, os <b>balc\u00f5es de informa\u00e7\u00e3o<\/b> e os <b>comiss\u00e1rios de bordo<\/b> em situa\u00e7\u00f5es de risco ou viol\u00eancia. O objetivo \u00e9 ampliar o acesso \u00e0 informa\u00e7\u00e3o, estimular a quebra do sil\u00eancio e fortalecer a rede de prote\u00e7\u00e3o \u00e0s mulheres.<\/p>\n<h2>Guia de Combate ao Ass\u00e9dio<\/h2>\n<p>Aliado \u00e0 campanha, o MPor e a Ag\u00eancia Nacional de Avia\u00e7\u00e3o Civil (Anac) tamb\u00e9m lan\u00e7aram em maio o guia de Combate ao Ass\u00e9dio e \u00e0 Importuna\u00e7\u00e3o Sexual na Avia\u00e7\u00e3o Civil. <b>A ferramenta traz informa\u00e7\u00f5es sobre os tipos de ass\u00e9dio, como denunciar, medidas de acolhimento \u00e0s v\u00edtimas e, ainda, orienta sobre a promo\u00e7\u00e3o do respeito e dignidade.\u00a0<\/b><\/p>\n<ul>\n<li><a href=\"http:\/\/www.gov.br\/portos-e-aeroportos\/pt-br\/assuntos\/transporte-aereo\/cartilha-digital-assedio-aviacao-civil\/digital_cartilha-assedio-sexual_aviacao-civil.pdf\" target=\"_blank\" rel=\"noopener\">Acesse aqui o Guia de Combate ao Ass\u00e9dio no Setor da Avia\u00e7\u00e3o Civil<\/a><\/li>\n<\/ul>\n<p>Durante o lan\u00e7amento, a diretora de <b>Planejamento e Fomento da Secretaria Nacional de Avia\u00e7\u00e3o Civil (SAC),<\/b> J\u00falia Lopes, disse que, inicialmente, todas as concession\u00e1rias dos aeroportos federais concedidos aderiram \u00e0 campanha.\u00a0\u00a0<\/p>\n<p>\u201cEsse material \u00e9 importante, n\u00e3o s\u00f3 para as mulheres, para elas poderem identificar, mas tamb\u00e9m para os homens, para que eles n\u00e3o pratiquem eventuais a\u00e7\u00f5es que possam ser consideradas uma importuna\u00e7\u00e3o sexual, um ass\u00e9dio sexual. \u00c9 importante tamb\u00e9m deixar claro quem pode denunciar, n\u00e3o s\u00f3 a v\u00edtima, mas tamb\u00e9m os terceiros que presenciem alguma situa\u00e7\u00e3o, podem entrar em contato com um dos canais de den\u00fancia ou, eventualmente, com alguma autoridade aeroportu\u00e1ria. Ou alguma autoridade dentro das aeronaves para fazer essa den\u00fancia e assegurar um ambiente seguro tanto para as mulheres quanto para toda a sociedade\u201d, afirmou J\u00falia Lopes.<\/p>\n<h2>Dados alarmantes<\/h2>\n<p>Os dados mostram que os autores dos crimes s\u00e3o, majoritariamente, <b>companheiros (60,7%) e ex-companheiros (19,1%)<\/b>, que juntos correspondem a quase <b>80% dos casos<\/b>. Em <b>97% dos feminic\u00eddios com autoria identificada<\/b>, o agressor era do sexo masculino.<\/p>\n<p>O perfil das v\u00edtimas revela desigualdades persistentes: <b>63,6% eram mulheres negras<\/b>, e <b>70,5% tinham entre 18 e 44 anos<\/b>. O levantamento tamb\u00e9m aponta um aumento expressivo de <b>30,7% nos feminic\u00eddios de adolescentes (12 a 17 anos)<\/b> e de <b>20,7% entre mulheres com 60 anos ou mais<\/b>. A maioria dos crimes ocorreu <b>dentro da resid\u00eancia da v\u00edtima (64,3%)<\/b>, e a <b>arma branca<\/b> foi o principal meio utilizado.<\/p>\n<p>Diante desse cen\u00e1rio, o Minist\u00e9rio refor\u00e7a que a campanha nos aeroportos busca n\u00e3o apenas informar, mas tamb\u00e9m <b>salvar vidas<\/b>, ampliando a visibilidade do problema e fortalecendo os caminhos de den\u00fancia e prote\u00e7\u00e3o \u00e0s mulheres em todo o Brasil.<\/p>\n<p>A campanha prev\u00ea a veicula\u00e7\u00e3o de <b>v\u00eddeos e cartazes<\/b> em \u00e1reas de circula\u00e7\u00e3o dos aeroportos, refor\u00e7ando os <b>canais oficiais de den\u00fancia do Governo Federal<\/b>, como o <b>Ligue 180<\/b>, al\u00e9m de orientar a popula\u00e7\u00e3o a procurar os <b>servi\u00e7os de seguran\u00e7a dos aeroportos<\/b>, os <b>balc\u00f5es de informa\u00e7\u00e3o<\/b> e os <b>comiss\u00e1rios de bordo<\/b> em situa\u00e7\u00f5es de risco ou viol\u00eancia. O objetivo \u00e9 ampliar o acesso \u00e0 informa\u00e7\u00e3o, estimular a quebra do sil\u00eancio e fortalecer a rede de prote\u00e7\u00e3o \u00e0s mulheres.<\/p>\n<p>\t\t\t\t\t\t\t\t\t\t<img decoding=\"async\" src=\"https:\/\/brasil61.com\/api\/v1\/serve_pixel\/22254\/86671\" alt=\"Pixel Brasil 61\" class=\"b61_pixel\" width=\"0\" height=\"0\"><\/p>\n<div class=\"br61_backlink\">\n<p>\n\t\t\t\tFonte: <a href=\"https:\/\/brasil61.com\/campanha-nacional-leva-combate-ao-feminicidio-para-aeroportos-brasileiros-bras2515412\" title=\"Artigo Original: Campanha nacional leva combate ao feminic\u00eddio para aeroportos brasileiros\" target=\"_blank\" rel=\"noopener\">Brasil 61<\/a>\n\t\t\t<\/p>\n<\/p><\/div>\n<input type=\"hidden\" id=\"baseurl\" value=\"https:\/\/noticiasregionais.com.br\"><input type=\"hidden\" id=\"audio_nonce\" value=\"5c13e0637f\">","protected":false},"excerpt":{"rendered":"<p>Terminais a\u00e9reos ter\u00e3o espa\u00e7os de conscientiza\u00e7\u00e3o, preven\u00e7\u00e3o e incentivo \u00e0 den\u00fancia<\/p>\n","protected":false},"author":1,"featured_media":11934,"comment_status":"","ping_status":"open","sticky":false,"template":"","format":"standard","meta":{"sfsi_plus_gutenberg_text_before_share":"","sfsi_plus_gutenberg_show_text_before_share":"","sfsi_plus_gutenberg_icon_type":"","sfsi_plus_gutenberg_icon_alignemt":"","sfsi_plus_gutenburg_max_per_row":"","footnotes":""},"categories":[8],"tags":[],"class_list":["post-11933","post","type-post","status-publish","format-standard","has-post-thumbnail","hentry","category-brasil"],"_links":{"self":[{"href":"https:\/\/noticiasregionais.com.br\/index.php?rest_route=\/wp\/v2\/posts\/11933","targetHints":{"allow":["GET"]}}],"collection":[{"href":"https:\/\/noticiasregionais.com.br\/index.php?rest_route=\/wp\/v2\/posts"}],"about":[{"href":"https:\/\/noticiasregionais.com.br\/index.php?rest_route=\/wp\/v2\/types\/post"}],"author":[{"embeddable":true,"href":"https:\/\/noticiasregionais.com.br\/index.php?rest_route=\/wp\/v2\/users\/1"}],"replies":[{"embeddable":true,"href":"https:\/\/noticiasregionais.com.br\/index.php?rest_route=%2Fwp%2Fv2%2Fcomments&post=11933"}],"version-history":[{"count":0,"href":"https:\/\/noticiasregionais.com.br\/index.php?rest_route=\/wp\/v2\/posts\/11933\/revisions"}],"wp:featuredmedia":[{"embeddable":true,"href":"https:\/\/noticiasregionais.com.br\/index.php?rest_route=\/wp\/v2\/media\/11934"}],"wp:attachment":[{"href":"https:\/\/noticiasregionais.com.br\/index.php?rest_route=%2Fwp%2Fv2%2Fmedia&parent=11933"}],"wp:term":[{"taxonomy":"category","embeddable":true,"href":"https:\/\/noticiasregionais.com.br\/index.php?rest_route=%2Fwp%2Fv2%2Fcategories&post=11933"},{"taxonomy":"post_tag","embeddable":true,"href":"https:\/\/noticiasregionais.com.br\/index.php?rest_route=%2Fwp%2Fv2%2Ftags&post=11933"}],"curies":[{"name":"wp","href":"https:\/\/api.w.org\/{rel}","templated":true}]}}