{"id":11935,"date":"2025-12-26T04:10:00","date_gmt":"2025-12-26T07:10:00","guid":{"rendered":"https:\/\/noticiasregionais.com.br\/?p=11935"},"modified":"2025-12-26T04:10:00","modified_gmt":"2025-12-26T07:10:00","slug":"governo-lanca-selecao-para-reformar-casas-sem-banheiro-nas-periferias","status":"publish","type":"post","link":"https:\/\/noticiasregionais.com.br\/?p=11935","title":{"rendered":"Governo lan\u00e7a sele\u00e7\u00e3o para reformar casas sem banheiro nas periferias"},"content":{"rendered":"<p>\t\t\t\t\t\t\t\t\t\t\t<audio controls class=\"b61_audio_player\" data-noticia=\"86666\" src=\"https:\/\/brasil61.com\/rails\/active_storage\/blobs\/eyJfcmFpbHMiOnsibWVzc2FnZSI6IkJBaHBBd0hiQXc9PSIsImV4cCI6bnVsbCwicHVyIjoiYmxvYl9pZCJ9fQ==--5ead66e810e8c1a5c8496be3dca1ed216e7c1b4d\/BRAS2515408A\"><\/audio><\/p>\n<p>O Minist\u00e9rio das Cidades abriu uma nova sele\u00e7\u00e3o do programa <b>Periferia Viva \u2013 Reformas <\/b>com foco em um problema antigo das periferias brasileiras: a falta de condi\u00e7\u00f5es sanit\u00e1rias adequadas dentro das casas. <b>Ser\u00e3o investidos R$ 300 milh\u00f5es <\/b>para a reforma de <b>9 mil moradias que n\u00e3o t\u00eam banheiro ou apresentam instala\u00e7\u00f5es sanit\u00e1rias prec\u00e1rias. <\/b>A iniciativa alcan\u00e7a todos os estados do pa\u00eds e \u00e9 direcionada a <b>munic\u00edpios com mais de 50 mil habitantes ou que integrem \u00e1reas urbanas com mais de 300 mil moradores<\/b>, desde que tenham ao menos 20 domic\u00edlios em situa\u00e7\u00e3o de inadequa\u00e7\u00e3o sanit\u00e1ria.<\/p>\n<p>Segundo o ministro das Cidades, <b>Jader Filho<\/b>, a iniciativa ataca diretamente um dos principais d\u00e9ficits habitacionais do pa\u00eds. \u201cEstamos enfrentando a inadequa\u00e7\u00e3o sanit\u00e1ria, que \u00e9 a falta de banheiro na casa ou a casa que tem um banheiro, mas ele n\u00e3o \u00e9 completo ou tem alguma inadequa\u00e7\u00e3o. O Periferia Viva \u2013 Reformas vem justamente para atacar esse problema. Ele se junta a programas como o Reforma Casa Brasil, voltado \u00e0 inadequa\u00e7\u00e3o habitacional de forma mais geral, e ao Minha Casa, Minha Vida, nosso principal programa para apoiar as fam\u00edlias brasileiras a realizarem o sonho da casa pr\u00f3pria\u201d, completou.<\/p>\n<p>O objetivo central \u00e9 transformar a realidade das periferias brasileiras, garantindo <b>privacidade, higiene e sa\u00fade<\/b> para fam\u00edlias que ainda n\u00e3o t\u00eam esse direito b\u00e1sico assegurado. De acordo com dados do <b>Instituto Trata Brasil<\/b>, mais de <b>4 milh\u00f5es de brasileiros<\/b> vivem em domic\u00edlios com inadequa\u00e7\u00f5es sanit\u00e1rias, situa\u00e7\u00e3o que impacta diretamente a qualidade de vida e a sa\u00fade da popula\u00e7\u00e3o.<\/p>\n<h2>Prioridade para favelas e comunidades urbanas<\/h2>\n<p>Nesta etapa do Periferia Viva \u2013 Reformas, a submiss\u00e3o de propostas ser\u00e1 feita por <b>Organiza\u00e7\u00f5es da Sociedade Civil (OSCs)<\/b> ou <b>empresas<\/b>, que poder\u00e3o atender de <b>10 a 140 domic\u00edlios<\/b> por projeto. Ter\u00e3o prioridade propostas localizadas em <b>favelas e comunidades urbanas<\/b>, inseridas em \u00e1reas com <b>cobertura de esgotamento sanit\u00e1rio<\/b>, com maior n\u00famero de resid\u00eancias sem banheiro e que tenham v\u00ednculo com outros programas ou a\u00e7\u00f5es da Secretaria Nacional de Periferias.<\/p>\n<h2><b>Inscri\u00e7\u00f5es e execu\u00e7\u00e3o das obras<\/b><\/h2>\n<p>As inscri\u00e7\u00f5es para o programa estar\u00e3o abertas a partir de <b>29 de dezembro de 2025<\/b>. Os munic\u00edpios interessados dever\u00e3o aderir formalmente \u00e0 iniciativa, enquanto as OSCs e empresas far\u00e3o a submiss\u00e3o das propostas por meio da <b>plataforma do Minist\u00e9rio das Cidades<\/b>. As propostas passar\u00e3o por aprova\u00e7\u00e3o inicial dos munic\u00edpios e, posteriormente, por sele\u00e7\u00e3o do minist\u00e9rio. A <b>Caixa Econ\u00f4mica Federal<\/b> ser\u00e1 respons\u00e1vel por avaliar a regularidade e a qualifica\u00e7\u00e3o t\u00e9cnica das OSCs e empresas selecionadas, al\u00e9m de acompanhar a contrata\u00e7\u00e3o e a execu\u00e7\u00e3o das obras. As reformas ser\u00e3o realizadas por meio da implementa\u00e7\u00e3o de <b>\u201ckits\u201d de melhorias habitacionais<\/b>, com acompanhamento t\u00e9cnico simplificado e execu\u00e7\u00e3o em pequenos grupos de domic\u00edlios.<\/p>\n<p>\t\t\t\t\t\t\t\t\t\t<img decoding=\"async\" src=\"https:\/\/brasil61.com\/api\/v1\/serve_pixel\/22254\/86666\" alt=\"Pixel Brasil 61\" class=\"b61_pixel\" width=\"0\" height=\"0\"><\/p>\n<div class=\"br61_backlink\">\n<p>\n\t\t\t\tFonte: <a href=\"https:\/\/brasil61.com\/governo-lanca-selecao-para-reformar-casas-sem-banheiro-nas-periferias-bras2515408\" title=\"Artigo Original: Governo lan\u00e7a sele\u00e7\u00e3o para reformar casas sem banheiro nas periferias\" target=\"_blank\" rel=\"noopener\">Brasil 61<\/a>\n\t\t\t<\/p>\n<\/p><\/div>\n<input type=\"hidden\" id=\"baseurl\" value=\"https:\/\/noticiasregionais.com.br\"><input type=\"hidden\" id=\"audio_nonce\" value=\"5c13e0637f\">","protected":false},"excerpt":{"rendered":"<p>Programa Periferia Viva \u2013 Reformas vai investir R$ 300 milh\u00f5es para melhorar as condi\u00e7\u00f5es sanit\u00e1rias de 9 mil moradias em todo o pa\u00eds<\/p>\n","protected":false},"author":1,"featured_media":11936,"comment_status":"","ping_status":"open","sticky":false,"template":"","format":"standard","meta":{"sfsi_plus_gutenberg_text_before_share":"","sfsi_plus_gutenberg_show_text_before_share":"","sfsi_plus_gutenberg_icon_type":"","sfsi_plus_gutenberg_icon_alignemt":"","sfsi_plus_gutenburg_max_per_row":"","footnotes":""},"categories":[8],"tags":[],"class_list":["post-11935","post","type-post","status-publish","format-standard","has-post-thumbnail","hentry","category-brasil"],"_links":{"self":[{"href":"https:\/\/noticiasregionais.com.br\/index.php?rest_route=\/wp\/v2\/posts\/11935","targetHints":{"allow":["GET"]}}],"collection":[{"href":"https:\/\/noticiasregionais.com.br\/index.php?rest_route=\/wp\/v2\/posts"}],"about":[{"href":"https:\/\/noticiasregionais.com.br\/index.php?rest_route=\/wp\/v2\/types\/post"}],"author":[{"embeddable":true,"href":"https:\/\/noticiasregionais.com.br\/index.php?rest_route=\/wp\/v2\/users\/1"}],"replies":[{"embeddable":true,"href":"https:\/\/noticiasregionais.com.br\/index.php?rest_route=%2Fwp%2Fv2%2Fcomments&post=11935"}],"version-history":[{"count":0,"href":"https:\/\/noticiasregionais.com.br\/index.php?rest_route=\/wp\/v2\/posts\/11935\/revisions"}],"wp:featuredmedia":[{"embeddable":true,"href":"https:\/\/noticiasregionais.com.br\/index.php?rest_route=\/wp\/v2\/media\/11936"}],"wp:attachment":[{"href":"https:\/\/noticiasregionais.com.br\/index.php?rest_route=%2Fwp%2Fv2%2Fmedia&parent=11935"}],"wp:term":[{"taxonomy":"category","embeddable":true,"href":"https:\/\/noticiasregionais.com.br\/index.php?rest_route=%2Fwp%2Fv2%2Fcategories&post=11935"},{"taxonomy":"post_tag","embeddable":true,"href":"https:\/\/noticiasregionais.com.br\/index.php?rest_route=%2Fwp%2Fv2%2Ftags&post=11935"}],"curies":[{"name":"wp","href":"https:\/\/api.w.org\/{rel}","templated":true}]}}