{"id":11937,"date":"2025-12-26T04:10:00","date_gmt":"2025-12-26T07:10:00","guid":{"rendered":"https:\/\/noticiasregionais.com.br\/?p=11937"},"modified":"2025-12-26T04:10:00","modified_gmt":"2025-12-26T07:10:00","slug":"alistamento-militar-de-2026-comeca-em-1o-de-janeiro","status":"publish","type":"post","link":"https:\/\/noticiasregionais.com.br\/?p=11937","title":{"rendered":"Alistamento militar de 2026 come\u00e7a em 1\u00ba de janeiro"},"content":{"rendered":"<p>\t\t\t\t\t\t\t\t\t\t\t<audio controls class=\"b61_audio_player\" data-noticia=\"86642\" src=\"https:\/\/brasil61.com\/rails\/active_storage\/blobs\/eyJfcmFpbHMiOnsibWVzc2FnZSI6IkJBaHBBM25hQXc9PSIsImV4cCI6bnVsbCwicHVyIjoiYmxvYl9pZCJ9fQ==--ac0bf4ab2cf05ff57dbea5b44b4e0cf53bccfcb6\/BRAS2515398A\"><\/audio><\/p>\n<p>O per\u00edodo para o <a href=\"https:\/\/www.gov.br\/defesa\/pt-br\/centrais-de-conteudo\/noticias\/alistamento-militar-2026-comeca-em-1o-de-janeiro#:~:text=Bras%C3%ADlia%20(DF)%2C%2016%2F,completem%2018%20anos%20em%202026.\" target=\"_blank\" rel=\"noopener\">Alistamento Militar de 2026 <\/a>come\u00e7a no dia 1\u00ba de janeiro. O processo, obrigat\u00f3rio para jovens do sexo masculino, vai estar aberto tamb\u00e9m, pelo segundo ano consecutivo, \u00e0s mulheres que completam 18 anos em 2026.\u00a0<\/p>\n<p>As inscri\u00e7\u00f5es podem ser feitas pela internet, na p\u00e1gina do Alistamento Online, inclusive para brasileiros residentes no exterior. J\u00e1 a candidatura presencial abre a partir de 2 de janeiro, na <a href=\"https:\/\/alistamento.eb.mil.br\/servico\/jsm\" target=\"_blank\" rel=\"noopener\">Junta de Servi\u00e7o Militar (JSM)<\/a> mais pr\u00f3xima da resid\u00eancia do candidato, que pode ser consultada no site. As ades\u00f5es v\u00e3o at\u00e9 o dia 30 de junho.<\/p>\n<p>No segundo semestre de 2026, os alistados e as alistadas seguir\u00e3o para as etapas de sele\u00e7\u00e3o geral, designa\u00e7\u00e3o, sele\u00e7\u00e3o complementar e incorpora\u00e7\u00e3o ou matr\u00edcula. O Servi\u00e7o Militar ter\u00e1 in\u00edcio em 2027, com dura\u00e7\u00e3o de um ano. H\u00e1 a possibilidade de ser prorrogado, a cada 12 meses, por at\u00e9 8 anos, caso haja vagas, interesse dos jovens em permanecer nas fileiras militares e aprova\u00e7\u00e3o por parte das For\u00e7as Armadas.<\/p>\n<p>O alistamento \u00e9 essencial para a renova\u00e7\u00e3o do efetivo das For\u00e7as Armadas. Os jovens, por sua vez, t\u00eam a oportunidade de servir \u00e0 P\u00e1tria de forma remunerada, al\u00e9m de desenvolver diversas compet\u00eancias, como disciplina, preparo t\u00e9cnico e f\u00edsico, e receber forma\u00e7\u00e3o como cidad\u00e3os.\u00a0<\/p>\n<p>Em muitos casos, o ingresso representa o primeiro emprego formal e contribui para a defini\u00e7\u00e3o de trajet\u00f3ria profissional. Ap\u00f3s a fase de incorpora\u00e7\u00e3o, ser\u00e1 obrigat\u00f3rio cumprir o Servi\u00e7o Militar Inicial por 12 meses. Em 2025, 1.029.323 homens e 33.721 mulheres se alistaram para o servi\u00e7o.<\/p>\n<h2>Alistamento Feminino<\/h2>\n<p>Criado pelo Minist\u00e9rio da Defesa em 2024, o servi\u00e7o militar feminino disponibilizar\u00e1 1.467 vagas, sendo 1.010 para o Ex\u00e9rcito, 300 para a Aeron\u00e1utica e 157 para a Marinha. O objetivo \u00e9 que esse n\u00famero seja expandido gradualmente nos pr\u00f3ximos anos.<\/p>\n<p>As vagas est\u00e3o distribu\u00eddas em 145 munic\u00edpios de 21 estados, al\u00e9m do Distrito Federal.<\/p>\n<p>\t\t\t\t\t\t\t\t\t\t<img decoding=\"async\" src=\"https:\/\/brasil61.com\/api\/v1\/serve_pixel\/22254\/86642\" alt=\"Pixel Brasil 61\" class=\"b61_pixel\" width=\"0\" height=\"0\"><\/p>\n<div class=\"br61_backlink\">\n<p>\n\t\t\t\tFonte: <a href=\"https:\/\/brasil61.com\/alistamento-militar-de-2026-comeca-em-1-de-janeiro-bras2515398\" title=\"Artigo Original: Alistamento militar de 2026 come\u00e7a em 1\u00ba de janeiro\" target=\"_blank\" rel=\"noopener\">Brasil 61<\/a>\n\t\t\t<\/p>\n<\/p><\/div>\n<input type=\"hidden\" id=\"baseurl\" value=\"https:\/\/noticiasregionais.com.br\"><input type=\"hidden\" id=\"audio_nonce\" value=\"5c13e0637f\">","protected":false},"excerpt":{"rendered":"<p>Pelo segundo ano consecutivo, mulheres tamb\u00e9m podem se inscrever<\/p>\n","protected":false},"author":1,"featured_media":11938,"comment_status":"","ping_status":"open","sticky":false,"template":"","format":"standard","meta":{"sfsi_plus_gutenberg_text_before_share":"","sfsi_plus_gutenberg_show_text_before_share":"","sfsi_plus_gutenberg_icon_type":"","sfsi_plus_gutenberg_icon_alignemt":"","sfsi_plus_gutenburg_max_per_row":"","footnotes":""},"categories":[8],"tags":[],"class_list":["post-11937","post","type-post","status-publish","format-standard","has-post-thumbnail","hentry","category-brasil"],"_links":{"self":[{"href":"https:\/\/noticiasregionais.com.br\/index.php?rest_route=\/wp\/v2\/posts\/11937","targetHints":{"allow":["GET"]}}],"collection":[{"href":"https:\/\/noticiasregionais.com.br\/index.php?rest_route=\/wp\/v2\/posts"}],"about":[{"href":"https:\/\/noticiasregionais.com.br\/index.php?rest_route=\/wp\/v2\/types\/post"}],"author":[{"embeddable":true,"href":"https:\/\/noticiasregionais.com.br\/index.php?rest_route=\/wp\/v2\/users\/1"}],"replies":[{"embeddable":true,"href":"https:\/\/noticiasregionais.com.br\/index.php?rest_route=%2Fwp%2Fv2%2Fcomments&post=11937"}],"version-history":[{"count":0,"href":"https:\/\/noticiasregionais.com.br\/index.php?rest_route=\/wp\/v2\/posts\/11937\/revisions"}],"wp:featuredmedia":[{"embeddable":true,"href":"https:\/\/noticiasregionais.com.br\/index.php?rest_route=\/wp\/v2\/media\/11938"}],"wp:attachment":[{"href":"https:\/\/noticiasregionais.com.br\/index.php?rest_route=%2Fwp%2Fv2%2Fmedia&parent=11937"}],"wp:term":[{"taxonomy":"category","embeddable":true,"href":"https:\/\/noticiasregionais.com.br\/index.php?rest_route=%2Fwp%2Fv2%2Fcategories&post=11937"},{"taxonomy":"post_tag","embeddable":true,"href":"https:\/\/noticiasregionais.com.br\/index.php?rest_route=%2Fwp%2Fv2%2Ftags&post=11937"}],"curies":[{"name":"wp","href":"https:\/\/api.w.org\/{rel}","templated":true}]}}