{"id":11941,"date":"2025-12-26T04:55:00","date_gmt":"2025-12-26T07:55:00","guid":{"rendered":"https:\/\/noticiasregionais.com.br\/?p=11941"},"modified":"2025-12-26T04:55:00","modified_gmt":"2025-12-26T07:55:00","slug":"banco-da-amazonia-amplia-patrocinios-e-alcanca-r-145-milhoes-em-investimentos-ate-setembro","status":"publish","type":"post","link":"https:\/\/noticiasregionais.com.br\/?p=11941","title":{"rendered":"Banco da Amaz\u00f4nia amplia patroc\u00ednios e alcan\u00e7a R$ 14,5 milh\u00f5es em investimentos at\u00e9 setembro"},"content":{"rendered":"<p>\t\t\t\t\t\t\t\t\t\t\t<audio controls class=\"b61_audio_player\" data-noticia=\"86554\" src=\"https:\/\/brasil61.com\/rails\/active_storage\/blobs\/eyJfcmFpbHMiOnsibWVzc2FnZSI6IkJBaHBBekxaQXc9PSIsImV4cCI6bnVsbCwicHVyIjoiYmxvYl9pZCJ9fQ==--edec637e9b878e86c47afa042b004e44d1763893\/BASA250138A\"><\/audio><\/p>\n<p>O <a href=\"https:\/\/www.bancoamazonia.com.br\/\" target=\"_blank\" rel=\"noopener\">Banco da Amaz\u00f4nia<\/a> registrou crescimento expressivo nos investimentos em patroc\u00ednios at\u00e9 setembro de 2025. No per\u00edodo, os<strong> aportes somaram R$14,5 milh\u00f5es, alta de 93,3% em rela\u00e7\u00e3o ao mesmo intervalo de 2024<\/strong>. O avan\u00e7o reflete a amplia\u00e7\u00e3o do<strong> apoio a iniciativas nas \u00e1reas cultural, social e esportiva em diferentes regi\u00f5es da Amaz\u00f4nia Legal.<\/strong><\/p>\n<p>Os dados constam do <a href=\"https:\/\/api.mziq.com\/mzfilemanager\/v2\/d\/348fb9a6-7a7d-45a4-8beb-a6941accbe1d\/db9e3bac-c33a-a20a-6622-3e0fca567b09?origin=1\" target=\"_blank\" rel=\"noopener\">Relat\u00f3rio da Administra\u00e7\u00e3o 9M2025<\/a>, que re\u00fane os resultados dos nove primeiros meses de 2025.<\/p>\n<p>Al\u00e9m de fomentar o desenvolvimento econ\u00f4mico sustent\u00e1vel da Regi\u00e3o Norte por meio da oferta de linhas de cr\u00e9dito a produtores rurais e empres\u00e1rios, o Banco da Amaz\u00f4nia tamb\u00e9m direciona recursos para a valoriza\u00e7\u00e3o da cultura regional e a promo\u00e7\u00e3o da inclus\u00e3o por meio do esporte.<\/p>\n<h2>Realiza\u00e7\u00e3o de sonhos e compromisso com a regi\u00e3o<\/h2>\n<p><strong>Apenas no primeiro trimestre de 2025, a institui\u00e7\u00e3o investiu R$ 3,4 milh\u00f5es no patroc\u00ednio de projetos esportivos, ambientais, sociais, culturais, al\u00e9m de exposi\u00e7\u00f5es realizadas na Amaz\u00f4nia Legal.<\/strong><\/p>\n<p>Entre as iniciativas contempladas est\u00e1 o projeto<a href=\"https:\/\/brasil61.com\/n\/bracadas-do-futuro-patrocinio-do-banco-da-amazonia-impulsiona-natacao-de-alto-rendimento-em-roraima-basa250076\" target=\"_blank\" rel=\"noopener\"> Bra\u00e7adas do Futuro<\/a>, que re\u00fane 200 atletas e paratletas de Boa Vista (RR) e recebe apoio do Banco da Amaz\u00f4nia h\u00e1 cinco anos. A a\u00e7\u00e3o oferece treinamento regular em nata\u00e7\u00e3o em \u00e1guas abertas, com foco no alto rendimento.<\/p>\n<p>Para a treinadora da equipe, Teca Marinho, o <strong>patroc\u00ednio \u00e9 fundamental para garantir a continuidade dos treinos e ampliar as oportunidades para os atletas da regi\u00e3o. Segundo ela, o apoio da institui\u00e7\u00e3o refor\u00e7a o compromisso com a valoriza\u00e7\u00e3o do esporte local.<\/strong><\/p>\n<p>\u201cEu vejo como um exemplo de responsabilidade social e sensibilidade com a realidade da Regi\u00e3o Norte. O Banco da Amaz\u00f4nia tem mostrado um compromisso real com o desenvolvimento e a valoriza\u00e7\u00e3o dos atletas locais, entendendo que o esporte n\u00e3o \u00e9 apenas s\u00f3 competi\u00e7\u00e3o, mas uma poderosa ferramenta de transforma\u00e7\u00e3o social e inclus\u00e3o\u201d, ressalta.\u00a0<\/p>\n<p>O patroc\u00ednio tamb\u00e9m tem sido decisivo para a realiza\u00e7\u00e3o de sonhos individuais. \u00c9 o caso do<a href=\"https:\/\/brasil61.com\/n\/banco-da-amazonia-investe-em-atletas-da-regiao-e-viabiliza-ida-de-judoca-veterano-ao-mundial-basa250068\" target=\"_blank\" rel=\"noopener\"> <strong>judoca amapaense Alessandro Barros<\/strong><\/a>, que, ap\u00f3s 40 anos de carreira, participou pela primeira vez de um Campeonato Mundial de Jud\u00f4, em Paris, neste ano, gra\u00e7as ao apoio da institui\u00e7\u00e3o.<\/p>\n<p><strong>Em janeiro de 2025, Alessandro esteve entre os 83 projetos selecionados pelo Banco da Amaz\u00f4nia para receber recursos. Segundo o atleta, o patroc\u00ednio viabilizou n\u00e3o apenas sua participa\u00e7\u00e3o no torneio, mas tamb\u00e9m contribui para transformar a trajet\u00f3ria de outros esportistas.<\/strong><\/p>\n<p>\u201cAl\u00e9m de mim, essa ajuda para n\u00f3s atletas \u00e9 primordial para que a gente possa alavancar a nossa carreira como esportista e tamb\u00e9m conseguir nossos objetivos, nossos sonhos, e o Banco da Amaz\u00f4nia oferece isso; ent\u00e3o \u00e9 um compromisso sensacional do Banco\u201d, relata o judoca.<\/p>\n<h2>Fortalecimento da cultura regional<\/h2>\n<p>No campo cultural, a institui\u00e7\u00e3o tamb\u00e9m apoiou, em 2025, a quarta edi\u00e7\u00e3o do projeto <a href=\"https:\/\/brasil61.com\/n\/projeto-circular-campina-cidade-velha-realiza-quarta-edicao-de-2025-no-proximo-domingo-5-em-belem-pa-basa250098\" target=\"_blank\" rel=\"noopener\">Circular Campina Cidade Velha<\/a>, que busca estimular a ocupa\u00e7\u00e3o e o uso de espa\u00e7os culturais de Bel\u00e9m (PA). Com 11 anos de hist\u00f3ria, a<strong> iniciativa conta com o patroc\u00ednio do Banco da Amaz\u00f4nia desde 2015.<\/strong><\/p>\n<p>O evento reuniu dezenas de expositores, empreendedores locais e iniciativas da economia criativa, incluindo museus e galerias da capital paraense. Para a coordenadora do projeto, Adelaide Oliveira, o apoio do banco \u00e9 fundamental para viabilizar a programa\u00e7\u00e3o.<\/p>\n<p><strong>O presidente do Banco da Amaz\u00f4nia, Luiz Lessa, considera que o setor cultural vai al\u00e9m do entretenimento: \u201cCultura \u00e9 mais um item de uma ind\u00fastria que comp\u00f5e o setor econ\u00f4mico nacional, assim como o turismo; eles est\u00e3o intrinsecamente ligados.\u201d<\/strong><\/p>\n<p>\u201cCom mais apoio para as manifesta\u00e7\u00f5es culturais, a gente ter\u00e1 mais divulga\u00e7\u00e3o movimentando o turismo interno, nacional, e quem sabe a gente consiga atingir tamb\u00e9m o turismo internacional\u201d, complementa Lessa.\u00a0<\/p>\n<p>Em 2025, a institui\u00e7\u00e3o tamb\u00e9m patrocinou a produ\u00e7\u00e3o de um<a href=\"https:\/\/brasil61.com\/n\/cinema-curta-vozes-do-cocal-da-voz-a-tradicao-ribeirinha-e-resgata-a-memoria-da-ilha-do-marajo-basa250115\" target=\"_blank\" rel=\"noopener\"><strong> curta-metragem voltado \u00e0 preserva\u00e7\u00e3o da tradi\u00e7\u00e3o oral da comunidade Vila do Cocal, em S\u00e3o Sebasti\u00e3o da Boa Vista, na Ilha do Maraj\u00f3 (PA).<\/strong><\/a><\/p>\n<p>O diretor do projeto e artista ribeirinho, Josu\u00e9 Castilho, afirma que o filme Vozes do Cocal valoriza a tradi\u00e7\u00e3o ribeirinha e resgata a mem\u00f3ria cultural da regi\u00e3o. Para ele, a parceria refor\u00e7a o compromisso do Banco da Amaz\u00f4nia com a preserva\u00e7\u00e3o da Amaz\u00f4nia.<\/p>\n<p>\u201cAcho que mais do que um investimento cultural, o patroc\u00ednio representa uma alian\u00e7a simb\u00f3lica com os valores da preserva\u00e7\u00e3o ambiental, valoriza\u00e7\u00e3o da cultura amaz\u00f4nica e desenvolvimento sustent\u00e1vel \u2013 princ\u00edpios que est\u00e3o diretamente alinhados com a miss\u00e3o da institui\u00e7\u00e3o Banco da Amaz\u00f4nia\u201d, pontua.\u00a0<\/p>\n<h2>Patroc\u00ednio<\/h2>\n<p>O Banco da Amaz\u00f4nia realiza patroc\u00ednios a \u00a0partir da sele\u00e7\u00e3o de projetos por meio de \u00a0editais p\u00fablicos e\/ou escolha direta.<\/p>\n<p>Os recursos s\u00e3o destinados a apoiar a\u00e7\u00f5es ambientais, sociais, culturais, esportivas e de exposi\u00e7\u00f5es e congressos, com enfoque na \u00e1rea de atua\u00e7\u00e3o da Amaz\u00f4nia Legal.<\/p>\n<p>Para saber mais acesse o site: www.bancoamazonia.com.br<br \/>\n\u00a0<\/p>\n<p>\t\t\t\t\t\t\t\t\t\t<img decoding=\"async\" src=\"https:\/\/brasil61.com\/api\/v1\/serve_pixel\/22254\/86554\" alt=\"Pixel Brasil 61\" class=\"b61_pixel\" width=\"0\" height=\"0\"><\/p>\n<div class=\"br61_backlink\">\n<p>\n\t\t\t\tFonte: <a href=\"https:\/\/brasil61.com\/banco-da-amazonia-amplia-patrocinios-e-alcanca-r-14-5-milhoes-em-investimentos-ate-setembro-basa250138\" title=\"Artigo Original: Banco da Amaz\u00f4nia amplia patroc\u00ednios e alcan\u00e7a R$ 14,5 milh\u00f5es em investimentos at\u00e9 setembro\" target=\"_blank\" rel=\"noopener\">Brasil 61<\/a>\n\t\t\t<\/p>\n<\/p><\/div>\n<input type=\"hidden\" id=\"baseurl\" value=\"https:\/\/noticiasregionais.com.br\"><input type=\"hidden\" id=\"audio_nonce\" value=\"5c13e0637f\">","protected":false},"excerpt":{"rendered":"<p>Aportes cresceram 93,3% em compara\u00e7\u00e3o com o mesmo per\u00edodo do ano passado e refor\u00e7am a\u00e7\u00f5es nas \u00e1reas de cultura, esporte e projetos sociais na Amaz\u00f4nia Legal<\/p>\n","protected":false},"author":1,"featured_media":11942,"comment_status":"","ping_status":"open","sticky":false,"template":"","format":"standard","meta":{"sfsi_plus_gutenberg_text_before_share":"","sfsi_plus_gutenberg_show_text_before_share":"","sfsi_plus_gutenberg_icon_type":"","sfsi_plus_gutenberg_icon_alignemt":"","sfsi_plus_gutenburg_max_per_row":"","footnotes":""},"categories":[8],"tags":[],"class_list":["post-11941","post","type-post","status-publish","format-standard","has-post-thumbnail","hentry","category-brasil"],"_links":{"self":[{"href":"https:\/\/noticiasregionais.com.br\/index.php?rest_route=\/wp\/v2\/posts\/11941","targetHints":{"allow":["GET"]}}],"collection":[{"href":"https:\/\/noticiasregionais.com.br\/index.php?rest_route=\/wp\/v2\/posts"}],"about":[{"href":"https:\/\/noticiasregionais.com.br\/index.php?rest_route=\/wp\/v2\/types\/post"}],"author":[{"embeddable":true,"href":"https:\/\/noticiasregionais.com.br\/index.php?rest_route=\/wp\/v2\/users\/1"}],"replies":[{"embeddable":true,"href":"https:\/\/noticiasregionais.com.br\/index.php?rest_route=%2Fwp%2Fv2%2Fcomments&post=11941"}],"version-history":[{"count":0,"href":"https:\/\/noticiasregionais.com.br\/index.php?rest_route=\/wp\/v2\/posts\/11941\/revisions"}],"wp:featuredmedia":[{"embeddable":true,"href":"https:\/\/noticiasregionais.com.br\/index.php?rest_route=\/wp\/v2\/media\/11942"}],"wp:attachment":[{"href":"https:\/\/noticiasregionais.com.br\/index.php?rest_route=%2Fwp%2Fv2%2Fmedia&parent=11941"}],"wp:term":[{"taxonomy":"category","embeddable":true,"href":"https:\/\/noticiasregionais.com.br\/index.php?rest_route=%2Fwp%2Fv2%2Fcategories&post=11941"},{"taxonomy":"post_tag","embeddable":true,"href":"https:\/\/noticiasregionais.com.br\/index.php?rest_route=%2Fwp%2Fv2%2Ftags&post=11941"}],"curies":[{"name":"wp","href":"https:\/\/api.w.org\/{rel}","templated":true}]}}