{"id":11959,"date":"2025-12-27T04:10:00","date_gmt":"2025-12-27T07:10:00","guid":{"rendered":"https:\/\/noticiasregionais.com.br\/?p=11959"},"modified":"2025-12-27T04:10:00","modified_gmt":"2025-12-27T07:10:00","slug":"o-presente-nao-coube-saiba-seus-direitos-na-hora-de-trocar","status":"publish","type":"post","link":"https:\/\/noticiasregionais.com.br\/?p=11959","title":{"rendered":"O presente n\u00e3o coube? Saiba seus direitos na hora de trocar"},"content":{"rendered":"<p>\t\t\t\t\t\t\t\t\t\t\t<audio controls class=\"b61_audio_player\" data-noticia=\"86714\" src=\"https:\/\/brasil61.com\/rails\/active_storage\/blobs\/eyJfcmFpbHMiOnsibWVzc2FnZSI6IkJBaHBBeURjQXc9PSIsImV4cCI6bnVsbCwicHVyIjoiYmxvYl9pZCJ9fQ==--badd8378d71a23914a90ed042d0aebe555b3ebd3\/BRAS2515434A\"><\/audio><\/p>\n<p>Fam\u00edlia reunida, presentes trocados com parentes mas, \u00e0s vezes, a felicidade d\u00e1 lugar \u00e0 frustra\u00e7\u00e3o de um produto que n\u00e3o serviu adequadamente. \u00c9 por casos assim que o primeiro dia \u00fatil ap\u00f3s o Natal \u00e9 conhecido como o Dia da Troca. O com\u00e9rcio fica repleto de clientes para fazer a devolu\u00e7\u00e3o ou substitui\u00e7\u00e3o de itens.<\/p>\n<p>Nessas situa\u00e7\u00f5es, \u00e9 sempre bom saber o que determina o <a href=\"https:\/\/www.planalto.gov.br\/ccivil_03\/leis\/l8078compilado.htm\" target=\"_blank\" rel=\"noopener\">C\u00f3digo de Defesa do Consumidor (CDC)<\/a>. Cor, modelo ou tamanho errados n\u00e3o s\u00e3o motivos para troca obrigat\u00f3ria de compras feitas em lojas f\u00edsicas. \u00c9 o estabelecimento que decide se faz ou n\u00e3o a devolu\u00e7\u00e3o e sob quais circunst\u00e2ncias, como prazo, manuten\u00e7\u00e3o da etiqueta e apresenta\u00e7\u00e3o de cupom ou nota fiscal. Essas condi\u00e7\u00f5es, no entanto, devem ser informadas de forma clara e ostensiva ao consumidor no momento da compra.<\/p>\n<p>J\u00e1 para as compras realizadas de forma remota, ou seja, pela internet, telefone ou outro meio que n\u00e3o seja presencial, o consumidor tem garantido o direito ao arrependimento. O prazo estipulado pelo CDC \u00e9 de at\u00e9 sete dias, contados a partir da data da compra ou do recebimento do produto. Quando \u00e9 o caso, o fornecedor tem que arcar, inclusive, com os custos do frete da devolu\u00e7\u00e3o, independentemente da motiva\u00e7\u00e3o do consumidor.<\/p>\n<h2>Defeitos<\/h2>\n<p>As regras para quando o presente apresenta defeito s\u00e3o as mesmas tanto para lojas f\u00edsicas quanto para compras online. O prazo garantido ao consumidor para reclamar de imperfei\u00e7\u00f5es \u00e9 de 30 dias para produtos n\u00e3o dur\u00e1veis, como alimentos, e de at\u00e9 90 dias no caso de itens duradouros, como eletrodom\u00e9sticos, roupas e celulares. O fornecedor tem at\u00e9 30 dias para solucionar o problema, contatados a partir da data da reclama\u00e7\u00e3o.<\/p>\n<p>Se o defeito n\u00e3o for resolvido nesse per\u00edodo, o consumidor pode escolher entre a troca do produto por outro equivalente, o abatimento proporcional do pre\u00e7o pago em decorr\u00eancia do defeito ou a devolu\u00e7\u00e3o do valor pago com corre\u00e7\u00e3o monet\u00e1ria. Para objetos considerados essenciais, como geladeiras, n\u00e3o \u00e9 necess\u00e1rio aguardar os 30 dias para conserto, sendo poss\u00edvel optar imediatamente por uma das alternativas previstas em lei. Aqui, o fornecedor tamb\u00e9m deve custear as despesas com o envio ou postagem do produto.<\/p>\n<h2>Abrang\u00eancia<\/h2>\n<p>Todas essas regras valem para itens importados comercializados por lojas ou sites brasileiros. \u00c9 obrigat\u00f3rio que esses estabelecimentos tenham todas as informa\u00e7\u00f5es em portugu\u00eas. Para garantir os direitos, \u00e9 recomendado que o consumidor sempre guarde a nota fiscal, recibos, termos de garantia e mantenha a etiqueta do produto intacta.<\/p>\n<p>\t\t\t\t\t\t\t\t\t\t<img decoding=\"async\" src=\"https:\/\/brasil61.com\/api\/v1\/serve_pixel\/22254\/86714\" alt=\"Pixel Brasil 61\" class=\"b61_pixel\" width=\"0\" height=\"0\"><\/p>\n<div class=\"br61_backlink\">\n<p>\n\t\t\t\tFonte: <a href=\"https:\/\/brasil61.com\/o-presente-nao-coube-saiba-seus-direitos-na-hora-de-trocar-bras2515434\" title=\"Artigo Original: O presente n\u00e3o coube? Saiba seus direitos na hora de trocar\" target=\"_blank\" rel=\"noopener\">Brasil 61<\/a>\n\t\t\t<\/p>\n<\/p><\/div>\n<input type=\"hidden\" id=\"baseurl\" value=\"https:\/\/noticiasregionais.com.br\"><input type=\"hidden\" id=\"audio_nonce\" value=\"5c13e0637f\">","protected":false},"excerpt":{"rendered":"<p>Com\u00e9rcio e shoppings ficam cheios de clientes no primeiro dia \u00fatil ap\u00f3s o Natal, conhecido como Dia da Troca<\/p>\n","protected":false},"author":1,"featured_media":11960,"comment_status":"","ping_status":"open","sticky":false,"template":"","format":"standard","meta":{"sfsi_plus_gutenberg_text_before_share":"","sfsi_plus_gutenberg_show_text_before_share":"","sfsi_plus_gutenberg_icon_type":"","sfsi_plus_gutenberg_icon_alignemt":"","sfsi_plus_gutenburg_max_per_row":"","footnotes":""},"categories":[8],"tags":[],"class_list":["post-11959","post","type-post","status-publish","format-standard","has-post-thumbnail","hentry","category-brasil"],"_links":{"self":[{"href":"https:\/\/noticiasregionais.com.br\/index.php?rest_route=\/wp\/v2\/posts\/11959","targetHints":{"allow":["GET"]}}],"collection":[{"href":"https:\/\/noticiasregionais.com.br\/index.php?rest_route=\/wp\/v2\/posts"}],"about":[{"href":"https:\/\/noticiasregionais.com.br\/index.php?rest_route=\/wp\/v2\/types\/post"}],"author":[{"embeddable":true,"href":"https:\/\/noticiasregionais.com.br\/index.php?rest_route=\/wp\/v2\/users\/1"}],"replies":[{"embeddable":true,"href":"https:\/\/noticiasregionais.com.br\/index.php?rest_route=%2Fwp%2Fv2%2Fcomments&post=11959"}],"version-history":[{"count":0,"href":"https:\/\/noticiasregionais.com.br\/index.php?rest_route=\/wp\/v2\/posts\/11959\/revisions"}],"wp:featuredmedia":[{"embeddable":true,"href":"https:\/\/noticiasregionais.com.br\/index.php?rest_route=\/wp\/v2\/media\/11960"}],"wp:attachment":[{"href":"https:\/\/noticiasregionais.com.br\/index.php?rest_route=%2Fwp%2Fv2%2Fmedia&parent=11959"}],"wp:term":[{"taxonomy":"category","embeddable":true,"href":"https:\/\/noticiasregionais.com.br\/index.php?rest_route=%2Fwp%2Fv2%2Fcategories&post=11959"},{"taxonomy":"post_tag","embeddable":true,"href":"https:\/\/noticiasregionais.com.br\/index.php?rest_route=%2Fwp%2Fv2%2Ftags&post=11959"}],"curies":[{"name":"wp","href":"https:\/\/api.w.org\/{rel}","templated":true}]}}