{"id":1196,"date":"2023-11-16T08:49:39","date_gmt":"2023-11-16T11:49:39","guid":{"rendered":"https:\/\/noticiasregionais.com.br\/?p=1196"},"modified":"2023-11-16T08:49:51","modified_gmt":"2023-11-16T11:49:51","slug":"aeroporto-de-ourinhos-recebe-operacao-medica-para-transporte-de-orgaos-de-vitima-de-acidente-fatal","status":"publish","type":"post","link":"https:\/\/noticiasregionais.com.br\/?p=1196","title":{"rendered":"Aeroporto de Ourinhos recebe opera\u00e7\u00e3o m\u00e9dica para transporte de \u00f3rg\u00e3os de v\u00edtima de acidente fatal"},"content":{"rendered":"\n<p>O Aeroporto &#8220;Jornalista Benedito Pimentel&#8221; de Ourinhos foi cen\u00e1rio, na madrugada desta quarta-feira (15), de uma importante opera\u00e7\u00e3o m\u00e9dica com a chegada de uma aeronave da For\u00e7a A\u00e9rea Brasileira, vinda de S\u00e3o Paulo e uma de Ribeir\u00e3o Preto.<\/p>\n\n\n\n<p>As aeronaves transportavam equipes m\u00e9dicas especializadas para realizar procedimentos cir\u00fargicos na Santa Casa de Ourinhos, visando a retirada de \u00f3rg\u00e3os doados por familiares do jovem de 20 anos que faleceu v\u00edtima de um acidente de tr\u00e2nsito nesta ter\u00e7a-feira (14) .<\/p>\n\n\n\n<p>Uma das aeronaves \u00e9 um avi\u00e3o FAB2009, da For\u00e7a A\u00e9rea Brasileira, que trouxe m\u00e9dicos do Hospital S\u00e3o Camilo, em S\u00e3o Paulo. A outra \u00e9 um King Air, t\u00e1xi a\u00e9reo fretado por uma empresa privada a servi\u00e7o do Hospital das Cl\u00ednicas de Ribeir\u00e3o Preto. Cada equipe possui especializa\u00e7\u00e3o na retirada de \u00f3rg\u00e3os espec\u00edficos.<\/p>\n\n\n\n<p>A a\u00e7\u00e3o contou com apoio da Guarda Civil Municipal.<\/p>\n\n\n\n<figure class=\"wp-block-gallery has-nested-images columns-default is-cropped wp-block-gallery-1 is-layout-flex wp-block-gallery-is-layout-flex\">\n<figure class=\"wp-block-image size-large\"><a href=\"https:\/\/noticiasregionais.com.br\/wp-content\/uploads\/2023\/11\/WhatsApp-Image-2023-11-15-at-18.25.16-1.jpeg\"><img decoding=\"async\" width=\"572\" height=\"1024\" data-id=\"1199\" src=\"https:\/\/noticiasregionais.com.br\/wp-content\/uploads\/2023\/11\/WhatsApp-Image-2023-11-15-at-18.25.16-1-572x1024.jpeg\" alt=\"\" class=\"wp-image-1199\" srcset=\"https:\/\/noticiasregionais.com.br\/wp-content\/uploads\/2023\/11\/WhatsApp-Image-2023-11-15-at-18.25.16-1-572x1024.jpeg 572w, https:\/\/noticiasregionais.com.br\/wp-content\/uploads\/2023\/11\/WhatsApp-Image-2023-11-15-at-18.25.16-1-168x300.jpeg 168w, https:\/\/noticiasregionais.com.br\/wp-content\/uploads\/2023\/11\/WhatsApp-Image-2023-11-15-at-18.25.16-1-768x1374.jpeg 768w, https:\/\/noticiasregionais.com.br\/wp-content\/uploads\/2023\/11\/WhatsApp-Image-2023-11-15-at-18.25.16-1-858x1536.jpeg 858w, https:\/\/noticiasregionais.com.br\/wp-content\/uploads\/2023\/11\/WhatsApp-Image-2023-11-15-at-18.25.16-1.jpeg 894w\" sizes=\"(max-width: 572px) 100vw, 572px\" \/><\/a><\/figure>\n\n\n\n<figure class=\"wp-block-image size-large\"><a href=\"https:\/\/noticiasregionais.com.br\/wp-content\/uploads\/2023\/11\/WhatsApp-Image-2023-11-15-at-18.25.16.jpeg\"><img decoding=\"async\" width=\"576\" height=\"1024\" data-id=\"1198\" src=\"https:\/\/noticiasregionais.com.br\/wp-content\/uploads\/2023\/11\/WhatsApp-Image-2023-11-15-at-18.25.16-576x1024.jpeg\" alt=\"\" class=\"wp-image-1198\" srcset=\"https:\/\/noticiasregionais.com.br\/wp-content\/uploads\/2023\/11\/WhatsApp-Image-2023-11-15-at-18.25.16-576x1024.jpeg 576w, https:\/\/noticiasregionais.com.br\/wp-content\/uploads\/2023\/11\/WhatsApp-Image-2023-11-15-at-18.25.16-169x300.jpeg 169w, https:\/\/noticiasregionais.com.br\/wp-content\/uploads\/2023\/11\/WhatsApp-Image-2023-11-15-at-18.25.16-768x1365.jpeg 768w, https:\/\/noticiasregionais.com.br\/wp-content\/uploads\/2023\/11\/WhatsApp-Image-2023-11-15-at-18.25.16-864x1536.jpeg 864w, https:\/\/noticiasregionais.com.br\/wp-content\/uploads\/2023\/11\/WhatsApp-Image-2023-11-15-at-18.25.16.jpeg 900w\" sizes=\"(max-width: 576px) 100vw, 576px\" \/><\/a><\/figure>\n\n\n\n<figure class=\"wp-block-image size-large\"><a href=\"https:\/\/noticiasregionais.com.br\/wp-content\/uploads\/2023\/11\/WhatsApp-Image-2023-11-15-at-18.25.15-1.jpeg\"><img decoding=\"async\" width=\"563\" height=\"1024\" data-id=\"1197\" src=\"https:\/\/noticiasregionais.com.br\/wp-content\/uploads\/2023\/11\/WhatsApp-Image-2023-11-15-at-18.25.15-1-563x1024.jpeg\" alt=\"\" class=\"wp-image-1197\" srcset=\"https:\/\/noticiasregionais.com.br\/wp-content\/uploads\/2023\/11\/WhatsApp-Image-2023-11-15-at-18.25.15-1-563x1024.jpeg 563w, https:\/\/noticiasregionais.com.br\/wp-content\/uploads\/2023\/11\/WhatsApp-Image-2023-11-15-at-18.25.15-1-165x300.jpeg 165w, https:\/\/noticiasregionais.com.br\/wp-content\/uploads\/2023\/11\/WhatsApp-Image-2023-11-15-at-18.25.15-1-768x1396.jpeg 768w, https:\/\/noticiasregionais.com.br\/wp-content\/uploads\/2023\/11\/WhatsApp-Image-2023-11-15-at-18.25.15-1-845x1536.jpeg 845w, https:\/\/noticiasregionais.com.br\/wp-content\/uploads\/2023\/11\/WhatsApp-Image-2023-11-15-at-18.25.15-1.jpeg 880w\" sizes=\"(max-width: 563px) 100vw, 563px\" \/><\/a><\/figure>\n<\/figure>\n<input type=\"hidden\" id=\"baseurl\" value=\"https:\/\/noticiasregionais.com.br\"><input type=\"hidden\" id=\"audio_nonce\" value=\"533fbb67b1\">","protected":false},"excerpt":{"rendered":"<p>O Aeroporto &#8220;Jornalista Benedito Pimentel&#8221; de Ourinhos foi cen\u00e1rio, na madrugada desta quarta-feira (15), de uma importante opera\u00e7\u00e3o m\u00e9dica com&hellip;<\/p>\n","protected":false},"author":1,"featured_media":1200,"comment_status":"closed","ping_status":"open","sticky":false,"template":"","format":"standard","meta":{"sfsi_plus_gutenberg_text_before_share":"","sfsi_plus_gutenberg_show_text_before_share":"","sfsi_plus_gutenberg_icon_type":"","sfsi_plus_gutenberg_icon_alignemt":"","sfsi_plus_gutenburg_max_per_row":"","footnotes":""},"categories":[5,10,1],"tags":[],"class_list":["post-1196","post","type-post","status-publish","format-standard","has-post-thumbnail","hentry","category-ourinhos","category-destaques","category-noticias"],"_links":{"self":[{"href":"https:\/\/noticiasregionais.com.br\/index.php?rest_route=\/wp\/v2\/posts\/1196","targetHints":{"allow":["GET"]}}],"collection":[{"href":"https:\/\/noticiasregionais.com.br\/index.php?rest_route=\/wp\/v2\/posts"}],"about":[{"href":"https:\/\/noticiasregionais.com.br\/index.php?rest_route=\/wp\/v2\/types\/post"}],"author":[{"embeddable":true,"href":"https:\/\/noticiasregionais.com.br\/index.php?rest_route=\/wp\/v2\/users\/1"}],"replies":[{"embeddable":true,"href":"https:\/\/noticiasregionais.com.br\/index.php?rest_route=%2Fwp%2Fv2%2Fcomments&post=1196"}],"version-history":[{"count":1,"href":"https:\/\/noticiasregionais.com.br\/index.php?rest_route=\/wp\/v2\/posts\/1196\/revisions"}],"predecessor-version":[{"id":1201,"href":"https:\/\/noticiasregionais.com.br\/index.php?rest_route=\/wp\/v2\/posts\/1196\/revisions\/1201"}],"wp:featuredmedia":[{"embeddable":true,"href":"https:\/\/noticiasregionais.com.br\/index.php?rest_route=\/wp\/v2\/media\/1200"}],"wp:attachment":[{"href":"https:\/\/noticiasregionais.com.br\/index.php?rest_route=%2Fwp%2Fv2%2Fmedia&parent=1196"}],"wp:term":[{"taxonomy":"category","embeddable":true,"href":"https:\/\/noticiasregionais.com.br\/index.php?rest_route=%2Fwp%2Fv2%2Fcategories&post=1196"},{"taxonomy":"post_tag","embeddable":true,"href":"https:\/\/noticiasregionais.com.br\/index.php?rest_route=%2Fwp%2Fv2%2Ftags&post=1196"}],"curies":[{"name":"wp","href":"https:\/\/api.w.org\/{rel}","templated":true}]}}