{"id":11961,"date":"2025-12-27T04:25:00","date_gmt":"2025-12-27T07:25:00","guid":{"rendered":"https:\/\/noticiasregionais.com.br\/?p=11961"},"modified":"2025-12-27T04:25:00","modified_gmt":"2025-12-27T07:25:00","slug":"confianca-da-construcao-civil-cai-em-dezembro-e-atinge-menor-nivel-desde-2021","status":"publish","type":"post","link":"https:\/\/noticiasregionais.com.br\/?p=11961","title":{"rendered":"Confian\u00e7a da constru\u00e7\u00e3o civil cai em dezembro e atinge menor n\u00edvel desde 2021"},"content":{"rendered":"<p>\t\t\t\t\t\t\t\t\t\t\t<audio controls class=\"b61_audio_player\" data-noticia=\"86667\" src=\"https:\/\/brasil61.com\/rails\/active_storage\/blobs\/eyJfcmFpbHMiOnsibWVzc2FnZSI6IkJBaHBBd0RiQXc9PSIsImV4cCI6bnVsbCwicHVyIjoiYmxvYl9pZCJ9fQ==--ad74cf169cec7ab55b461e2c77ba724fe071866d\/BRAS2515409A\"><\/audio><\/p>\n<p>O setor da <b>constru\u00e7\u00e3o civil encerrou 2025 em retra\u00e7\u00e3o.<\/b> Em dezembro, o \u00cdndice de Confian\u00e7a da Constru\u00e7\u00e3o (ICST), calculado pela Funda\u00e7\u00e3o Getulio Vargas (FGV),<b> recuou 1,2 ponto e chegou a 91,4 pontos<\/b> \u2014 o <b>n\u00edvel mais baixo desde maio de 2021, <\/b>per\u00edodo ainda marcado pelos efeitos da pandemia.<\/p>\n<p>\u00a0<\/p>\n<p>Segundo a coordenadora de Projetos da Constru\u00e7\u00e3o do FGV IBRE, Ana Maria Castelo, <b>o setor atravessou todo o ano sem conseguir sustentar uma trajet\u00f3ria consistente de recupera\u00e7\u00e3o da confian\u00e7a,<\/b> o que evidencia um ambiente de instabilidade.<\/p>\n<p>\u00a0<\/p>\n<p>\u201cA melhora observada em novembro n\u00e3o se sustentou. Ao longo de todo o ano, o setor n\u00e3o conseguiu engatar duas melhoras consecutivas da confian\u00e7a setorial e, assim, o indicador alcan\u00e7ou em dezembro o pior patamar desde 2021. O que isso revela? Que a despeito da alta dos investimentos estimados para a infraestrutura, do elevado volume de contrata\u00e7\u00f5es feitas pelo Programa Minha Casa Minha Vida, as dificuldades de encontrar trabalhadores e o aumento dos custos afetaram sobremaneira o ambiente de neg\u00f3cios das empresas. No \u00faltimo m\u00eas do ano, o \u00cdndice de Expectativas teve piora, mas o percentual que aponta alta da demanda nos pr\u00f3ximos meses se mant\u00e9m acima do percentual de queda, o que significa que, para 2026, a percep\u00e7\u00e3o dominante \u00e9 de continuidade desse ambiente de mercado de trabalho pressionado\u201d, observou.<\/p>\n<p>\u00a0<\/p>\n<p>De acordo com o economista e conselheiro do Conselho Regional de Economia de S\u00e3o Paulo, Carlos Eduardo Oliveira J\u00fanior, as taxas de juros elevadas inibem o investimento. \u201cUm investimento menor faz com que a confian\u00e7a pare de subir. Como ocorre nesse caso, o \u00cdndice de Confian\u00e7a da Constru\u00e7\u00e3o Civil, algo que depende muito da quest\u00e3o dos juros, quando os juros est\u00e3o muito elevados, faz com que a demanda caia.\u201d<\/p>\n<p>\u00a0<\/p>\n<p>Apesar disso, houve um dado positivo: o <b>n\u00edvel de utiliza\u00e7\u00e3o da capacidade instalada<\/b>, que mostra o quanto as empresas est\u00e3o usando sua estrutura, subiu para <b>78,5%<\/b> em dezembro. Isso significa que canteiros, trabalhadores e m\u00e1quinas est\u00e3o sendo mais utilizados.<\/p>\n<p>\t\t\t\t\t\t\t\t\t\t<img decoding=\"async\" src=\"https:\/\/brasil61.com\/api\/v1\/serve_pixel\/22254\/86667\" alt=\"Pixel Brasil 61\" class=\"b61_pixel\" width=\"0\" height=\"0\"><\/p>\n<div class=\"br61_backlink\">\n<p>\n\t\t\t\tFonte: <a href=\"https:\/\/brasil61.com\/confianca-da-construcao-civil-cai-em-dezembro-e-atinge-menor-nivel-desde-2021-bras2515409\" title=\"Artigo Original:  Confian\u00e7a da constru\u00e7\u00e3o civil cai em dezembro e atinge menor n\u00edvel desde 2021\" target=\"_blank\" rel=\"noopener\">Brasil 61<\/a>\n\t\t\t<\/p>\n<\/p><\/div>\n<input type=\"hidden\" id=\"baseurl\" value=\"https:\/\/noticiasregionais.com.br\"><input type=\"hidden\" id=\"audio_nonce\" value=\"296231ceac\">","protected":false},"excerpt":{"rendered":"<p>\u00cdndice da FGV fecha 2025 em queda, pressionado por juros altos, custos elevados e dificuldades na contrata\u00e7\u00e3o de m\u00e3o de obra<\/p>\n","protected":false},"author":1,"featured_media":11962,"comment_status":"","ping_status":"open","sticky":false,"template":"","format":"standard","meta":{"sfsi_plus_gutenberg_text_before_share":"","sfsi_plus_gutenberg_show_text_before_share":"","sfsi_plus_gutenberg_icon_type":"","sfsi_plus_gutenberg_icon_alignemt":"","sfsi_plus_gutenburg_max_per_row":"","footnotes":""},"categories":[8],"tags":[],"class_list":["post-11961","post","type-post","status-publish","format-standard","has-post-thumbnail","hentry","category-brasil"],"_links":{"self":[{"href":"https:\/\/noticiasregionais.com.br\/index.php?rest_route=\/wp\/v2\/posts\/11961","targetHints":{"allow":["GET"]}}],"collection":[{"href":"https:\/\/noticiasregionais.com.br\/index.php?rest_route=\/wp\/v2\/posts"}],"about":[{"href":"https:\/\/noticiasregionais.com.br\/index.php?rest_route=\/wp\/v2\/types\/post"}],"author":[{"embeddable":true,"href":"https:\/\/noticiasregionais.com.br\/index.php?rest_route=\/wp\/v2\/users\/1"}],"replies":[{"embeddable":true,"href":"https:\/\/noticiasregionais.com.br\/index.php?rest_route=%2Fwp%2Fv2%2Fcomments&post=11961"}],"version-history":[{"count":0,"href":"https:\/\/noticiasregionais.com.br\/index.php?rest_route=\/wp\/v2\/posts\/11961\/revisions"}],"wp:featuredmedia":[{"embeddable":true,"href":"https:\/\/noticiasregionais.com.br\/index.php?rest_route=\/wp\/v2\/media\/11962"}],"wp:attachment":[{"href":"https:\/\/noticiasregionais.com.br\/index.php?rest_route=%2Fwp%2Fv2%2Fmedia&parent=11961"}],"wp:term":[{"taxonomy":"category","embeddable":true,"href":"https:\/\/noticiasregionais.com.br\/index.php?rest_route=%2Fwp%2Fv2%2Fcategories&post=11961"},{"taxonomy":"post_tag","embeddable":true,"href":"https:\/\/noticiasregionais.com.br\/index.php?rest_route=%2Fwp%2Fv2%2Ftags&post=11961"}],"curies":[{"name":"wp","href":"https:\/\/api.w.org\/{rel}","templated":true}]}}