{"id":11965,"date":"2025-12-27T04:15:00","date_gmt":"2025-12-27T07:15:00","guid":{"rendered":"https:\/\/noticiasregionais.com.br\/?p=11965"},"modified":"2025-12-27T04:15:00","modified_gmt":"2025-12-27T07:15:00","slug":"ministerio-da-saude-amplia-prazo-de-resgate-vacinal-contra-o-hpv-para-jovens-de-15-a-19-anos-ate-2026","status":"publish","type":"post","link":"https:\/\/noticiasregionais.com.br\/?p=11965","title":{"rendered":"Minist\u00e9rio da Sa\u00fade amplia prazo de resgate vacinal contra o HPV para jovens de 15 a 19 anos at\u00e9 2026"},"content":{"rendered":"<p>\t\t\t\t\t\t\t\t\t\t\t<audio controls class=\"b61_audio_player\" data-noticia=\"86688\" src=\"https:\/\/brasil61.com\/rails\/active_storage\/blobs\/eyJfcmFpbHMiOnsibWVzc2FnZSI6IkJBaHBBd3ZjQXc9PSIsImV4cCI6bnVsbCwicHVyIjoiYmxvYl9pZCJ9fQ==--556bf073ca6cb1e3c9b57f7f621dbbe003004477\/BRAS2515421A\"><\/audio><\/p>\n<p>O Minist\u00e9rio da Sa\u00fade prorrogou at\u00e9 o primeiro semestre de 2026 a estrat\u00e9gia nacional de resgate vacinal contra o HPV voltada a adolescentes e jovens de 15 a 19 anos que ainda n\u00e3o receberam o imunizante na idade recomendada. A amplia\u00e7\u00e3o do prazo tem como objetivo refor\u00e7ar a prote\u00e7\u00e3o desse p\u00fablico e aumentar a cobertura vacinal em todo o pa\u00eds, por meio de a\u00e7\u00f5es em escolas e outros locais de grande circula\u00e7\u00e3o.<\/p>\n<p>A estimativa da pasta \u00e9 vacinar cerca de 7 milh\u00f5es de jovens nessa faixa et\u00e1ria. Desde o in\u00edcio da estrat\u00e9gia, at\u00e9 dezembro de 2025, j\u00e1 foram aplicadas 208,7 mil doses \u2014 91 mil em meninas e 117,7 mil em meninos.\u00a0<\/p>\n<p>O diretor do Programa Nacional de Imuniza\u00e7\u00f5es (PNI), Eder Gatti, destacou que a amplia\u00e7\u00e3o do prazo permite que adolescentes e jovens que n\u00e3o se vacinaram entre 9 e 14 anos possam garantir sua prote\u00e7\u00e3o. &#8220;Essa medida contribui para reduzir a circula\u00e7\u00e3o do v\u00edrus e prevenir doen\u00e7as graves associadas ao HPV&#8221;, afirmou.<\/p>\n<p>A vacina \u00e9 segura e essencial na preven\u00e7\u00e3o de diversos tipos de c\u00e2ncer, incluindo os de colo do \u00fatero, vulva, p\u00eanis, garganta e pesco\u00e7o. A iniciativa contempla todos os 5,5 mil munic\u00edpios brasileiros, com aplica\u00e7\u00e3o dispon\u00edvel nas Unidades B\u00e1sicas de Sa\u00fade (UBS) e em a\u00e7\u00f5es extramuros promovidas em escolas, universidades, gin\u00e1sios e shoppings, em parceria com estados e munic\u00edpios.<\/p>\n<p>Desde 2024, o Brasil adota o esquema de dose \u00fanica da vacina contra o HPV, o que simplifica o acesso e facilita a ades\u00e3o dos adolescentes \u00e0 imuniza\u00e7\u00e3o. Para pessoas imunocomprometidas \u2014 como pacientes vivendo com HIV\/Aids, transplantados, pacientes oncol\u00f3gicos, usu\u00e1rios de PrEP entre 15 e 45 anos e v\u00edtimas de viol\u00eancia sexual a partir dos 15 anos \u2014 o esquema permanece com tr\u00eas doses, conforme recomenda\u00e7\u00e3o do Minist\u00e9rio da Sa\u00fade.<\/p>\n<p>Mais informa\u00e7\u00f5es sobre a vacina\u00e7\u00e3o est\u00e3o dispon\u00edveis no portal do Minist\u00e9rio da Sa\u00fade:\u00a0<br \/>\nwww.gov.br\/saude<\/p>\n<p>\t\t\t\t\t\t\t\t\t\t<img decoding=\"async\" src=\"https:\/\/brasil61.com\/api\/v1\/serve_pixel\/22254\/86688\" alt=\"Pixel Brasil 61\" class=\"b61_pixel\" width=\"0\" height=\"0\"><\/p>\n<div class=\"br61_backlink\">\n<p>\n\t\t\t\tFonte: <a href=\"https:\/\/brasil61.com\/ministerio-da-saude-amplia-prazo-de-resgate-vacinal-contra-o-hpv-para-jovens-de-15-a-19-anos-ate-2026-bras2515421\" title=\"Artigo Original: Minist\u00e9rio da Sa\u00fade amplia prazo de resgate vacinal contra o HPV para jovens de 15 a 19 anos at\u00e9 2026\" target=\"_blank\" rel=\"noopener\">Brasil 61<\/a>\n\t\t\t<\/p>\n<\/p><\/div>\n<input type=\"hidden\" id=\"baseurl\" value=\"https:\/\/noticiasregionais.com.br\"><input type=\"hidden\" id=\"audio_nonce\" value=\"296231ceac\">","protected":false},"excerpt":{"rendered":"<p>A estimativa da pasta \u00e9 vacinar cerca de 7 milh\u00f5es de jovens nessa faixa et\u00e1ria<\/p>\n","protected":false},"author":1,"featured_media":11966,"comment_status":"","ping_status":"open","sticky":false,"template":"","format":"standard","meta":{"sfsi_plus_gutenberg_text_before_share":"","sfsi_plus_gutenberg_show_text_before_share":"","sfsi_plus_gutenberg_icon_type":"","sfsi_plus_gutenberg_icon_alignemt":"","sfsi_plus_gutenburg_max_per_row":"","footnotes":""},"categories":[8],"tags":[],"class_list":["post-11965","post","type-post","status-publish","format-standard","has-post-thumbnail","hentry","category-brasil"],"_links":{"self":[{"href":"https:\/\/noticiasregionais.com.br\/index.php?rest_route=\/wp\/v2\/posts\/11965","targetHints":{"allow":["GET"]}}],"collection":[{"href":"https:\/\/noticiasregionais.com.br\/index.php?rest_route=\/wp\/v2\/posts"}],"about":[{"href":"https:\/\/noticiasregionais.com.br\/index.php?rest_route=\/wp\/v2\/types\/post"}],"author":[{"embeddable":true,"href":"https:\/\/noticiasregionais.com.br\/index.php?rest_route=\/wp\/v2\/users\/1"}],"replies":[{"embeddable":true,"href":"https:\/\/noticiasregionais.com.br\/index.php?rest_route=%2Fwp%2Fv2%2Fcomments&post=11965"}],"version-history":[{"count":0,"href":"https:\/\/noticiasregionais.com.br\/index.php?rest_route=\/wp\/v2\/posts\/11965\/revisions"}],"wp:featuredmedia":[{"embeddable":true,"href":"https:\/\/noticiasregionais.com.br\/index.php?rest_route=\/wp\/v2\/media\/11966"}],"wp:attachment":[{"href":"https:\/\/noticiasregionais.com.br\/index.php?rest_route=%2Fwp%2Fv2%2Fmedia&parent=11965"}],"wp:term":[{"taxonomy":"category","embeddable":true,"href":"https:\/\/noticiasregionais.com.br\/index.php?rest_route=%2Fwp%2Fv2%2Fcategories&post=11965"},{"taxonomy":"post_tag","embeddable":true,"href":"https:\/\/noticiasregionais.com.br\/index.php?rest_route=%2Fwp%2Fv2%2Ftags&post=11965"}],"curies":[{"name":"wp","href":"https:\/\/api.w.org\/{rel}","templated":true}]}}