{"id":11975,"date":"2025-12-29T04:05:00","date_gmt":"2025-12-29T07:05:00","guid":{"rendered":"https:\/\/noticiasregionais.com.br\/?p=11975"},"modified":"2025-12-29T04:05:00","modified_gmt":"2025-12-29T07:05:00","slug":"cafe-hoje-confira-as-cotacoes-para-segunda-feira-29-2","status":"publish","type":"post","link":"https:\/\/noticiasregionais.com.br\/?p=11975","title":{"rendered":"Caf\u00e9 hoje: confira as cota\u00e7\u00f5es para segunda-feira (29)"},"content":{"rendered":"<p>\t\t\t\t\t\t\t\t\t\t\t<audio controls class=\"b61_audio_player\" data-noticia=\"86721\" src=\"https:\/\/brasil61.com\/rails\/active_storage\/blobs\/eyJfcmFpbHMiOnsibWVzc2FnZSI6IkJBaHBBenJjQXc9PSIsImV4cCI6bnVsbCwicHVyIjoiYmxvYl9pZCJ9fQ==--96206e19b2dea91c13222373f6b56cd7a342fa7e\/PAGR256012A\"><\/audio><\/p>\n<p>O pre\u00e7o do <strong>caf\u00e9 ar\u00e1bica<\/strong>\u00a0abre\u00a0esta segunda-feira (29) em<strong>\u00a0alta de 0,26%<\/strong>, com a saca de 60 kg negociada a <strong>R$ 2.167,55\u00a0<\/strong>na cidade de S\u00e3o Paulo.<\/p>\n<p><b>INDICADOR DO CAF\u00c9 AR\u00c1BICA CEPEA\/ESALQ<\/b><\/p>\n<table>\n<tbody>\n<tr>\n<td>Data<\/td>\n<td>Valor R$<\/td>\n<td>Var.\/Dia<\/td>\n<td>Var.\/M\u00eas<\/td>\n<td>Valor US$<\/td>\n<\/tr>\n<tr>\n<td>26\/12\/2025<\/td>\n<td>2.167,55<\/td>\n<td>0,26%<\/td>\n<td>-3,79%<\/td>\n<td>390,97<\/td>\n<\/tr>\n<tr>\n<td>23\/12\/2025<\/td>\n<td>2.162,00<\/td>\n<td>0,14%<\/td>\n<td>-4,04%<\/td>\n<td>390,39<\/td>\n<\/tr>\n<tr>\n<td>22\/12\/2025<\/td>\n<td>2.159,06<\/td>\n<td>1,11%<\/td>\n<td>-4,17%<\/td>\n<td>386,79<\/td>\n<\/tr>\n<tr>\n<td>19\/12\/2025<\/td>\n<td>2.135,34<\/td>\n<td>-0,68%<\/td>\n<td>-5,22%<\/td>\n<td>386,21<\/td>\n<\/tr>\n<tr>\n<td>18\/12\/2025<\/td>\n<td>2.149,88<\/td>\n<td>-0,41%<\/td>\n<td>-4,57%<\/td>\n<td>389,40<\/td>\n<\/tr>\n<\/tbody>\n<\/table>\n<p>O <strong>caf\u00e9 robusta<\/strong>\u00a0apresenta\u00a0<strong>valoriza\u00e7\u00e3o\u00a0de 0,04%<\/strong> no pre\u00e7o, sendo comercializado a <strong>R$ 1.256,47<\/strong>.<\/p>\n<p><b>INDICADOR DO CAF\u00c9 ROBUSTA CEPEA\/ESALQ<\/b><\/p>\n<table>\n<tbody>\n<tr>\n<td>Data<\/td>\n<td>Valor R$<\/td>\n<td>Var.\/Dia<\/td>\n<td>Var.\/M\u00eas<\/td>\n<td>Valor US$<\/td>\n<\/tr>\n<tr>\n<td>26\/12\/2025<\/td>\n<td>1.256,47<\/td>\n<td>0,04%<\/td>\n<td>-10,54%<\/td>\n<td>226,64<\/td>\n<\/tr>\n<tr>\n<td>23\/12\/2025<\/td>\n<td>1.255,97<\/td>\n<td>1,27%<\/td>\n<td>-10,57%<\/td>\n<td>226,79<\/td>\n<\/tr>\n<tr>\n<td>22\/12\/2025<\/td>\n<td>1.240,19<\/td>\n<td>1,34%<\/td>\n<td>-11,70%<\/td>\n<td>222,18<\/td>\n<\/tr>\n<tr>\n<td>19\/12\/2025<\/td>\n<td>1.223,77<\/td>\n<td>-0,46%<\/td>\n<td>-12,87%<\/td>\n<td>221,34<\/td>\n<\/tr>\n<tr>\n<td>18\/12\/2025<\/td>\n<td>1.229,48<\/td>\n<td>0,58%<\/td>\n<td>-12,46%<\/td>\n<td>222,69<\/td>\n<\/tr>\n<\/tbody>\n<\/table>\n<h2>A\u00e7\u00facar<\/h2>\n<p>J\u00e1 o pre\u00e7o do <strong>a\u00e7\u00facar cristal<\/strong> registra <strong>varia\u00e7\u00e3o<\/strong>\u00a0<strong>nas principais pra\u00e7as de S\u00e3o Paulo<\/strong>. Na <strong>capital<\/strong>, a saca de 50 kg aponta <strong>estabilidade<\/strong>, cotada a <strong>R$ 110,63<\/strong>.<\/p>\n<p><b>INDICADOR DO A\u00c7\u00daCAR CRISTAL BRANCO CEPEA\/ESALQ &#8211; S\u00c3O PAULO<\/b><\/p>\n<table>\n<tbody>\n<tr>\n<td>Data<\/td>\n<td>Valor R$*<\/td>\n<td>Var.\/Dia<\/td>\n<td>Var.\/M\u00eas<\/td>\n<td>Valor US$*<\/td>\n<\/tr>\n<tr>\n<td>26\/12\/2025<\/td>\n<td>110,63<\/td>\n<td>0,00%<\/td>\n<td>1,96%<\/td>\n<td>19,82<\/td>\n<\/tr>\n<tr>\n<td>23\/12\/2025<\/td>\n<td>110,63<\/td>\n<td>0,00%<\/td>\n<td>1,96%<\/td>\n<td>19,82<\/td>\n<\/tr>\n<tr>\n<td>22\/12\/2025<\/td>\n<td>110,63<\/td>\n<td>-0,11%<\/td>\n<td>1,96%<\/td>\n<td>19,82<\/td>\n<\/tr>\n<tr>\n<td>19\/12\/2025<\/td>\n<td>110,75<\/td>\n<td>-0,23%<\/td>\n<td>2,07%<\/td>\n<td>20,03<\/td>\n<\/tr>\n<tr>\n<td>18\/12\/2025<\/td>\n<td>111,00<\/td>\n<td>1,23%<\/td>\n<td>2,30%<\/td>\n<td>20,11<\/td>\n<\/tr>\n<\/tbody>\n<\/table>\n<p>Em <strong>Santos (SP)<\/strong>, a mercadoria \u00e9 negociada a <strong>R$ 119,40<\/strong>, ap\u00f3s<strong>\u00a0alta\u00a0de 0,39%<\/strong> na m\u00e9dia de pre\u00e7os sem impostos.<\/p>\n<p><b>INDICADOR A\u00c7\u00daCAR CRISTAL &#8211; SANTOS<\/b><\/p>\n<table>\n<tbody>\n<tr>\n<td>Data<\/td>\n<td>Valor R$*<\/td>\n<td>Var.\/Dia<\/td>\n<td>Var.\/M\u00eas<\/td>\n<td>Valor US$*<\/td>\n<\/tr>\n<tr>\n<td>26\/12\/2025<\/td>\n<td>119,40<\/td>\n<td>0,39%<\/td>\n<td>3,48%<\/td>\n<td>21,55<\/td>\n<\/tr>\n<tr>\n<td>23\/12\/2025<\/td>\n<td>118,94<\/td>\n<td>0,00%<\/td>\n<td>3,08%<\/td>\n<td>21,47<\/td>\n<\/tr>\n<tr>\n<td>22\/12\/2025<\/td>\n<td>118,94<\/td>\n<td>1,60%<\/td>\n<td>3,08%<\/td>\n<td>21,47<\/td>\n<\/tr>\n<tr>\n<td>19\/12\/2025<\/td>\n<td>117,07<\/td>\n<td>1,56%<\/td>\n<td>1,46%<\/td>\n<td>21,22<\/td>\n<\/tr>\n<tr>\n<td>18\/12\/2025<\/td>\n<td>115,27<\/td>\n<td>-1,40%<\/td>\n<td>-0,10%<\/td>\n<td>20,85<\/td>\n<\/tr>\n<\/tbody>\n<\/table>\n<h2>Milho<\/h2>\n<p>A saca de 60 kg do <strong>milho<\/strong>, por sua vez, \u00e9 vendida a <strong>R$ 69,48<\/strong>, ap\u00f3s<strong>\u00a0recuo de 0,03%<\/strong>.<\/p>\n<p><b>INDICADOR DO MILHO ESALQ\/BM&amp;FBOVESPA<\/b><\/p>\n<table>\n<tbody>\n<tr>\n<td>Data<\/td>\n<td>Valor R$*<\/td>\n<td>Var.\/Dia<\/td>\n<td>Var.\/M\u00eas<\/td>\n<td>Valor US$*<\/td>\n<\/tr>\n<tr>\n<td>26\/12\/2025<\/td>\n<td>69,48<\/td>\n<td>-0,03%<\/td>\n<td>1,05%<\/td>\n<td>12,53<\/td>\n<\/tr>\n<tr>\n<td>23\/12\/2025<\/td>\n<td>69,50<\/td>\n<td>0,04%<\/td>\n<td>1,08%<\/td>\n<td>12,55<\/td>\n<\/tr>\n<tr>\n<td>22\/12\/2025<\/td>\n<td>69,47<\/td>\n<td>0,07%<\/td>\n<td>1,03%<\/td>\n<td>12,45<\/td>\n<\/tr>\n<tr>\n<td>19\/12\/2025<\/td>\n<td>69,42<\/td>\n<td>0,22%<\/td>\n<td>0,96%<\/td>\n<td>12,56<\/td>\n<\/tr>\n<tr>\n<td>18\/12\/2025<\/td>\n<td>69,27<\/td>\n<td>0,12%<\/td>\n<td>0,74%<\/td>\n<td>12,55<\/td>\n<\/tr>\n<\/tbody>\n<\/table>\n<p>Os valores s\u00e3o do <a href=\"https:\/\/www.cepea.org.br\/br\/indicador\/milho.aspx\" target=\"_blank\" rel=\"noopener\">Cepea<\/a>.<\/p>\n<h2>Diferen\u00e7a entre caf\u00e9 ar\u00e1bica e caf\u00e9 robusta: caracter\u00edsticas, uso e regi\u00f5es produtoras<\/h2>\n<p>Caf\u00e9 ar\u00e1bica e caf\u00e9 robusta s\u00e3o as duas principais variedades cultivadas e comercializadas no Brasil, ambas medidas em sacas de 60 kg.<\/p>\n<ul>\n<li>O caf\u00e9 ar\u00e1bica (conhecido tamb\u00e9m como caf\u00e9 Conilon, em algumas regi\u00f5es) tem sabor mais suave, menor teor de cafe\u00edna e alta qualidade sensorial, sendo preferido em cafeterias especializadas e nas exporta\u00e7\u00f5es de caf\u00e9s premium. Representa cerca de 70% da produ\u00e7\u00e3o brasileira, com destaque para estados como Minas Gerais e S\u00e3o Paulo.<\/li>\n<li>O caf\u00e9 robusta, por sua vez, possui sabor mais amargo, maior concentra\u00e7\u00e3o de cafe\u00edna e corpo mais intenso. \u00c9 amplamente utilizado na produ\u00e7\u00e3o de caf\u00e9 sol\u00favel e blends comerciais. Seus principais polos produtores s\u00e3o o Esp\u00edrito Santo e Rond\u00f4nia, e seu pre\u00e7o costuma ser mais baixo em compara\u00e7\u00e3o ao ar\u00e1bica, por conta do perfil mais industrial.<\/li>\n<\/ul>\n<h2>Como \u00e9 calculada a saca de a\u00e7\u00facar cristal?<\/h2>\n<p>A saca de a\u00e7\u00facar cristal no Brasil \u00e9 padronizada em 50 quilos, especialmente para comercializa\u00e7\u00e3o no mercado atacadista e para uso na ind\u00fastria aliment\u00edcia. Essa unidade de medida \u00e9 adotada pelo<a href=\"https:\/\/www.cepea.org.br\/br\/indicador\/milho.aspx\" target=\"_blank\" rel=\"noopener\"> Cepea\/Esalq-USP,<\/a> principal fonte de cota\u00e7\u00f5es di\u00e1rias do a\u00e7\u00facar cristal no pa\u00eds.<\/p>\n<h2>Qual o peso da saca de milho no Brasil?<\/h2>\n<p>A saca de milho equivale a 60 kg de gr\u00e3os, mesmo padr\u00e3o utilizado para soja e trigo. Essa medida \u00e9 oficializada por institui\u00e7\u00f5es como a <a href=\"https:\/\/www.gov.br\/conab\/pt-br\" target=\"_blank\" rel=\"noopener\">Companhia Nacional de Abastecimento (Conab)<\/a>, o <a href=\"https:\/\/www.gov.br\/agricultura\/pt-br\" target=\"_blank\" rel=\"noopener\">Minist\u00e9rio da Agricultura (MAPA)<\/a> e o <a href=\"https:\/\/www.cepea.org.br\/br\/indicador\/milho.aspx\" target=\"_blank\" rel=\"noopener\">Cepea<\/a>, sendo amplamente usada em negocia\u00e7\u00f5es e relat\u00f3rios de pre\u00e7o do milho.<\/p>\n<p>\t\t\t\t\t\t\t\t\t\t<img decoding=\"async\" src=\"https:\/\/brasil61.com\/api\/v1\/serve_pixel\/22254\/86721\" alt=\"Pixel Brasil 61\" class=\"b61_pixel\" width=\"0\" height=\"0\"><\/p>\n<div class=\"br61_backlink\">\n<p>\n\t\t\t\tFonte: <a href=\"https:\/\/brasil61.com\/cafe-hoje-confira-as-cotacoes-para-segunda-feira-29-pagr256012\" title=\"Artigo Original: Caf\u00e9 hoje: confira as cota\u00e7\u00f5es para segunda-feira (29)\" target=\"_blank\" rel=\"noopener\">Brasil 61<\/a>\n\t\t\t<\/p>\n<\/p><\/div>\n<input type=\"hidden\" id=\"baseurl\" value=\"https:\/\/noticiasregionais.com.br\"><input type=\"hidden\" id=\"audio_nonce\" value=\"5c13e0637f\">","protected":false},"excerpt":{"rendered":"<p>Caf\u00e9 ar\u00e1bica e robusta apontam alta no pre\u00e7o; a\u00e7\u00facar cristal registra varia\u00e7\u00e3o nas principais pra\u00e7as do estado de SP; enquanto o valor do milho apresenta queda<\/p>\n","protected":false},"author":1,"featured_media":11976,"comment_status":"","ping_status":"open","sticky":false,"template":"","format":"standard","meta":{"sfsi_plus_gutenberg_text_before_share":"","sfsi_plus_gutenberg_show_text_before_share":"","sfsi_plus_gutenberg_icon_type":"","sfsi_plus_gutenberg_icon_alignemt":"","sfsi_plus_gutenburg_max_per_row":"","footnotes":""},"categories":[8],"tags":[],"class_list":["post-11975","post","type-post","status-publish","format-standard","has-post-thumbnail","hentry","category-brasil"],"_links":{"self":[{"href":"https:\/\/noticiasregionais.com.br\/index.php?rest_route=\/wp\/v2\/posts\/11975","targetHints":{"allow":["GET"]}}],"collection":[{"href":"https:\/\/noticiasregionais.com.br\/index.php?rest_route=\/wp\/v2\/posts"}],"about":[{"href":"https:\/\/noticiasregionais.com.br\/index.php?rest_route=\/wp\/v2\/types\/post"}],"author":[{"embeddable":true,"href":"https:\/\/noticiasregionais.com.br\/index.php?rest_route=\/wp\/v2\/users\/1"}],"replies":[{"embeddable":true,"href":"https:\/\/noticiasregionais.com.br\/index.php?rest_route=%2Fwp%2Fv2%2Fcomments&post=11975"}],"version-history":[{"count":0,"href":"https:\/\/noticiasregionais.com.br\/index.php?rest_route=\/wp\/v2\/posts\/11975\/revisions"}],"wp:featuredmedia":[{"embeddable":true,"href":"https:\/\/noticiasregionais.com.br\/index.php?rest_route=\/wp\/v2\/media\/11976"}],"wp:attachment":[{"href":"https:\/\/noticiasregionais.com.br\/index.php?rest_route=%2Fwp%2Fv2%2Fmedia&parent=11975"}],"wp:term":[{"taxonomy":"category","embeddable":true,"href":"https:\/\/noticiasregionais.com.br\/index.php?rest_route=%2Fwp%2Fv2%2Fcategories&post=11975"},{"taxonomy":"post_tag","embeddable":true,"href":"https:\/\/noticiasregionais.com.br\/index.php?rest_route=%2Fwp%2Fv2%2Ftags&post=11975"}],"curies":[{"name":"wp","href":"https:\/\/api.w.org\/{rel}","templated":true}]}}