{"id":11977,"date":"2025-12-29T04:10:00","date_gmt":"2025-12-29T07:10:00","guid":{"rendered":"https:\/\/noticiasregionais.com.br\/?p=11977"},"modified":"2025-12-29T04:10:00","modified_gmt":"2025-12-29T07:10:00","slug":"boi-gordo-hoje-confira-as-cotacoes-para-esta-segunda-feira-29","status":"publish","type":"post","link":"https:\/\/noticiasregionais.com.br\/?p=11977","title":{"rendered":"Boi gordo hoje: confira as cota\u00e7\u00f5es para esta segunda-feira (29)"},"content":{"rendered":"<p>\t\t\t\t\t\t\t\t\t\t\t<audio controls class=\"b61_audio_player\" data-noticia=\"86720\" src=\"https:\/\/brasil61.com\/rails\/active_storage\/blobs\/eyJfcmFpbHMiOnsibWVzc2FnZSI6IkJBaHBBenZjQXc9PSIsImV4cCI6bnVsbCwicHVyIjoiYmxvYl9pZCJ9fQ==--79c2919761ef7450915ddc091e4af23e0d951e2d\/PAGR256011A\"><\/audio><\/p>\n<p>O pre\u00e7o do <strong>boi gordo<\/strong>\u00a0abre esta segunda-feira (29) em <strong>estabilidade<\/strong>\u00a0e a arroba \u00e9 negociada a<strong> R$ 319,50<\/strong>, no estado de S\u00e3o Paulo.<\/p>\n<p><strong>INDICADOR DO BOI GORDO CEPEA\/ESALQ<\/strong><\/p>\n<table>\n<tbody>\n<tr>\n<td>Data<\/td>\n<td>Valor R$*<\/td>\n<td>Var.\/Dia<\/td>\n<td>Var.\/M\u00eas<\/td>\n<td>Valor US$*<\/td>\n<\/tr>\n<tr>\n<td>26\/12\/2025<\/td>\n<td>319,50<\/td>\n<td>0,00%<\/td>\n<td>-0,65%<\/td>\n<td>57,69<\/td>\n<\/tr>\n<tr>\n<td>23\/12\/2025<\/td>\n<td>319,50<\/td>\n<td>0,52%<\/td>\n<td>-0,65%<\/td>\n<td>57,69<\/td>\n<\/tr>\n<tr>\n<td>22\/12\/2025<\/td>\n<td>317,85<\/td>\n<td>-0,05%<\/td>\n<td>-1,17%<\/td>\n<td>56,94<\/td>\n<\/tr>\n<tr>\n<td>19\/12\/2025<\/td>\n<td>318,00<\/td>\n<td>0,00%<\/td>\n<td>-1,12%<\/td>\n<td>57,60<\/td>\n<\/tr>\n<tr>\n<td>18\/12\/2025<\/td>\n<td>318,00<\/td>\n<td>-0,38%<\/td>\n<td>-1,12%<\/td>\n<td>57,60<\/td>\n<\/tr>\n<\/tbody>\n<\/table>\n<h2>Pre\u00e7o do frango congelado e resfriado<\/h2>\n<p>Nos atacados da Grande S\u00e3o Paulo, S\u00e3o Jos\u00e9 do Rio Preto e Descalvado, os pre\u00e7os do <strong>frango congelado<\/strong> apresentam\u00a0<strong>estabilidade,\u00a0<\/strong>como tamb\u00e9m o\u00a0<strong>frango resfriado<\/strong>. A primeira mercadoria \u00e9 vendida a<strong> R$ 8,10<\/strong>, enquanto a segunda \u00e9 comercializada a <strong>R$ 8,12<\/strong>.<\/p>\n<p><strong>PRE\u00c7OS DO FRANGO CONGELADO CEPEA\/ESALQ &#8211; ESTADO SP\u00a0<\/strong><\/p>\n<table>\n<tbody>\n<tr>\n<td>Data<\/td>\n<td>Valor R$<\/td>\n<td>Var.\/Dia<\/td>\n<td>Var.\/M\u00eas<\/td>\n<\/tr>\n<tr>\n<td>26\/12\/2025<\/td>\n<td>8,10<\/td>\n<td>0,00%<\/td>\n<td>-0,12%<\/td>\n<\/tr>\n<tr>\n<td>23\/12\/2025<\/td>\n<td>8,10<\/td>\n<td>-0,49%<\/td>\n<td>-0,12%<\/td>\n<\/tr>\n<tr>\n<td>22\/12\/2025<\/td>\n<td>8,14<\/td>\n<td>0,62%<\/td>\n<td>0,37%<\/td>\n<\/tr>\n<tr>\n<td>19\/12\/2025<\/td>\n<td>8,09<\/td>\n<td>0,00%<\/td>\n<td>-0,25%<\/td>\n<\/tr>\n<tr>\n<td>18\/12\/2025<\/td>\n<td>8,09<\/td>\n<td>0,00%<\/td>\n<td>-0,25%<\/td>\n<\/tr>\n<\/tbody>\n<\/table>\n<p><strong>PRE\u00c7OS DO FRANGO RESFRIADO CEPEA\/ESALQ &#8211; ESTADO SP<\/strong><\/p>\n<table>\n<tbody>\n<tr>\n<td>Data<\/td>\n<td>Valor R$<\/td>\n<td>Var.\/Dia<\/td>\n<td>Var.\/M\u00eas<\/td>\n<\/tr>\n<tr>\n<td>26\/12\/2025<\/td>\n<td>8,12<\/td>\n<td>0,00%<\/td>\n<td>0,00%<\/td>\n<\/tr>\n<tr>\n<td>23\/12\/2025<\/td>\n<td>8,12<\/td>\n<td>-0,49%<\/td>\n<td>0,00%<\/td>\n<\/tr>\n<tr>\n<td>22\/12\/2025<\/td>\n<td>8,16<\/td>\n<td>0,74%<\/td>\n<td>0,49%<\/td>\n<\/tr>\n<tr>\n<td>19\/12\/2025<\/td>\n<td>8,10<\/td>\n<td>0,00%<\/td>\n<td>-0,25%<\/td>\n<\/tr>\n<tr>\n<td>18\/12\/2025<\/td>\n<td>8,10<\/td>\n<td>0,00%<\/td>\n<td>-0,25%<\/td>\n<\/tr>\n<\/tbody>\n<\/table>\n<h2>Pre\u00e7o da carca\u00e7a su\u00edna especial e su\u00edno vivo<\/h2>\n<p>A <strong>carca\u00e7a su\u00edna especial <\/strong>aponta<strong>\u00a0alta <\/strong>de <strong>0,31%\u00a0<\/strong>no pre\u00e7o, sendo negociada a <strong>R$ 12,86\u00a0<\/strong>por quilo nos atacados da Grande S\u00e3o Paulo.\u00a0<\/p>\n<p><strong>PRE\u00c7OS DA CARCA\u00c7A SU\u00cdNA ESPECIAL (R$\/kg)<\/strong><\/p>\n<table>\n<tbody>\n<tr>\n<td>Data<\/td>\n<td>M\u00e9dia<\/td>\n<td>Var.\/Dia<\/td>\n<td>Var.\/M\u00eas<\/td>\n<\/tr>\n<tr>\n<td>26\/12\/2025<\/td>\n<td>12,86<\/td>\n<td>0,31%<\/td>\n<td>0,78%<\/td>\n<\/tr>\n<tr>\n<td>23\/12\/2025<\/td>\n<td>12,82<\/td>\n<td>-0,31%<\/td>\n<td>0,47%<\/td>\n<\/tr>\n<tr>\n<td>22\/12\/2025<\/td>\n<td>12,86<\/td>\n<td>0,00%<\/td>\n<td>0,78%<\/td>\n<\/tr>\n<tr>\n<td>19\/12\/2025<\/td>\n<td>12,86<\/td>\n<td>0,00%<\/td>\n<td>0,78%<\/td>\n<\/tr>\n<tr>\n<td>18\/12\/2025<\/td>\n<td>12,86<\/td>\n<td>0,00%<\/td>\n<td>0,78%<\/td>\n<\/tr>\n<\/tbody>\n<\/table>\n<p>O pre\u00e7o do<strong> su\u00edno vivo<\/strong> registra<strong>\u00a0estabilidade<\/strong><strong>\u00a0<\/strong>no valor em<strong>\u00a0Minas Gerais<\/strong>, <strong>Rio Grande do Sul\u00a0<\/strong>e\u00a0<strong>Santa Catarina;<\/strong>\u00a0no estado de<strong> S\u00e3o Paulo\u00a0<\/strong>e do<strong> Paran\u00e1<\/strong>, a mercadoria sofre\u00a0<strong>valoriza\u00e7\u00e3o\u00a0de 0,56%<\/strong>\u00a0e<strong>\u00a00,12%<\/strong>, respectivamente;\u00a0as mercadorias variam entre\u00a0<strong>R$ 8,24\u00a0<\/strong>e<strong> R$8,92<\/strong>.<\/p>\n<p><strong>INDICADOR DO SU\u00cdNO VIVO CEPEA\/ESALQ (R$\/kg)\u00a0<\/strong><\/p>\n<table>\n<tbody>\n<tr>\n<td>Data<\/td>\n<td>Estado<\/td>\n<td>Valor R$*<\/td>\n<td>Var.\/Dia<\/td>\n<td>Var.\/M\u00eas<\/td>\n<\/tr>\n<tr>\n<td>26\/12\/2025<\/td>\n<td>MG &#8211; posto<\/td>\n<td>8,44<\/td>\n<td>0,00%<\/td>\n<td>-0,24%<\/td>\n<\/tr>\n<tr>\n<td>26\/12\/2025<\/td>\n<td>PR &#8211; a retirar<\/td>\n<td>8,24<\/td>\n<td>0,12%<\/td>\n<td>-2,02%<\/td>\n<\/tr>\n<tr>\n<td>26\/12\/2025<\/td>\n<td>RS &#8211; a retirar<\/td>\n<td>8,30<\/td>\n<td>0,00%<\/td>\n<td>-0,95%<\/td>\n<\/tr>\n<tr>\n<td>26\/12\/2025<\/td>\n<td>SC &#8211; a retirar<\/td>\n<td>8,30<\/td>\n<td>0,00%<\/td>\n<td>0,36%<\/td>\n<\/tr>\n<tr>\n<td>26\/12\/2025<\/td>\n<td>SP &#8211; posto<\/td>\n<td>8,92<\/td>\n<td>0,56%<\/td>\n<td>0,90%<\/td>\n<\/tr>\n<\/tbody>\n<\/table>\n<p>Os valores s\u00e3o do <a href=\"http:\/\/www.cepea.org.br\" target=\"_blank\" rel=\"noopener\"><strong>Cepea<\/strong><\/a>.<\/p>\n<h2>O que \u00e9 o boi gordo? Entenda o termo do mercado bovino<\/h2>\n<p>O <strong>boi gordo \u00e9 o bovino macho pronto para o abate, com peso m\u00ednimo de 16 arrobas l\u00edquidas de carca\u00e7a (aproximadamente 240 kg) e at\u00e9 42 meses de idade<\/strong>. Atende aos padr\u00f5es do mercado nacional e internacional, incluindo exporta\u00e7\u00f5es para Europa, China e cota Hilton.<\/p>\n<h2>Diferen\u00e7as entre frango congelado e frango resfriado<\/h2>\n<p>O<strong> frango congelado passa por congelamento r\u00e1pido, com temperaturas abaixo de -12\u00b0C<\/strong>, garantindo maior vida \u00fatil para armazenamento e transporte a longas dist\u00e2ncias. J\u00e1 o<strong> frango resfriado \u00e9 mantido entre 0\u00b0C e 4\u00b0C, com validade de 5 a 7 dias<\/strong>, oferecendo textura e sabor mais pr\u00f3ximos do fresco, ideal para consumidores exigentes e restaurantes.<\/p>\n<p>\t\t\t\t\t\t\t\t\t\t<img decoding=\"async\" src=\"https:\/\/brasil61.com\/api\/v1\/serve_pixel\/22254\/86720\" alt=\"Pixel Brasil 61\" class=\"b61_pixel\" width=\"0\" height=\"0\"><\/p>\n<div class=\"br61_backlink\">\n<p>\n\t\t\t\tFonte: <a href=\"https:\/\/brasil61.com\/boi-gordo-hoje-confira-as-cotacoes-para-esta-segunda-feira-29-pagr256011\" title=\"Artigo Original: Boi gordo hoje: confira as cota\u00e7\u00f5es para esta segunda-feira (29)\" target=\"_blank\" rel=\"noopener\">Brasil 61<\/a>\n\t\t\t<\/p>\n<\/p><\/div>\n<input type=\"hidden\" id=\"baseurl\" value=\"https:\/\/noticiasregionais.com.br\"><input type=\"hidden\" id=\"audio_nonce\" value=\"533fbb67b1\">","protected":false},"excerpt":{"rendered":"<p>Boi gordo, frango congelado e resfriado apresentam estabilidade no pre\u00e7o; carca\u00e7a su\u00edna especial e su\u00edno vivo registram reajuste no valor da mercadoria<\/p>\n","protected":false},"author":1,"featured_media":11978,"comment_status":"","ping_status":"open","sticky":false,"template":"","format":"standard","meta":{"sfsi_plus_gutenberg_text_before_share":"","sfsi_plus_gutenberg_show_text_before_share":"","sfsi_plus_gutenberg_icon_type":"","sfsi_plus_gutenberg_icon_alignemt":"","sfsi_plus_gutenburg_max_per_row":"","footnotes":""},"categories":[8],"tags":[],"class_list":["post-11977","post","type-post","status-publish","format-standard","has-post-thumbnail","hentry","category-brasil"],"_links":{"self":[{"href":"https:\/\/noticiasregionais.com.br\/index.php?rest_route=\/wp\/v2\/posts\/11977","targetHints":{"allow":["GET"]}}],"collection":[{"href":"https:\/\/noticiasregionais.com.br\/index.php?rest_route=\/wp\/v2\/posts"}],"about":[{"href":"https:\/\/noticiasregionais.com.br\/index.php?rest_route=\/wp\/v2\/types\/post"}],"author":[{"embeddable":true,"href":"https:\/\/noticiasregionais.com.br\/index.php?rest_route=\/wp\/v2\/users\/1"}],"replies":[{"embeddable":true,"href":"https:\/\/noticiasregionais.com.br\/index.php?rest_route=%2Fwp%2Fv2%2Fcomments&post=11977"}],"version-history":[{"count":0,"href":"https:\/\/noticiasregionais.com.br\/index.php?rest_route=\/wp\/v2\/posts\/11977\/revisions"}],"wp:featuredmedia":[{"embeddable":true,"href":"https:\/\/noticiasregionais.com.br\/index.php?rest_route=\/wp\/v2\/media\/11978"}],"wp:attachment":[{"href":"https:\/\/noticiasregionais.com.br\/index.php?rest_route=%2Fwp%2Fv2%2Fmedia&parent=11977"}],"wp:term":[{"taxonomy":"category","embeddable":true,"href":"https:\/\/noticiasregionais.com.br\/index.php?rest_route=%2Fwp%2Fv2%2Fcategories&post=11977"},{"taxonomy":"post_tag","embeddable":true,"href":"https:\/\/noticiasregionais.com.br\/index.php?rest_route=%2Fwp%2Fv2%2Ftags&post=11977"}],"curies":[{"name":"wp","href":"https:\/\/api.w.org\/{rel}","templated":true}]}}