{"id":11979,"date":"2025-12-29T04:20:00","date_gmt":"2025-12-29T07:20:00","guid":{"rendered":"https:\/\/noticiasregionais.com.br\/?p=11979"},"modified":"2025-12-30T21:31:43","modified_gmt":"2025-12-31T00:31:43","slug":"plataforma-gratuita-facilita-habilitacao-de-produtores-rurais-para-exportacao","status":"publish","type":"post","link":"https:\/\/noticiasregionais.com.br\/?p=11979","title":{"rendered":"Plataforma gratuita facilita habilita\u00e7\u00e3o de produtores rurais para exporta\u00e7\u00e3o"},"content":{"rendered":"<p>\t\t\t\t\t\t\t\t\t\t<audio controls class=\"b61_audio_player\" data-noticia=\"86726\" src=\"https:\/\/brasil61.com\/rails\/active_storage\/blobs\/eyJfcmFpbHMiOnsibWVzc2FnZSI6IkJBaHBBeVhjQXc9PSIsImV4cCI6bnVsbCwicHVyIjoiYmxvYl9pZCJ9fQ==--5ee8d8cbfcfd3921057a21d44a542eb340052abc\/BRAS2515438A\"><\/audio><\/p>\n<p>Agora ficou mais f\u00e1cil para os produtores rurais conseguirem permiss\u00e3o para exportar a produ\u00e7\u00e3o. Come\u00e7ou a funcionar, nesta semana, a nova funcionalidade da plataforma <a href=\"https:\/\/www.gov.br\/agricultura\/pt-br\/assuntos\/sustentabilidade\/programa-agro-brasil-sustentavel\" target=\"_blank\" rel=\"noopener\">Agro Brasil + Sustent\u00e1vel<\/a> de habilita\u00e7\u00e3o autom\u00e1tica para \u00e1reas que atendem a diferentes crit\u00e9rios socioambientais dos pa\u00edses importadores.<\/p>\n<p>O servi\u00e7o de habilita\u00e7\u00e3o de \u00c1rea de Produ\u00e7\u00e3o para Exporta\u00e7\u00e3o integra, organiza e disponibiliza informa\u00e7\u00f5es de gest\u00e3o ambiental, social e corporativa relacionadas aos produtores, empresas agr\u00edcolas e propriedades rurais para qualificar os produtos agropecu\u00e1rios brasileiros.<\/p>\n<p>A ferramenta tamb\u00e9m visa a atender \u00e0s exig\u00eancias de grandes mercados internacionais, segundo o <a href=\"https:\/\/www.gov.br\/agricultura\/pt-br\" target=\"_blank\" rel=\"noopener\">Minist\u00e9rio da Agricultura e Pecu\u00e1ria (Mapa)<\/a>. O objetivo \u00e9 permitir a habilita\u00e7\u00e3o do produtor e de produtos agropecu\u00e1rios, a partir de requisitos, padr\u00f5es, processos e tecnologias, devidamente caracterizados quanto \u00e0 produ\u00e7\u00e3o.<\/p>\n<h2>Agro Brasil + Sustent\u00e1vel<\/h2>\n<p>Lan\u00e7ado h\u00e1 um ano, o sistema Agro Brasil + Sustent\u00e1vel integra dados oficiais do governo e informa\u00e7\u00f5es fornecidas pelo mercado, como certifica\u00e7\u00f5es emitidas por institui\u00e7\u00f5es de avalia\u00e7\u00e3o de conformidade. A ferramenta auxilia produtores a atenderem \u00e0s exig\u00eancias socioambientais do mercado interno e externo de forma gratuita, como se habilitar para acessar recursos do Plano Safra.<\/p>\n<p>\t\t\t\t\t\t\t\t\t<img decoding=\"async\" src=\"https:\/\/brasil61.com\/api\/v1\/serve_pixel\/22254\/86726\" alt=\"Pixel Brasil 61\" class=\"b61_pixel\" width=\"0\" height=\"0\"><\/p>\n<div class=\"br61_backlink\">\n<p>\n\t\t\t\tFonte: <a href=\"https:\/\/brasil61.com\/plataforma-gratuita-facilita-habilitacao-de-produtores-rurais-para-exportacao-bras2515438\" title=\"Artigo Original: Plataforma gratuita facilita habilita\u00e7\u00e3o de produtores rurais para exporta\u00e7\u00e3o\" target=\"_blank\" rel=\"noopener\">Brasil 61<\/a>\n\t\t\t<\/p>\n<\/p><\/div>\n<input type=\"hidden\" id=\"baseurl\" value=\"https:\/\/noticiasregionais.com.br\"><input type=\"hidden\" id=\"audio_nonce\" value=\"533fbb67b1\">","protected":false},"excerpt":{"rendered":"<p>Servi\u00e7o da Agro Brasil + Sustent\u00e1vel  integra, organiza e disponibiliza informa\u00e7\u00f5es de gest\u00e3o ambiental dos produtos agropecu\u00e1rios<\/p>\n","protected":false},"author":1,"featured_media":12015,"comment_status":"closed","ping_status":"open","sticky":false,"template":"","format":"standard","meta":{"sfsi_plus_gutenberg_text_before_share":"","sfsi_plus_gutenberg_show_text_before_share":"","sfsi_plus_gutenberg_icon_type":"","sfsi_plus_gutenberg_icon_alignemt":"","sfsi_plus_gutenburg_max_per_row":"","footnotes":""},"categories":[8],"tags":[],"class_list":["post-11979","post","type-post","status-publish","format-standard","has-post-thumbnail","hentry","category-brasil"],"_links":{"self":[{"href":"https:\/\/noticiasregionais.com.br\/index.php?rest_route=\/wp\/v2\/posts\/11979","targetHints":{"allow":["GET"]}}],"collection":[{"href":"https:\/\/noticiasregionais.com.br\/index.php?rest_route=\/wp\/v2\/posts"}],"about":[{"href":"https:\/\/noticiasregionais.com.br\/index.php?rest_route=\/wp\/v2\/types\/post"}],"author":[{"embeddable":true,"href":"https:\/\/noticiasregionais.com.br\/index.php?rest_route=\/wp\/v2\/users\/1"}],"replies":[{"embeddable":true,"href":"https:\/\/noticiasregionais.com.br\/index.php?rest_route=%2Fwp%2Fv2%2Fcomments&post=11979"}],"version-history":[{"count":1,"href":"https:\/\/noticiasregionais.com.br\/index.php?rest_route=\/wp\/v2\/posts\/11979\/revisions"}],"predecessor-version":[{"id":12014,"href":"https:\/\/noticiasregionais.com.br\/index.php?rest_route=\/wp\/v2\/posts\/11979\/revisions\/12014"}],"wp:featuredmedia":[{"embeddable":true,"href":"https:\/\/noticiasregionais.com.br\/index.php?rest_route=\/wp\/v2\/media\/12015"}],"wp:attachment":[{"href":"https:\/\/noticiasregionais.com.br\/index.php?rest_route=%2Fwp%2Fv2%2Fmedia&parent=11979"}],"wp:term":[{"taxonomy":"category","embeddable":true,"href":"https:\/\/noticiasregionais.com.br\/index.php?rest_route=%2Fwp%2Fv2%2Fcategories&post=11979"},{"taxonomy":"post_tag","embeddable":true,"href":"https:\/\/noticiasregionais.com.br\/index.php?rest_route=%2Fwp%2Fv2%2Ftags&post=11979"}],"curies":[{"name":"wp","href":"https:\/\/api.w.org\/{rel}","templated":true}]}}