{"id":11981,"date":"2025-12-29T04:20:00","date_gmt":"2025-12-29T07:20:00","guid":{"rendered":"https:\/\/noticiasregionais.com.br\/?p=11981"},"modified":"2025-12-30T21:31:39","modified_gmt":"2025-12-31T00:31:39","slug":"sisu-2026-edital-ja-esta-disponivel-com-recorde-de-vagas","status":"publish","type":"post","link":"https:\/\/noticiasregionais.com.br\/?p=11981","title":{"rendered":"Sisu 2026: edital j\u00e1 est\u00e1 dispon\u00edvel com recorde de vagas"},"content":{"rendered":"<p>\t\t\t\t\t\t\t\t\t\t<audio controls class=\"b61_audio_player\" data-noticia=\"86686\" src=\"https:\/\/brasil61.com\/rails\/active_storage\/blobs\/eyJfcmFpbHMiOnsibWVzc2FnZSI6IkJBaHBBK2ZiQXc9PSIsImV4cCI6bnVsbCwicHVyIjoiYmxvYl9pZCJ9fQ==--b8b6cb7b06a2e432b41c688618afe1dbfd956adf\/BRAS2515419A\"><\/audio><\/p>\n<p><strong>J\u00e1 est\u00e1 dispon\u00edvel o edital (<a href=\"https:\/\/in.gov.br\/en\/web\/dou\/-\/edital-n-29-de-22-de-dezembro-de-2025-677419853\" target=\"_blank\" rel=\"noopener\">n\u00ba 29\/2025<\/a>) com o cronograma e os crit\u00e9rios do processo seletivo do <a href=\"https:\/\/www.gov.br\/mec\/pt-br\/sisu\" target=\"_blank\" rel=\"noopener\">Sistema de Sele\u00e7\u00e3o Unificada (Sisu) 2026<\/a><\/strong>. Por meio do sistema, os estudantes podem concorrer a vagas em cursos de gradua\u00e7\u00e3o gratuitos ofertados por institui\u00e7\u00f5es p\u00fablicas de ensino superior em todo o pa\u00eds, utilizando a nota do Exame Nacional do Ensino M\u00e9dio (Enem).<\/p>\n<p><strong>As inscri\u00e7\u00f5es s\u00e3o gratuitas e poder\u00e3o ser feitas de 19 a 23 de janeiro de 2026, exclusivamente pelo <a href=\"https:\/\/acessounico.mec.gov.br\/sisu\" target=\"_blank\" rel=\"noopener\">Portal \u00danico de Acesso ao Ensino Superior<\/a><\/strong>. Cada candidato poder\u00e1 escolher at\u00e9 duas op\u00e7\u00f5es de curso. Segundo o <a href=\"https:\/\/www.gov.br\/mec\/pt-br\" target=\"_blank\" rel=\"noopener\">Minist\u00e9rio da Educa\u00e7\u00e3o (MEC)<\/a>, esta ser\u00e1 a maior edi\u00e7\u00e3o da hist\u00f3ria do Sisu, com a oferta de 274,8 mil vagas em 7.388 cursos de 136 institui\u00e7\u00f5es.<\/p>\n<p>Assim como ocorreu em 2025, esta edi\u00e7\u00e3o do Sisu contar\u00e1 com apenas uma etapa de inscri\u00e7\u00e3o para todas as vagas disponibilizadas pelas institui\u00e7\u00f5es participantes. Com isso, os candidatos disputar\u00e3o, em um \u00fanico processo seletivo, as vagas referentes a todo o ano letivo.<\/p>\n<p><strong>O resultado da chamada regular \u00fanica ser\u00e1 divulgado em 29 de janeiro de 2026<\/strong>. Os estudantes selecionados, tanto nessa chamada quanto posteriormente na lista de espera, dever\u00e3o realizar a matr\u00edcula nas institui\u00e7\u00f5es de ensino dentro dos prazos estabelecidos pelo edital.<\/p>\n<h2>Uso de notas do Enem<\/h2>\n<p><strong>A partir de 2026, o Sisu passar\u00e1 a considerar os resultados das tr\u00eas \u00faltimas edi\u00e7\u00f5es do Enem \u2014 2023, 2024 e 2025<\/strong>. A sele\u00e7\u00e3o dos candidatos ser\u00e1 feita com base na edi\u00e7\u00e3o que apresentar a melhor m\u00e9dia ponderada para o curso escolhido, desde que o participante tenha obtido nota superior a zero na reda\u00e7\u00e3o.<\/p>\n<p>Em caso de empate, ser\u00e1 considerada a edi\u00e7\u00e3o do Enem em que o candidato tiver alcan\u00e7ado a maior nota em uma das disciplinas, conforme a ordem de prioridade definida no edital. O documento tamb\u00e9m refor\u00e7a que apenas candidatos que tenham conclu\u00eddo o ensino m\u00e9dio poder\u00e3o concorrer \u00e0s vagas.<\/p>\n<p><strong>A lista de espera poder\u00e1 ser utilizada pelas institui\u00e7\u00f5es de educa\u00e7\u00e3o superior participantes<\/strong>, ao longo de todo o ano, para o preenchimento de vagas n\u00e3o ocupadas na chamada regular. <strong>Os candidatos n\u00e3o selecionados poder\u00e3o manifestar interesse<\/strong> em participar da lista de espera <strong>entre os dias 29 de janeiro e 2 de fevereiro<\/strong>, tamb\u00e9m pelo Portal \u00danico de Acesso ao Ensino Superior.<\/p>\n<p><strong>Cotas<\/strong><\/p>\n<p>De acordo com o MEC, os candidatos ser\u00e3o inicialmente classificados na modalidade de ampla concorr\u00eancia. Em seguida, ser\u00e1 observada a reserva de vagas destinada a estudantes oriundos de <strong>escolas p\u00fablicas, de baixa renda, pessoas com defici\u00eancia e candidatos autodeclarados pretos, pardos, ind\u00edgenas e quilombolas<\/strong>, conforme a legisla\u00e7\u00e3o vigente.<\/p>\n<p><strong>Confira o cronograma do Sisu 2026<\/strong><\/p>\n<table>\n<tbody>\n<tr>\n<td>Inscri\u00e7\u00f5es<\/td>\n<td>19 a 23 de janeiro<\/td>\n<\/tr>\n<tr>\n<td>Chamada regular<\/td>\n<td>29 de janeiro<\/td>\n<\/tr>\n<tr>\n<td>Matr\u00edcula junto \u00e0 institui\u00e7\u00e3o<\/td>\n<td>02 de fevereiro<\/td>\n<\/tr>\n<tr>\n<td>Manifesta\u00e7\u00e3o de interesse na lista de espera<\/td>\n<td>29 de janeiro a 2 de fevereiro<\/td>\n<\/tr>\n<\/tbody>\n<\/table>\n<p><strong>VEJA MAIS:<\/strong><\/p>\n<ul>\n<li><a href=\"https:\/\/brasil61.com\/n\/iel-abre-1-5-mil-vagas-de-estagio-em-todo-o-pais-bolsas-chegam-a-r-2-5-mil-pind254710\" target=\"_blank\" rel=\"noopener\">IEL abre 1,5 mil vagas de est\u00e1gio em todo o pa\u00eds; bolsas chegam a R$ 2,5 mil<\/a><\/li>\n<li><a href=\"https:\/\/brasil61.com\/n\/alistamento-militar-de-2026-comeca-em-1-de-janeiro-bras2515398\" target=\"_blank\" rel=\"noopener\">Alistamento militar de 2026 come\u00e7a em 1\u00ba de janeiro<\/a><\/li>\n<\/ul>\n<p>\t\t\t\t\t\t\t\t\t<img decoding=\"async\" src=\"https:\/\/brasil61.com\/api\/v1\/serve_pixel\/22254\/86686\" alt=\"Pixel Brasil 61\" class=\"b61_pixel\" width=\"0\" height=\"0\"><\/p>\n<div class=\"br61_backlink\">\n<p>\n\t\t\t\tFonte: <a href=\"https:\/\/brasil61.com\/sisu-2026-edital-ja-esta-disponivel-com-recorde-de-vagas-bras2515419\" title=\"Artigo Original: Sisu 2026: edital j\u00e1 est\u00e1 dispon\u00edvel com recorde de vagas\" target=\"_blank\" rel=\"noopener\">Brasil 61<\/a>\n\t\t\t<\/p>\n<\/p><\/div>\n<input type=\"hidden\" id=\"baseurl\" value=\"https:\/\/noticiasregionais.com.br\"><input type=\"hidden\" id=\"audio_nonce\" value=\"533fbb67b1\">","protected":false},"excerpt":{"rendered":"<p>Processo seletivo usar\u00e1 notas do Enem 2023, 2024 e 2025 e oferecer\u00e1 274,8 mil vagas em institui\u00e7\u00f5es p\u00fablicas de ensino superior em todo o pa\u00eds<\/p>\n","protected":false},"author":1,"featured_media":12013,"comment_status":"closed","ping_status":"open","sticky":false,"template":"","format":"standard","meta":{"sfsi_plus_gutenberg_text_before_share":"","sfsi_plus_gutenberg_show_text_before_share":"","sfsi_plus_gutenberg_icon_type":"","sfsi_plus_gutenberg_icon_alignemt":"","sfsi_plus_gutenburg_max_per_row":"","footnotes":""},"categories":[8],"tags":[],"class_list":["post-11981","post","type-post","status-publish","format-standard","has-post-thumbnail","hentry","category-brasil"],"_links":{"self":[{"href":"https:\/\/noticiasregionais.com.br\/index.php?rest_route=\/wp\/v2\/posts\/11981","targetHints":{"allow":["GET"]}}],"collection":[{"href":"https:\/\/noticiasregionais.com.br\/index.php?rest_route=\/wp\/v2\/posts"}],"about":[{"href":"https:\/\/noticiasregionais.com.br\/index.php?rest_route=\/wp\/v2\/types\/post"}],"author":[{"embeddable":true,"href":"https:\/\/noticiasregionais.com.br\/index.php?rest_route=\/wp\/v2\/users\/1"}],"replies":[{"embeddable":true,"href":"https:\/\/noticiasregionais.com.br\/index.php?rest_route=%2Fwp%2Fv2%2Fcomments&post=11981"}],"version-history":[{"count":1,"href":"https:\/\/noticiasregionais.com.br\/index.php?rest_route=\/wp\/v2\/posts\/11981\/revisions"}],"predecessor-version":[{"id":12012,"href":"https:\/\/noticiasregionais.com.br\/index.php?rest_route=\/wp\/v2\/posts\/11981\/revisions\/12012"}],"wp:featuredmedia":[{"embeddable":true,"href":"https:\/\/noticiasregionais.com.br\/index.php?rest_route=\/wp\/v2\/media\/12013"}],"wp:attachment":[{"href":"https:\/\/noticiasregionais.com.br\/index.php?rest_route=%2Fwp%2Fv2%2Fmedia&parent=11981"}],"wp:term":[{"taxonomy":"category","embeddable":true,"href":"https:\/\/noticiasregionais.com.br\/index.php?rest_route=%2Fwp%2Fv2%2Fcategories&post=11981"},{"taxonomy":"post_tag","embeddable":true,"href":"https:\/\/noticiasregionais.com.br\/index.php?rest_route=%2Fwp%2Fv2%2Ftags&post=11981"}],"curies":[{"name":"wp","href":"https:\/\/api.w.org\/{rel}","templated":true}]}}