{"id":11985,"date":"2025-12-29T04:30:00","date_gmt":"2025-12-29T07:30:00","guid":{"rendered":"https:\/\/noticiasregionais.com.br\/?p=11985"},"modified":"2025-12-30T21:31:45","modified_gmt":"2025-12-31T00:31:45","slug":"cnh-do-brasil-amplia-concorrencia-e-abre-espaco-para-instrutores-autonomos","status":"publish","type":"post","link":"https:\/\/noticiasregionais.com.br\/?p=11985","title":{"rendered":"CNH do Brasil amplia concorr\u00eancia e abre espa\u00e7o para instrutores aut\u00f4nomos"},"content":{"rendered":"<p>\t\t\t\t\t\t\t\t\t\t<audio controls class=\"b61_audio_player\" data-noticia=\"86635\" src=\"https:\/\/brasil61.com\/rails\/active_storage\/blobs\/eyJfcmFpbHMiOnsibWVzc2FnZSI6IkJBaHBBNFhhQXc9PSIsImV4cCI6bnVsbCwicHVyIjoiYmxvYl9pZCJ9fQ==--9169aa788976c849ebd2446c101de7889d21d2d3\/BRAS2515394A\"><\/audio><\/p>\n<p>O novo modelo do programa CNH do Brasil abre um novo campo de atua\u00e7\u00e3o para instrutores aut\u00f4nomos de tr\u00e2nsito, ao oferecer forma\u00e7\u00e3o gratuita, credenciamento pelos Detrans e maior liberdade para negocia\u00e7\u00e3o direta com os alunos. A iniciativa amplia a concorr\u00eancia com as autoescolas, diversifica as op\u00e7\u00f5es para quem pretende obter a habilita\u00e7\u00e3o e tende a tornar o servi\u00e7o mais acess\u00edvel e transparente.<\/p>\n<p>Com as mudan\u00e7as, o candidato passa a realizar todo o processo de habilita\u00e7\u00e3o pelo aplicativo oficial, que concentra desde o curso te\u00f3rico gratuito at\u00e9 o acompanhamento de todas as etapas exigidas at\u00e9 a prova pr\u00e1tica.<\/p>\n<p>Na fase pr\u00e1tica, o aluno pode escolher entre uma autoescola ou um instrutor aut\u00f4nomo credenciado. O novo modelo estabelece apenas duas horas obrigat\u00f3rias de aula, permitindo que o restante da forma\u00e7\u00e3o seja organizado conforme a disponibilidade e a rotina do candidato.<\/p>\n<p>Segundo o Minist\u00e9rio dos Transportes, a possibilidade de contratar instrutores aut\u00f4nomos amplia as op\u00e7\u00f5es para o cidad\u00e3o e estimula a concorr\u00eancia, o que tende a reduzir custos e elevar a qualidade dos servi\u00e7os. O ministro Renan Filho resume a proposta: \u201cas autoescolas v\u00e3o continuar, mas o cidad\u00e3o vai poder escolher entre uma autoescola e um instrutor aut\u00f4nomo para form\u00e1-lo na condu\u00e7\u00e3o daquele ve\u00edculo\u201d.<\/p>\n<p>Para os instrutores, a moderniza\u00e7\u00e3o representa a possibilidade de montar uma carteira pr\u00f3pria de alunos, negociar valores, ajustar agendas e, em alguns casos, utilizar o pr\u00f3prio ve\u00edculo, desde que em conformidade com o C\u00f3digo de Tr\u00e2nsito Brasileiro. Para o Estado, o modelo combina inclus\u00e3o social, gera\u00e7\u00e3o de renda e aprimoramento da educa\u00e7\u00e3o para o tr\u00e2nsito, com todas as aulas e exames registrados em sistemas oficiais.<\/p>\n<h2>Quem pode ser instrutor aut\u00f4nomo<\/h2>\n<p>Os instrutores aut\u00f4nomos devem ser credenciados pelos Detrans e atender aos requisitos previstos na Lei n\u00ba 12.302\/2010 e nas novas normas da CNH do Brasil. Entre as exig\u00eancias est\u00e3o ter, no m\u00ednimo, 21 anos, possuir habilita\u00e7\u00e3o h\u00e1 pelo menos dois anos na categoria em que pretende instruir, ensino m\u00e9dio completo, aus\u00eancia de infra\u00e7\u00e3o grav\u00edssima nos \u00faltimos 12 meses e conclus\u00e3o de curso espec\u00edfico de forma\u00e7\u00e3o.<\/p>\n<p>Esse curso ser\u00e1 oferecido de forma gratuita e digital pelo Minist\u00e9rio dos Transportes e pela Senatran, com foco em pedagogia, legisla\u00e7\u00e3o de tr\u00e2nsito e condu\u00e7\u00e3o respons\u00e1vel. Ao final da capacita\u00e7\u00e3o, o profissional passa por avalia\u00e7\u00e3o e, se aprovado, pode solicitar a autoriza\u00e7\u00e3o ao Detran, obtendo a carteira de identifica\u00e7\u00e3o como instrutor aut\u00f4nomo.<\/p>\n<h2>Mercado de trabalho em expans\u00e3o<\/h2>\n<p>O Minist\u00e9rio dos Transportes informa que j\u00e1 s\u00e3o dezenas de milhares de inscritos no curso de instrutor aut\u00f4nomo de tr\u00e2nsito, o que demonstra forte interesse pela nova modalidade. A pasta destaca que a medida \u201camplia as oportunidades de emprego para esses profissionais e oferece ao candidato mais uma op\u00e7\u00e3o na hora de escolher como aprender\u201d.<\/p>\n<p>Com a identifica\u00e7\u00e3o oficial vinculada \u00e0 CNH do Brasil, todos os instrutores aut\u00f4nomos ter\u00e3o registro vis\u00edvel ao cidad\u00e3o, garantindo controle, seguran\u00e7a e transpar\u00eancia. Em alguns Detrans estaduais, como os do Paran\u00e1, Esp\u00edrito Santo, Par\u00e1 e S\u00e3o Paulo, j\u00e1 existem orienta\u00e7\u00f5es espec\u00edficas sobre o registro de aulas com instrutores aut\u00f4nomos e a valida\u00e7\u00e3o do curso pr\u00e1tico dentro do novo fluxo do programa.<\/p>\n<h2>Piau\u00ed: credenciamento na pr\u00e1tica<\/h2>\n<p>O Piau\u00ed se tornou uma vitrine da nova pol\u00edtica ao lan\u00e7ar sele\u00e7\u00e3o para o credenciamento de instrutores aut\u00f4nomos de tr\u00e2nsito, alinhada \u00e0s diretrizes da CNH do Brasil. O Detran-PI foi pioneiro na adequa\u00e7\u00e3o \u00e0s novas regras, ao abrir processos espec\u00edficos para credenciar esses profissionais e contratar instrutores tempor\u00e1rios, diante do aumento da demanda por aulas pr\u00e1ticas.<\/p>\n<p>\u201cAgora, os novos condutores contam com mais uma alternativa para realizar as aulas pr\u00e1ticas no nosso estado, com a possibilidade de escolher tamb\u00e9m instrutores aut\u00f4nomos credenciados. Isso estimula a concorr\u00eancia e amplia a autonomia do aluno\u201d, afirma a diretora-geral do Detran-PI, Luana Barradas.<br \/>\nO \u00f3rg\u00e3o refor\u00e7a que nenhum instrutor pode atuar sem autoriza\u00e7\u00e3o formal do Detran, medida que protege o aluno e organiza o novo mercado.<\/p>\n<h2>Acessibilidade e pre\u00e7o mais justo<\/h2>\n<p>O governo federal estima uma redu\u00e7\u00e3o de at\u00e9 80% no custo para obten\u00e7\u00e3o da carteira de habilita\u00e7\u00e3o, resultado da combina\u00e7\u00e3o entre curso te\u00f3rico gratuito, padroniza\u00e7\u00e3o nacional e revis\u00e3o dos valores de exames m\u00e9dicos e psicol\u00f3gicos. O novo programa CNH do Brasil \u00e9 uma evolu\u00e7\u00e3o da antiga Carteira Digital de Tr\u00e2nsito e transforma o aplicativo em porta de entrada para quem vai tirar a primeira habilita\u00e7\u00e3o.<\/p>\n<p>Pelo app, o candidato abre o processo, acompanha todas as etapas, acessa o curso te\u00f3rico gratuito e consulta prazos, documentos e resultados. Segundo o Minist\u00e9rio dos Transportes, a plataforma j\u00e1 ultrapassou 25,6 milh\u00f5es de usu\u00e1rios e registra mais de 1,39 milh\u00e3o de requerimentos de habilita\u00e7\u00e3o, evidenciando a r\u00e1pida ades\u00e3o ao novo modelo.<\/p>\n<p>O ministro Renan Filho avalia que o sistema anterior era \u201cexcludente, caro e demorado\u201d e afirma que as mudan\u00e7as tornar\u00e3o a habilita\u00e7\u00e3o mais acess\u00edvel \u00e0 popula\u00e7\u00e3o. \u201cAtualmente, 20 milh\u00f5es de brasileiros dirigem sem carteira de habilita\u00e7\u00e3o\u201d, destaca.<\/p>\n<p>Com o novo modelo, recepcionista\u00a0Creusiomar Monteiro, de 51 anos, pretende finalmente tirar a CNH. Ela conta que n\u00e3o iniciou o processo antes porque \u201cos valores eram muito altos\u201d e afirma que a redu\u00e7\u00e3o de custos e a forma\u00e7\u00e3o online gratuita foram decisivas para sua escolha. Creusiomar avalia que as novas regras ampliam o acesso sem comprometer o n\u00edvel de exig\u00eancia.<br \/>\n\u00a0<\/p>\n<p>\t\t\t\t\t\t\t\t\t<img decoding=\"async\" src=\"https:\/\/brasil61.com\/api\/v1\/serve_pixel\/22254\/86635\" alt=\"Pixel Brasil 61\" class=\"b61_pixel\" width=\"0\" height=\"0\"><\/p>\n<div class=\"br61_backlink\">\n<p>\n\t\t\t\tFonte: <a href=\"https:\/\/brasil61.com\/cnh-do-brasil-amplia-concorrencia-e-abre-espaco-para-instrutores-autonomos-bras2515394\" title=\"Artigo Original: CNH do Brasil amplia concorr\u00eancia e abre espa\u00e7o para instrutores aut\u00f4nomos\" target=\"_blank\" rel=\"noopener\">Brasil 61<\/a>\n\t\t\t<\/p>\n<\/p><\/div>\n<input type=\"hidden\" id=\"baseurl\" value=\"https:\/\/noticiasregionais.com.br\"><input type=\"hidden\" id=\"audio_nonce\" value=\"5c13e0637f\">","protected":false},"excerpt":{"rendered":"<p>Novo modelo permite forma\u00e7\u00e3o gratuita, credenciamento pelos Detrans e promete reduzir custos, aumentar a transpar\u00eancia e ampliar o acesso \u00e0 habilita\u00e7\u00e3o em todo o pa\u00eds<\/p>\n","protected":false},"author":1,"featured_media":12017,"comment_status":"closed","ping_status":"open","sticky":false,"template":"","format":"standard","meta":{"sfsi_plus_gutenberg_text_before_share":"","sfsi_plus_gutenberg_show_text_before_share":"","sfsi_plus_gutenberg_icon_type":"","sfsi_plus_gutenberg_icon_alignemt":"","sfsi_plus_gutenburg_max_per_row":"","footnotes":""},"categories":[8],"tags":[],"class_list":["post-11985","post","type-post","status-publish","format-standard","has-post-thumbnail","hentry","category-brasil"],"_links":{"self":[{"href":"https:\/\/noticiasregionais.com.br\/index.php?rest_route=\/wp\/v2\/posts\/11985","targetHints":{"allow":["GET"]}}],"collection":[{"href":"https:\/\/noticiasregionais.com.br\/index.php?rest_route=\/wp\/v2\/posts"}],"about":[{"href":"https:\/\/noticiasregionais.com.br\/index.php?rest_route=\/wp\/v2\/types\/post"}],"author":[{"embeddable":true,"href":"https:\/\/noticiasregionais.com.br\/index.php?rest_route=\/wp\/v2\/users\/1"}],"replies":[{"embeddable":true,"href":"https:\/\/noticiasregionais.com.br\/index.php?rest_route=%2Fwp%2Fv2%2Fcomments&post=11985"}],"version-history":[{"count":1,"href":"https:\/\/noticiasregionais.com.br\/index.php?rest_route=\/wp\/v2\/posts\/11985\/revisions"}],"predecessor-version":[{"id":12016,"href":"https:\/\/noticiasregionais.com.br\/index.php?rest_route=\/wp\/v2\/posts\/11985\/revisions\/12016"}],"wp:featuredmedia":[{"embeddable":true,"href":"https:\/\/noticiasregionais.com.br\/index.php?rest_route=\/wp\/v2\/media\/12017"}],"wp:attachment":[{"href":"https:\/\/noticiasregionais.com.br\/index.php?rest_route=%2Fwp%2Fv2%2Fmedia&parent=11985"}],"wp:term":[{"taxonomy":"category","embeddable":true,"href":"https:\/\/noticiasregionais.com.br\/index.php?rest_route=%2Fwp%2Fv2%2Fcategories&post=11985"},{"taxonomy":"post_tag","embeddable":true,"href":"https:\/\/noticiasregionais.com.br\/index.php?rest_route=%2Fwp%2Fv2%2Ftags&post=11985"}],"curies":[{"name":"wp","href":"https:\/\/api.w.org\/{rel}","templated":true}]}}