{"id":11987,"date":"2025-12-29T04:35:00","date_gmt":"2025-12-29T07:35:00","guid":{"rendered":"https:\/\/noticiasregionais.com.br\/?p=11987"},"modified":"2025-12-29T04:35:00","modified_gmt":"2025-12-29T07:35:00","slug":"professores-conquistam-direito-de-acumular-cargos-publicos-de-qualquer-natureza-com-promulgacao-da-ec-138","status":"publish","type":"post","link":"https:\/\/noticiasregionais.com.br\/?p=11987","title":{"rendered":"Professores conquistam direito de acumular cargos p\u00fablicos de qualquer natureza com promulga\u00e7\u00e3o da EC 138"},"content":{"rendered":"<p>\t\t\t\t\t\t\t\t\t\t\t<audio controls class=\"b61_audio_player\" data-noticia=\"86709\" src=\"https:\/\/brasil61.com\/rails\/active_storage\/blobs\/eyJfcmFpbHMiOnsibWVzc2FnZSI6IkJBaHBBd3JjQXc9PSIsImV4cCI6bnVsbCwicHVyIjoiYmxvYl9pZCJ9fQ==--b2c7331b0c49592ba3e61133076eb249a0a881ce\/BRAS2515430A\"><\/audio><\/p>\n<p>O Congresso Nacional promulgou, na semana passada, a <b>Emenda Constitucional n\u00ba 138\/2025, <\/b>que modifica o artigo 37 da Constitui\u00e7\u00e3o Federal e <b>autoriza professores da rede p\u00fablica a acumularem outro cargo remunerado de qualquer natureza<\/b>. A permiss\u00e3o est\u00e1 <b>condicionada ao respeito ao teto constitucional de remunera\u00e7\u00e3o e \u00e0 compatibilidade de hor\u00e1rios. <\/b>A nova regra j\u00e1 est\u00e1 em vigor e <b>representa uma mudan\u00e7a relevante para a carreira docente no pa\u00eds.<\/b><\/p>\n<p>Com a promulga\u00e7\u00e3o, o dispositivo passa a valer imediatamente, <b>superando uma restri\u00e7\u00e3o hist\u00f3rica que limitava a acumula\u00e7\u00e3o apenas a cargos t\u00e9cnicos ou cient\u00edficos. <\/b>A altera\u00e7\u00e3o amplia o alcance da norma constitucional e <b>confere maior flexibilidade \u00e0 atua\u00e7\u00e3o profissional dos professores no servi\u00e7o p\u00fablico.<\/b><\/p>\n<p>Durante a promulga\u00e7\u00e3o, autoridades ressaltaram que a medida <b>corrige distor\u00e7\u00f5es jur\u00eddicas e amplia as oportunidades profissionais para a categoria. <\/b>O presidente do Senado e do Congresso Nacional, Davi Alcolumbre (Uni\u00e3o-AP), afirmou que a emenda traz \u201ctranquilidade e seguran\u00e7a jur\u00eddica \u00e0s professoras e aos professores de todo o pa\u00eds\u201d. Segundo ele, a regra anterior gerava inseguran\u00e7a e levava muitos docentes a enfrentar questionamentos judiciais ou at\u00e9 a deixar a sala de aula ap\u00f3s a aprova\u00e7\u00e3o em concursos para outras fun\u00e7\u00f5es p\u00fablicas.<\/p>\n<p>Na pr\u00e1tica, a EC n\u00ba 138\/2025 amplia significativamente as possibilidades de atua\u00e7\u00e3o dos docentes. At\u00e9 ent\u00e3o, a Constitui\u00e7\u00e3o autorizava apenas a acumula\u00e7\u00e3o de dois cargos de professor ou de um cargo docente com outro de natureza t\u00e9cnica ou cient\u00edfica, desde que houvesse compatibilidade de hor\u00e1rios. Com a nova reda\u00e7\u00e3o, <b>professores passam a poder exercer tamb\u00e9m fun\u00e7\u00f5es administrativas, gerenciais ou outras atividades no servi\u00e7o p\u00fablico, <\/b>desde que concili\u00e1veis com a carga hor\u00e1ria do magist\u00e9rio.<\/p>\n<p>Especialistas avaliam a mudan\u00e7a como um avan\u00e7o na seguran\u00e7a jur\u00eddica da carreira docente. Diante das limita\u00e7\u00f5es anteriores, muitos professores enfrentavam dificuldades para conciliar atividades remuneradas e recorriam ao Judici\u00e1rio para validar acumula\u00e7\u00f5es consideradas irregulares pela interpreta\u00e7\u00e3o da legisla\u00e7\u00e3o.<\/p>\n<p>Com aplica\u00e7\u00e3o imediata, a emenda passa a integrar o ordenamento constitucional, e <b>\u00f3rg\u00e3os de controle, como tribunais de contas, j\u00e1 indicaram que acompanhar\u00e3o o cumprimento das regras,<\/b> especialmente no que diz respeito \u00e0 compatibilidade de hor\u00e1rios e \u00e0 observ\u00e2ncia do teto remunerat\u00f3rio no servi\u00e7o p\u00fablico.<\/p>\n<p>\u00a0<\/p>\n<p>\t\t\t\t\t\t\t\t\t\t<img decoding=\"async\" src=\"https:\/\/brasil61.com\/api\/v1\/serve_pixel\/22254\/86709\" alt=\"Pixel Brasil 61\" class=\"b61_pixel\" width=\"0\" height=\"0\"><\/p>\n<div class=\"br61_backlink\">\n<p>\n\t\t\t\tFonte: <a href=\"https:\/\/brasil61.com\/professores-conquistam-direito-de-acumular-cargos-publicos-de-qualquer-natureza-com-promulgacao-da-ec-138-bras2515430\" title=\"Artigo Original: Professores conquistam direito de acumular cargos p\u00fablicos de qualquer natureza com promulga\u00e7\u00e3o da EC 138\" target=\"_blank\" rel=\"noopener\">Brasil 61<\/a>\n\t\t\t<\/p>\n<\/p><\/div>\n<input type=\"hidden\" id=\"baseurl\" value=\"https:\/\/noticiasregionais.com.br\"><input type=\"hidden\" id=\"audio_nonce\" value=\"5c13e0637f\">","protected":false},"excerpt":{"rendered":"<p>Mudan\u00e7a constitucional amplia oportunidades profissionais para docentes, corrige inseguran\u00e7a jur\u00eddica e j\u00e1 est\u00e1 em vigor, respeitando teto salarial e compatibilidade de hor\u00e1rios<\/p>\n","protected":false},"author":1,"featured_media":11988,"comment_status":"","ping_status":"open","sticky":false,"template":"","format":"standard","meta":{"sfsi_plus_gutenberg_text_before_share":"","sfsi_plus_gutenberg_show_text_before_share":"","sfsi_plus_gutenberg_icon_type":"","sfsi_plus_gutenberg_icon_alignemt":"","sfsi_plus_gutenburg_max_per_row":"","footnotes":""},"categories":[8],"tags":[],"class_list":["post-11987","post","type-post","status-publish","format-standard","has-post-thumbnail","hentry","category-brasil"],"_links":{"self":[{"href":"https:\/\/noticiasregionais.com.br\/index.php?rest_route=\/wp\/v2\/posts\/11987","targetHints":{"allow":["GET"]}}],"collection":[{"href":"https:\/\/noticiasregionais.com.br\/index.php?rest_route=\/wp\/v2\/posts"}],"about":[{"href":"https:\/\/noticiasregionais.com.br\/index.php?rest_route=\/wp\/v2\/types\/post"}],"author":[{"embeddable":true,"href":"https:\/\/noticiasregionais.com.br\/index.php?rest_route=\/wp\/v2\/users\/1"}],"replies":[{"embeddable":true,"href":"https:\/\/noticiasregionais.com.br\/index.php?rest_route=%2Fwp%2Fv2%2Fcomments&post=11987"}],"version-history":[{"count":0,"href":"https:\/\/noticiasregionais.com.br\/index.php?rest_route=\/wp\/v2\/posts\/11987\/revisions"}],"wp:featuredmedia":[{"embeddable":true,"href":"https:\/\/noticiasregionais.com.br\/index.php?rest_route=\/wp\/v2\/media\/11988"}],"wp:attachment":[{"href":"https:\/\/noticiasregionais.com.br\/index.php?rest_route=%2Fwp%2Fv2%2Fmedia&parent=11987"}],"wp:term":[{"taxonomy":"category","embeddable":true,"href":"https:\/\/noticiasregionais.com.br\/index.php?rest_route=%2Fwp%2Fv2%2Fcategories&post=11987"},{"taxonomy":"post_tag","embeddable":true,"href":"https:\/\/noticiasregionais.com.br\/index.php?rest_route=%2Fwp%2Fv2%2Ftags&post=11987"}],"curies":[{"name":"wp","href":"https:\/\/api.w.org\/{rel}","templated":true}]}}