{"id":11998,"date":"2025-12-29T22:00:00","date_gmt":"2025-12-30T01:00:00","guid":{"rendered":"https:\/\/noticiasregionais.com.br\/?p=11998"},"modified":"2025-12-29T22:00:00","modified_gmt":"2025-12-30T01:00:00","slug":"boi-gordo-hoje-confira-as-cotacoes-para-esta-terca-feira-30","status":"publish","type":"post","link":"https:\/\/noticiasregionais.com.br\/?p=11998","title":{"rendered":"Boi gordo hoje: confira as cota\u00e7\u00f5es para esta ter\u00e7a-feira (30)"},"content":{"rendered":"<p>\t\t\t\t\t\t\t\t\t\t\t<audio controls class=\"b61_audio_player\" data-noticia=\"86737\" src=\"https:\/\/brasil61.com\/rails\/active_storage\/blobs\/eyJfcmFpbHMiOnsibWVzc2FnZSI6IkJBaHBBNWJjQXc9PSIsImV4cCI6bnVsbCwicHVyIjoiYmxvYl9pZCJ9fQ==--eee32b2f74113c32f0bb57f67a5626ac3cd7c403\/PAGR256016A\"><\/audio><\/p>\n<p>O pre\u00e7o do <strong>boi gordo<\/strong>\u00a0abre esta ter\u00e7a (30) ap\u00f3s <strong>recuo de 0,47%\u00a0<\/strong>e a arroba \u00e9 negociada a<strong> R$ 318<\/strong>, no estado de S\u00e3o Paulo.<\/p>\n<p><strong>INDICADOR DO BOI GORDO CEPEA\/ESALQ<\/strong><\/p>\n<table>\n<thead>\n<tr>\n<th>Data<\/th>\n<th>Valor R$*<\/th>\n<th>Var.\/Dia<\/th>\n<th>Var.\/M\u00eas<\/th>\n<th>Valor US$*<\/th>\n<\/tr>\n<\/thead>\n<tbody>\n<tr>\n<td>29\/12\/2025<\/td>\n<td>318,00<\/td>\n<td>-0,47%<\/td>\n<td>-1,12%<\/td>\n<td>57,00<\/td>\n<\/tr>\n<tr>\n<td>26\/12\/2025<\/td>\n<td>319,50<\/td>\n<td>0,00%<\/td>\n<td>-0,65%<\/td>\n<td>57,69<\/td>\n<\/tr>\n<tr>\n<td>23\/12\/2025<\/td>\n<td>319,50<\/td>\n<td>0,52%<\/td>\n<td>-0,65%<\/td>\n<td>57,69<\/td>\n<\/tr>\n<tr>\n<td>22\/12\/2025<\/td>\n<td>317,85<\/td>\n<td>-0,05%<\/td>\n<td>-1,17%<\/td>\n<td>56,94<\/td>\n<\/tr>\n<tr>\n<td>19\/12\/2025<\/td>\n<td>318,00<\/td>\n<td>0,00%<\/td>\n<td>-1,12%<\/td>\n<td>57,60<\/td>\n<\/tr>\n<\/tbody>\n<\/table>\n<h2>Pre\u00e7o do frango congelado e resfriado<\/h2>\n<p>Nos atacados da Grande S\u00e3o Paulo, S\u00e3o Jos\u00e9 do Rio Preto e Descalvado, os pre\u00e7os do <strong>frango congelado<\/strong> apresentaram <strong>estabilidade<\/strong>,<strong>\u00a0<\/strong>como tamb\u00e9m o\u00a0<strong>frango resfriado<\/strong>. A primeira mercadoria \u00e9 vendida a<strong> R$ 8,10<\/strong>, enquanto a segunda \u00e9 comercializada a <strong>R$ 8,12<\/strong>.<\/p>\n<p><strong>PRE\u00c7OS DO FRANGO CONGELADO CEPEA\/ESALQ &#8211; ESTADO SP\u00a0<\/strong><\/p>\n<table>\n<thead>\n<tr>\n<th>Data<\/th>\n<th>Valor R$<\/th>\n<th>Var.\/Dia<\/th>\n<th>Var.\/M\u00eas<\/th>\n<\/tr>\n<\/thead>\n<tbody>\n<tr>\n<td>29\/12\/2025<\/td>\n<td>8,10<\/td>\n<td>0,00%<\/td>\n<td>-0,12%<\/td>\n<\/tr>\n<tr>\n<td>26\/12\/2025<\/td>\n<td>8,10<\/td>\n<td>0,00%<\/td>\n<td>-0,12%<\/td>\n<\/tr>\n<tr>\n<td>23\/12\/2025<\/td>\n<td>8,10<\/td>\n<td>-0,49%<\/td>\n<td>-0,12%<\/td>\n<\/tr>\n<tr>\n<td>22\/12\/2025<\/td>\n<td>8,14<\/td>\n<td>0,62%<\/td>\n<td>0,37%<\/td>\n<\/tr>\n<tr>\n<td>19\/12\/2025<\/td>\n<td>8,09<\/td>\n<td>0,00%<\/td>\n<td>-0,25%<\/td>\n<\/tr>\n<\/tbody>\n<\/table>\n<p><strong>PRE\u00c7OS DO FRANGO RESFRIADO CEPEA\/ESALQ &#8211; ESTADO SP<\/strong><\/p>\n<table>\n<thead>\n<tr>\n<th>Data<\/th>\n<th>Valor R$<\/th>\n<th>Var.\/Dia<\/th>\n<th>Var.\/M\u00eas<\/th>\n<\/tr>\n<\/thead>\n<tbody>\n<tr>\n<td>29\/12\/2025<\/td>\n<td>8,12<\/td>\n<td>0,00%<\/td>\n<td>0,00%<\/td>\n<\/tr>\n<tr>\n<td>26\/12\/2025<\/td>\n<td>8,12<\/td>\n<td>0,00%<\/td>\n<td>0,00%<\/td>\n<\/tr>\n<tr>\n<td>23\/12\/2025<\/td>\n<td>8,12<\/td>\n<td>-0,49%<\/td>\n<td>0,00%<\/td>\n<\/tr>\n<tr>\n<td>22\/12\/2025<\/td>\n<td>8,16<\/td>\n<td>0,74%<\/td>\n<td>0,49%<\/td>\n<\/tr>\n<tr>\n<td>19\/12\/2025<\/td>\n<td>8,10<\/td>\n<td>0,00%<\/td>\n<td>-0,25%<\/td>\n<\/tr>\n<\/tbody>\n<\/table>\n<h2>Pre\u00e7o da carca\u00e7a su\u00edna especial e su\u00edno vivo<\/h2>\n<p>A <strong>carca\u00e7a su\u00edna especial <\/strong>aponta<strong>\u00a0estabilidade<\/strong>\u00a0no pre\u00e7o, sendo negociada a <strong>R$ 12,86\u00a0<\/strong>por quilo nos atacados da Grande S\u00e3o Paulo.\u00a0<\/p>\n<p><strong>PRE\u00c7OS DA CARCA\u00c7A SU\u00cdNA ESPECIAL (R$\/kg)<\/strong><\/p>\n<table>\n<thead>\n<tr>\n<th>Data<\/th>\n<th>M\u00e9dia<\/th>\n<th>Var.\/Dia<\/th>\n<th>Var.\/M\u00eas<\/th>\n<\/tr>\n<\/thead>\n<tbody>\n<tr>\n<td>29\/12\/2025<\/td>\n<td>12,86<\/td>\n<td>0,00%<\/td>\n<td>0,78%<\/td>\n<\/tr>\n<tr>\n<td>26\/12\/2025<\/td>\n<td>12,86<\/td>\n<td>0,31%<\/td>\n<td>0,78%<\/td>\n<\/tr>\n<tr>\n<td>23\/12\/2025<\/td>\n<td>12,82<\/td>\n<td>-0,31%<\/td>\n<td>0,47%<\/td>\n<\/tr>\n<tr>\n<td>22\/12\/2025<\/td>\n<td>12,86<\/td>\n<td>0,00%<\/td>\n<td>0,78%<\/td>\n<\/tr>\n<tr>\n<td>19\/12\/2025<\/td>\n<td>12,86<\/td>\n<td>0,00%<\/td>\n<td>0,78%<\/td>\n<\/tr>\n<\/tbody>\n<\/table>\n<p>O pre\u00e7o do<strong> su\u00edno vivo<\/strong> registra<strong>\u00a0estabilidade<\/strong><strong>\u00a0<\/strong>no valor em<strong>\u00a0Minas Gerais<\/strong>\u00a0e no\u00a0<strong>Rio Grande do Sul;<\/strong>\u00a0no estado do<strong>\u00a0Paran\u00e1\u00a0<\/strong>e de<strong>\u00a0Santa Catarina<\/strong>, a mercadoria sofre uma\u00a0<strong>valoriza\u00e7\u00e3o\u00a0de 0,36% <\/strong>e <strong>0,48%<\/strong>, respectivamente; em <strong>S\u00e3o Paulo<\/strong>, o pre\u00e7o sofre <strong>queda de<\/strong> <strong>0,11%<\/strong>;\u00a0as mercadorias variam entre\u00a0<strong>R$ 8,27\u00a0<\/strong>e<strong> R$8,91<\/strong>.<\/p>\n<p><strong>INDICADOR DO SU\u00cdNO VIVO CEPEA\/ESALQ (R$\/kg)\u00a0<\/strong><\/p>\n<table>\n<thead>\n<tr>\n<th>Data<\/th>\n<th>Estado<\/th>\n<th>Valor R$*<\/th>\n<th>Var.\/Dia<\/th>\n<th>Var.\/M\u00eas<\/th>\n<\/tr>\n<\/thead>\n<tbody>\n<tr>\n<td>29\/12\/2025<\/td>\n<td>MG &#8211; posto<\/td>\n<td>8,44<\/td>\n<td>0,00%<\/td>\n<td>-0,24%<\/td>\n<\/tr>\n<tr>\n<td>29\/12\/2025<\/td>\n<td>PR &#8211; a retirar<\/td>\n<td>8,27<\/td>\n<td>0,36%<\/td>\n<td>-1,66%<\/td>\n<\/tr>\n<tr>\n<td>29\/12\/2025<\/td>\n<td>RS &#8211; a retirar<\/td>\n<td>8,30<\/td>\n<td>0,00%<\/td>\n<td>-0,95%<\/td>\n<\/tr>\n<tr>\n<td>29\/12\/2025<\/td>\n<td>SC &#8211; a retirar<\/td>\n<td>8,34<\/td>\n<td>0,48%<\/td>\n<td>0,85%<\/td>\n<\/tr>\n<tr>\n<td>29\/12\/2025<\/td>\n<td>SP &#8211; posto<\/td>\n<td>8,91<\/td>\n<td>-0,11%<\/td>\n<td>0,79%<\/td>\n<\/tr>\n<\/tbody>\n<\/table>\n<p>Os valores s\u00e3o do <a href=\"http:\/\/www.cepea.org.br\" target=\"_blank\" rel=\"noopener\"><strong>Cepea<\/strong><\/a>.<\/p>\n<h2>O que \u00e9 o boi gordo? Entenda o termo do mercado bovino<\/h2>\n<p>O <strong>boi gordo \u00e9 o bovino macho pronto para o abate, com peso m\u00ednimo de 16 arrobas l\u00edquidas de carca\u00e7a (aproximadamente 240 kg) e at\u00e9 42 meses de idade<\/strong>. Atende aos padr\u00f5es do mercado nacional e internacional, incluindo exporta\u00e7\u00f5es para Europa, China e cota Hilton.<\/p>\n<h2>Diferen\u00e7as entre frango congelado e frango resfriado<\/h2>\n<p>O<strong> frango congelado passa por congelamento r\u00e1pido, com temperaturas abaixo de -12\u00b0C<\/strong>, garantindo maior vida \u00fatil para armazenamento e transporte a longas dist\u00e2ncias. J\u00e1 o<strong> frango resfriado \u00e9 mantido entre 0\u00b0C e 4\u00b0C, com validade de 5 a 7 dias<\/strong>, oferecendo textura e sabor mais pr\u00f3ximos do fresco, ideal para consumidores exigentes e restaurantes.<\/p>\n<p>\t\t\t\t\t\t\t\t\t\t<img decoding=\"async\" src=\"https:\/\/brasil61.com\/api\/v1\/serve_pixel\/22254\/86737\" alt=\"Pixel Brasil 61\" class=\"b61_pixel\" width=\"0\" height=\"0\"><\/p>\n<div class=\"br61_backlink\">\n<p>\n\t\t\t\tFonte: <a href=\"https:\/\/brasil61.com\/boi-gordo-hoje-confira-as-cotacoes-para-esta-terca-feira-30-pagr256016\" title=\"Artigo Original: Boi gordo hoje: confira as cota\u00e7\u00f5es para esta ter\u00e7a-feira (30)\" target=\"_blank\" rel=\"noopener\">Brasil 61<\/a>\n\t\t\t<\/p>\n<\/p><\/div>\n<input type=\"hidden\" id=\"baseurl\" value=\"https:\/\/noticiasregionais.com.br\"><input type=\"hidden\" id=\"audio_nonce\" value=\"5c13e0637f\">","protected":false},"excerpt":{"rendered":"<p>O pre\u00e7o do su\u00edno vivo e do boi gordo sofrem reajustes; O frango e a carca\u00e7a su\u00edna especial apresentam estabilidade no valor das mercadorias<\/p>\n","protected":false},"author":1,"featured_media":11999,"comment_status":"","ping_status":"open","sticky":false,"template":"","format":"standard","meta":{"sfsi_plus_gutenberg_text_before_share":"","sfsi_plus_gutenberg_show_text_before_share":"","sfsi_plus_gutenberg_icon_type":"","sfsi_plus_gutenberg_icon_alignemt":"","sfsi_plus_gutenburg_max_per_row":"","footnotes":""},"categories":[8],"tags":[],"class_list":["post-11998","post","type-post","status-publish","format-standard","has-post-thumbnail","hentry","category-brasil"],"_links":{"self":[{"href":"https:\/\/noticiasregionais.com.br\/index.php?rest_route=\/wp\/v2\/posts\/11998","targetHints":{"allow":["GET"]}}],"collection":[{"href":"https:\/\/noticiasregionais.com.br\/index.php?rest_route=\/wp\/v2\/posts"}],"about":[{"href":"https:\/\/noticiasregionais.com.br\/index.php?rest_route=\/wp\/v2\/types\/post"}],"author":[{"embeddable":true,"href":"https:\/\/noticiasregionais.com.br\/index.php?rest_route=\/wp\/v2\/users\/1"}],"replies":[{"embeddable":true,"href":"https:\/\/noticiasregionais.com.br\/index.php?rest_route=%2Fwp%2Fv2%2Fcomments&post=11998"}],"version-history":[{"count":0,"href":"https:\/\/noticiasregionais.com.br\/index.php?rest_route=\/wp\/v2\/posts\/11998\/revisions"}],"wp:featuredmedia":[{"embeddable":true,"href":"https:\/\/noticiasregionais.com.br\/index.php?rest_route=\/wp\/v2\/media\/11999"}],"wp:attachment":[{"href":"https:\/\/noticiasregionais.com.br\/index.php?rest_route=%2Fwp%2Fv2%2Fmedia&parent=11998"}],"wp:term":[{"taxonomy":"category","embeddable":true,"href":"https:\/\/noticiasregionais.com.br\/index.php?rest_route=%2Fwp%2Fv2%2Fcategories&post=11998"},{"taxonomy":"post_tag","embeddable":true,"href":"https:\/\/noticiasregionais.com.br\/index.php?rest_route=%2Fwp%2Fv2%2Ftags&post=11998"}],"curies":[{"name":"wp","href":"https:\/\/api.w.org\/{rel}","templated":true}]}}