{"id":12000,"date":"2025-12-30T02:00:00","date_gmt":"2025-12-30T05:00:00","guid":{"rendered":"https:\/\/noticiasregionais.com.br\/?p=12000"},"modified":"2025-12-30T02:00:00","modified_gmt":"2025-12-30T05:00:00","slug":"ministerio-da-saude-amplia-prazo-vacinal-contra-o-hpv-ate-primeiro-semestre-de-2026","status":"publish","type":"post","link":"https:\/\/noticiasregionais.com.br\/?p=12000","title":{"rendered":"Minist\u00e9rio da Sa\u00fade amplia prazo vacinal contra o HPV at\u00e9 primeiro semestre de 2026"},"content":{"rendered":"<p>\t\t\t\t\t\t\t\t\t\t\t<audio controls class=\"b61_audio_player\" data-noticia=\"86746\" src=\"https:\/\/brasil61.com\/rails\/active_storage\/blobs\/eyJfcmFpbHMiOnsibWVzc2FnZSI6IkJBaHBBNDdjQXc9PSIsImV4cCI6bnVsbCwicHVyIjoiYmxvYl9pZCJ9fQ==--197c244e2c6be2f2e79c9f7e06a69d21b7d06e64\/BRAS2515446B\"><\/audio><\/p>\n<p>O <b>Minist\u00e9rio da Sa\u00fade<\/b> anunciou a prorroga\u00e7\u00e3o da estrat\u00e9gia de resgate vacinal contra o <b>Papilomav\u00edrus Humano (HPV)<\/b> at\u00e9 o primeiro semestre de 2026. A medida, que estava prevista para dezembro deste ano, seguir\u00e1 vigente at\u00e9 a realiza\u00e7\u00e3o da <b>Campanha de Vacina\u00e7\u00e3o nas Escolas, <\/b>com o objetivo de ampliar o acesso \u00e0 imuniza\u00e7\u00e3o em todo o pa\u00eds. A estrat\u00e9gia est\u00e1 voltada a jovens de 15 a 19 anos que n\u00e3o receberam a vacina na idade recomendada.<\/p>\n<p>A estimativa do Governo Federal \u00e9 alcan\u00e7ar cerca de 7 milh\u00f5es de jovens nessa faixa et\u00e1ria que ainda n\u00e3o foram vacinados contra o HPV. Dados do Minist\u00e9rio revelam que at\u00e9 este m\u00eas <b>foram aplicadas 208,7 mil doses no \u00e2mbito da estrat\u00e9gia de resgat<\/b>e, sendo 91 mil em meninas e 117,7 mil em meninos.<\/p>\n<p>A estrat\u00e9gia contempla os cerca de 5,5 mil munic\u00edpios brasileiros e <b>busca assegurar que adolescentes e jovens ainda n\u00e3o vacinados tenham acesso \u00e0 prote\u00e7\u00e3o,<\/b> especialmente por meio de a\u00e7\u00f5es integradas entre Uni\u00e3o, estados e munic\u00edpios.<\/p>\n<p>Segundo o diretor do Programa Nacional de Imuniza\u00e7\u00f5es, Eder Gatti, a <b>amplia\u00e7\u00e3o do prazo \u00e9 fundamental para garantir prote\u00e7\u00e3o individual e coletiva<\/b>. \u201cAo ampliar o per\u00edodo da estrat\u00e9gia de resgate, possibilitamos que adolescentes e jovens que perderam a oportunidade de se vacinar entre os 9 e 14 anos assegurem sua prote\u00e7\u00e3o e contribuam para a redu\u00e7\u00e3o da circula\u00e7\u00e3o do v\u00edrus na popula\u00e7\u00e3o\u201d, destacou.<\/p>\n<p>A <b>vacina contra o HPV \u00e9 considerada segura e eficaz na preven\u00e7\u00e3o de diversos tipos de c\u00e2ncer, como os de colo do \u00fatero, vulva, p\u00eanis, garganta e pesco\u00e7o<\/b>. Atualmente, a vacina\u00e7\u00e3o est\u00e1 dispon\u00edvel nas Unidades B\u00e1sicas de Sa\u00fade (UBS) e tamb\u00e9m ocorre por meio de a\u00e7\u00f5es extramuros, realizadas em escolas, universidades, gin\u00e1sios esportivos e at\u00e9 shoppings, ampliando o alcance da imuniza\u00e7\u00e3o e facilitando o acesso do p\u00fablico jovem.<\/p>\n<p><b>Dose \u00fanica\u00a0<\/b><\/p>\n<p>A vacina contra o <b>HPV integra o calend\u00e1rio nacional de vacina\u00e7\u00e3o para crian\u00e7as e adolescentes de 9 a 14 anos. <\/b>Desde 2024, o <b>Brasil adotou o esquema de dose \u00fanica, <\/b>substituindo o modelo anterior de duas doses, o que simplificou o acesso e ampliou a cobertura vacinal.<\/p>\n<p>Para pessoas <b>imunocomprometidas, o esquema vacinal permanece com tr\u00eas doses. <\/b>A mesma recomenda\u00e7\u00e3o se aplica a usu\u00e1rios de PrEP entre 15 e 45 anos e a v\u00edtimas de viol\u00eancia sexual a partir dos 15 anos.<\/p>\n<p>Com a prorroga\u00e7\u00e3o da estrat\u00e9gia de resgate at\u00e9 2026, o <b>Minist\u00e9rio da Sa\u00fade vai refor\u00e7ar a\u00e7\u00f5es no ambiente escolar para alcan\u00e7ar adolescentes e jovens que ainda n\u00e3o est\u00e3o protegidos contra o HPV.<\/b><\/p>\n<p>\t\t\t\t\t\t\t\t\t\t<img decoding=\"async\" src=\"https:\/\/brasil61.com\/api\/v1\/serve_pixel\/22254\/86746\" alt=\"Pixel Brasil 61\" class=\"b61_pixel\" width=\"0\" height=\"0\"><\/p>\n<div class=\"br61_backlink\">\n<p>\n\t\t\t\tFonte: <a href=\"https:\/\/brasil61.com\/ministerio-da-saude-amplia-prazo-vacinal-contra-o-hpv-ate-primeiro-semestre-de-2026-bras2515446\" title=\"Artigo Original: Minist\u00e9rio da Sa\u00fade amplia prazo vacinal contra o HPV at\u00e9 primeiro semestre de 2026\" target=\"_blank\" rel=\"noopener\">Brasil 61<\/a>\n\t\t\t<\/p>\n<\/p><\/div>\n<input type=\"hidden\" id=\"baseurl\" value=\"https:\/\/noticiasregionais.com.br\"><input type=\"hidden\" id=\"audio_nonce\" value=\"5c13e0637f\">","protected":false},"excerpt":{"rendered":"<p>Minist\u00e9rio da Sa\u00fade amplia prazo vacinal contra o HPV at\u00e9 primeiro semestre de 2026<br \/>\nA estrat\u00e9gia deve atingir jovens de 15 a 19 anos que n\u00e3o receberam a vacina na idade recomendada<\/p>\n","protected":false},"author":1,"featured_media":12001,"comment_status":"","ping_status":"open","sticky":false,"template":"","format":"standard","meta":{"sfsi_plus_gutenberg_text_before_share":"","sfsi_plus_gutenberg_show_text_before_share":"","sfsi_plus_gutenberg_icon_type":"","sfsi_plus_gutenberg_icon_alignemt":"","sfsi_plus_gutenburg_max_per_row":"","footnotes":""},"categories":[8],"tags":[],"class_list":["post-12000","post","type-post","status-publish","format-standard","has-post-thumbnail","hentry","category-brasil"],"_links":{"self":[{"href":"https:\/\/noticiasregionais.com.br\/index.php?rest_route=\/wp\/v2\/posts\/12000","targetHints":{"allow":["GET"]}}],"collection":[{"href":"https:\/\/noticiasregionais.com.br\/index.php?rest_route=\/wp\/v2\/posts"}],"about":[{"href":"https:\/\/noticiasregionais.com.br\/index.php?rest_route=\/wp\/v2\/types\/post"}],"author":[{"embeddable":true,"href":"https:\/\/noticiasregionais.com.br\/index.php?rest_route=\/wp\/v2\/users\/1"}],"replies":[{"embeddable":true,"href":"https:\/\/noticiasregionais.com.br\/index.php?rest_route=%2Fwp%2Fv2%2Fcomments&post=12000"}],"version-history":[{"count":0,"href":"https:\/\/noticiasregionais.com.br\/index.php?rest_route=\/wp\/v2\/posts\/12000\/revisions"}],"wp:featuredmedia":[{"embeddable":true,"href":"https:\/\/noticiasregionais.com.br\/index.php?rest_route=\/wp\/v2\/media\/12001"}],"wp:attachment":[{"href":"https:\/\/noticiasregionais.com.br\/index.php?rest_route=%2Fwp%2Fv2%2Fmedia&parent=12000"}],"wp:term":[{"taxonomy":"category","embeddable":true,"href":"https:\/\/noticiasregionais.com.br\/index.php?rest_route=%2Fwp%2Fv2%2Fcategories&post=12000"},{"taxonomy":"post_tag","embeddable":true,"href":"https:\/\/noticiasregionais.com.br\/index.php?rest_route=%2Fwp%2Fv2%2Ftags&post=12000"}],"curies":[{"name":"wp","href":"https:\/\/api.w.org\/{rel}","templated":true}]}}