{"id":12002,"date":"2025-12-30T02:30:00","date_gmt":"2025-12-30T05:30:00","guid":{"rendered":"https:\/\/noticiasregionais.com.br\/?p=12002"},"modified":"2025-12-30T02:30:00","modified_gmt":"2025-12-30T05:30:00","slug":"soja-e-trigo-hoje-confira-as-cotacoes-para-terca-feira-30-2","status":"publish","type":"post","link":"https:\/\/noticiasregionais.com.br\/?p=12002","title":{"rendered":"Soja e trigo hoje: confira as cota\u00e7\u00f5es para ter\u00e7a-feira (30)"},"content":{"rendered":"<p>\t\t\t\t\t\t\t\t\t\t\t<audio controls class=\"b61_audio_player\" data-noticia=\"86736\" src=\"https:\/\/brasil61.com\/rails\/active_storage\/blobs\/eyJfcmFpbHMiOnsibWVzc2FnZSI6IkJBaHBBNVhjQXc9PSIsImV4cCI6bnVsbCwicHVyIjoiYmxvYl9pZCJ9fQ==--a5ee078b09fafd39182e10e24828f5d71d2ed189\/PAGR256015A\"><\/audio><\/p>\n<p>O valor da saca de 60 kg da <strong>soja <\/strong>abre esta ter\u00e7a-feira (30) em <strong>lev\u00edssima\u00a0queda de 0,01%<\/strong>\u00a0tanto no interior do Paran\u00e1, como no litoral do estado, em Paranagu\u00e1.\u00a0<\/p>\n<p>Na primeira regi\u00e3o, o gr\u00e3o\u00a0\u00e9 negociado a <strong>R$ 136,21<\/strong>; na segunda,\u00a0a mercadoria \u00e9 cotada a <strong>R$ 142,60<\/strong>.<\/p>\n<p><strong>INDICADOR DA SOJA CEPEA\/ESALQ &#8211; PARAN\u00c1<\/strong><\/p>\n<table>\n<thead>\n<tr>\n<th>Data<\/th>\n<th>Valor R$*<\/th>\n<th>Var.\/Dia<\/th>\n<th>Var.\/M\u00eas<\/th>\n<th>Valor US$*<\/th>\n<\/tr>\n<\/thead>\n<tbody>\n<tr>\n<td>29\/12\/2025<\/td>\n<td>136,21<\/td>\n<td>-0,01%<\/td>\n<td>0,10%<\/td>\n<td>24,41<\/td>\n<\/tr>\n<tr>\n<td>26\/12\/2025<\/td>\n<td>136,23<\/td>\n<td>0,02%<\/td>\n<td>0,12%<\/td>\n<td>24,57<\/td>\n<\/tr>\n<tr>\n<td>23\/12\/2025<\/td>\n<td>136,20<\/td>\n<td>0,03%<\/td>\n<td>0,10%<\/td>\n<td>24,59<\/td>\n<\/tr>\n<tr>\n<td>22\/12\/2025<\/td>\n<td>136,16<\/td>\n<td>0,04%<\/td>\n<td>0,07%<\/td>\n<td>24,39<\/td>\n<\/tr>\n<tr>\n<td>19\/12\/2025<\/td>\n<td>136,10<\/td>\n<td>-0,10%<\/td>\n<td>0,02%<\/td>\n<td>24,62<\/td>\n<\/tr>\n<\/tbody>\n<\/table>\n<p><strong>INDICADOR DA SOJA CEPEA\/ESALQ &#8211; PARANAGU\u00c1<\/strong><\/p>\n<table>\n<thead>\n<tr>\n<th>Data<\/th>\n<th>Valor R$*<\/th>\n<th>Var.\/Dia<\/th>\n<th>Var.\/M\u00eas<\/th>\n<th>Valor US$*<\/th>\n<\/tr>\n<\/thead>\n<tbody>\n<tr>\n<td>29\/12\/2025<\/td>\n<td>142,60<\/td>\n<td>-0,01%<\/td>\n<td>0,46%<\/td>\n<td>25,56<\/td>\n<\/tr>\n<tr>\n<td>26\/12\/2025<\/td>\n<td>142,62<\/td>\n<td>-0,04%<\/td>\n<td>0,48%<\/td>\n<td>25,73<\/td>\n<\/tr>\n<tr>\n<td>23\/12\/2025<\/td>\n<td>142,67<\/td>\n<td>0,00%<\/td>\n<td>0,51%<\/td>\n<td>25,76<\/td>\n<\/tr>\n<tr>\n<td>22\/12\/2025<\/td>\n<td>142,67<\/td>\n<td>-0,19%<\/td>\n<td>0,51%<\/td>\n<td>25,56<\/td>\n<\/tr>\n<tr>\n<td>19\/12\/2025<\/td>\n<td>142,94<\/td>\n<td>0,30%<\/td>\n<td>0,70%<\/td>\n<td>25,85<\/td>\n<\/tr>\n<\/tbody>\n<\/table>\n<h2>Trigo<\/h2>\n<p>O pre\u00e7o do <strong>trigo<\/strong>, por sua vez, registra <strong>estabilidade no Paran\u00e1 <\/strong>e<strong>\u00a0no Rio Grande do Sul<\/strong>.<strong>\u00a0<\/strong>No primeiro estado, a tonelada\u00a0\u00e9 vendida a<strong> R$ 1.182,07<\/strong>, enquanto no segundo \u00e9 comercializada a<strong> R$ 1.046,01<\/strong>.<\/p>\n<p><strong>PRE\u00c7O M\u00c9DIO DO TRIGO CEPEA\/ESALQ &#8211; PARAN\u00c1<\/strong><\/p>\n<table>\n<thead>\n<tr>\n<th>Data<\/th>\n<th>Valor R$\/t*<\/th>\n<th>Var.\/Dia<\/th>\n<th>Var.\/M\u00eas<\/th>\n<th>Valor US$\/t*<\/th>\n<\/tr>\n<\/thead>\n<tbody>\n<tr>\n<td>29\/12\/2025<\/td>\n<td>1.182,07<\/td>\n<td>0,00%<\/td>\n<td>-1,01%<\/td>\n<td>211,88<\/td>\n<\/tr>\n<tr>\n<td>26\/12\/2025<\/td>\n<td>1.182,07<\/td>\n<td>0,00%<\/td>\n<td>-1,01%<\/td>\n<td>213,22<\/td>\n<\/tr>\n<tr>\n<td>23\/12\/2025<\/td>\n<td>1.182,07<\/td>\n<td>-0,02%<\/td>\n<td>-1,01%<\/td>\n<td>213,45<\/td>\n<\/tr>\n<tr>\n<td>22\/12\/2025<\/td>\n<td>1.182,32<\/td>\n<td>0,00%<\/td>\n<td>-0,99%<\/td>\n<td>211,81<\/td>\n<\/tr>\n<tr>\n<td>19\/12\/2025<\/td>\n<td>1.182,32<\/td>\n<td>-0,18%<\/td>\n<td>-0,99%<\/td>\n<td>213,84<\/td>\n<\/tr>\n<\/tbody>\n<\/table>\n<p><strong>PRE\u00c7O M\u00c9DIO DO TRIGO CEPEA\/ESALQ &#8211; RIO GRANDE DO SUL<\/strong><\/p>\n<table>\n<thead>\n<tr>\n<th>Data<\/th>\n<th>Valor R$\/t*<\/th>\n<th>Var.\/Dia<\/th>\n<th>Var.\/M\u00eas<\/th>\n<th>Valor US$\/t*<\/th>\n<\/tr>\n<\/thead>\n<tbody>\n<tr>\n<td>29\/12\/2025<\/td>\n<td>1.046,01<\/td>\n<td>0,00%<\/td>\n<td>1,44%<\/td>\n<td>187,49<\/td>\n<\/tr>\n<tr>\n<td>26\/12\/2025<\/td>\n<td>1.046,01<\/td>\n<td>0,00%<\/td>\n<td>1,44%<\/td>\n<td>188,67<\/td>\n<\/tr>\n<tr>\n<td>23\/12\/2025<\/td>\n<td>1.046,01<\/td>\n<td>0,00%<\/td>\n<td>1,44%<\/td>\n<td>188,88<\/td>\n<\/tr>\n<tr>\n<td>22\/12\/2025<\/td>\n<td>1.046,01<\/td>\n<td>0,40%<\/td>\n<td>1,44%<\/td>\n<td>187,39<\/td>\n<\/tr>\n<tr>\n<td>19\/12\/2025<\/td>\n<td>1.041,80<\/td>\n<td>1,19%<\/td>\n<td>1,03%<\/td>\n<td>188,42<\/td>\n<\/tr>\n<\/tbody>\n<\/table>\n<p>Os valores s\u00e3o do <a href=\"http:\/\/www.cepea.org.br\" target=\"_blank\" rel=\"noopener\">Cepea<\/a>.<\/p>\n<h2>O que \u00e9 uma saca de soja ou de trigo? Entenda a unidade de medida no mercado de gr\u00e3os<\/h2>\n<p>A saca de soja e a saca de trigo s\u00e3o as principais unidades de comercializa\u00e7\u00e3o de gr\u00e3os no Brasil. Cada saca equivale a 60 quilos, padr\u00e3o adotado por \u00f3rg\u00e3os oficiais como a <strong>Companhia Nacional de Abastecimento (<a href=\"https:\/\/www.gov.br\/conab\/pt-br\" target=\"_blank\" rel=\"noopener\">Conab<\/a>)<\/strong>, o<strong> Minist\u00e9rio da Agricultura (<a href=\"http:\/\/www.gov.br\/agricultura\/pt-br\" target=\"_blank\" rel=\"noopener\">MAPA<\/a>)<\/strong> e o<strong> Centro de Estudos Avan\u00e7ados em Economia Aplicada (<a href=\"http:\/\/www.cepea.org.br\" target=\"_blank\" rel=\"noopener\">Cepea<\/a>)<\/strong>.<\/p>\n<p>Esse formato padronizado facilita o com\u00e9rcio da soja e do trigo, al\u00e9m de permitir um acompanhamento mais preciso das cota\u00e7\u00f5es e varia\u00e7\u00f5es de pre\u00e7os no mercado nacional.<\/p>\n<p>\t\t\t\t\t\t\t\t\t\t<img decoding=\"async\" src=\"https:\/\/brasil61.com\/api\/v1\/serve_pixel\/22254\/86736\" alt=\"Pixel Brasil 61\" class=\"b61_pixel\" width=\"0\" height=\"0\"><\/p>\n<div class=\"br61_backlink\">\n<p>\n\t\t\t\tFonte: <a href=\"https:\/\/brasil61.com\/soja-e-trigo-hoje-confira-as-cotacoes-para-terca-feira-30-pagr256015\" title=\"Artigo Original: Soja e trigo hoje: confira as cota\u00e7\u00f5es para ter\u00e7a-feira (30)\" target=\"_blank\" rel=\"noopener\">Brasil 61<\/a>\n\t\t\t<\/p>\n<\/p><\/div>\n<input type=\"hidden\" id=\"baseurl\" value=\"https:\/\/noticiasregionais.com.br\"><input type=\"hidden\" id=\"audio_nonce\" value=\"5c13e0637f\">","protected":false},"excerpt":{"rendered":"<p>A soja apresenta queda no Paran\u00e1 e em Paranagu\u00e1; o trigo, por sua vez, aponta estabilidade no Paran\u00e1 e no Rio Grande do Sul<\/p>\n","protected":false},"author":1,"featured_media":12003,"comment_status":"","ping_status":"open","sticky":false,"template":"","format":"standard","meta":{"sfsi_plus_gutenberg_text_before_share":"","sfsi_plus_gutenberg_show_text_before_share":"","sfsi_plus_gutenberg_icon_type":"","sfsi_plus_gutenberg_icon_alignemt":"","sfsi_plus_gutenburg_max_per_row":"","footnotes":""},"categories":[8],"tags":[],"class_list":["post-12002","post","type-post","status-publish","format-standard","has-post-thumbnail","hentry","category-brasil"],"_links":{"self":[{"href":"https:\/\/noticiasregionais.com.br\/index.php?rest_route=\/wp\/v2\/posts\/12002","targetHints":{"allow":["GET"]}}],"collection":[{"href":"https:\/\/noticiasregionais.com.br\/index.php?rest_route=\/wp\/v2\/posts"}],"about":[{"href":"https:\/\/noticiasregionais.com.br\/index.php?rest_route=\/wp\/v2\/types\/post"}],"author":[{"embeddable":true,"href":"https:\/\/noticiasregionais.com.br\/index.php?rest_route=\/wp\/v2\/users\/1"}],"replies":[{"embeddable":true,"href":"https:\/\/noticiasregionais.com.br\/index.php?rest_route=%2Fwp%2Fv2%2Fcomments&post=12002"}],"version-history":[{"count":0,"href":"https:\/\/noticiasregionais.com.br\/index.php?rest_route=\/wp\/v2\/posts\/12002\/revisions"}],"wp:featuredmedia":[{"embeddable":true,"href":"https:\/\/noticiasregionais.com.br\/index.php?rest_route=\/wp\/v2\/media\/12003"}],"wp:attachment":[{"href":"https:\/\/noticiasregionais.com.br\/index.php?rest_route=%2Fwp%2Fv2%2Fmedia&parent=12002"}],"wp:term":[{"taxonomy":"category","embeddable":true,"href":"https:\/\/noticiasregionais.com.br\/index.php?rest_route=%2Fwp%2Fv2%2Fcategories&post=12002"},{"taxonomy":"post_tag","embeddable":true,"href":"https:\/\/noticiasregionais.com.br\/index.php?rest_route=%2Fwp%2Fv2%2Ftags&post=12002"}],"curies":[{"name":"wp","href":"https:\/\/api.w.org\/{rel}","templated":true}]}}