{"id":12018,"date":"2025-12-30T21:00:00","date_gmt":"2025-12-31T00:00:00","guid":{"rendered":"https:\/\/noticiasregionais.com.br\/?p=12018"},"modified":"2025-12-30T21:00:00","modified_gmt":"2025-12-31T00:00:00","slug":"seguro-defeso-pescadores-precisam-enviar-reap-pelo-pesqbrasil-ate-esta-quarta-feira-31","status":"publish","type":"post","link":"https:\/\/noticiasregionais.com.br\/?p=12018","title":{"rendered":"Seguro-defeso: pescadores precisam enviar REAP pelo PesqBrasil at\u00e9 esta quarta-feira (31)\u2028"},"content":{"rendered":"<p>\t\t\t\t\t\t\t\t\t\t\t<audio controls class=\"b61_audio_player\" data-noticia=\"86751\" src=\"https:\/\/brasil61.com\/rails\/active_storage\/blobs\/eyJfcmFpbHMiOnsibWVzc2FnZSI6IkJBaHBBMFBkQXc9PSIsImV4cCI6bnVsbCwicHVyIjoiYmxvYl9pZCJ9fQ==--55c967a5bd143b78f16f5ee4bb8bc72099127bd7\/BRAS2515451A\"><\/audio><\/p>\n<p>Pescadores profissionais t\u00eam at\u00e9 esta quarta-feira\u00a0(<b>31) <\/b>para enviar o <b>Relat\u00f3rio Anual de Exerc\u00edcio da Atividade Pesqueira (REAP)<\/b> ao <a href=\"https:\/\/www.gov.br\/mpa\/pt-br\" target=\"_blank\" rel=\"noopener\">Minist\u00e9rio da Pesca e Aquicultura (MPA)<\/a>. O cumprimento do prazo \u00e9 obrigat\u00f3rio para manter o <b>Registro Geral da Atividade Pesqueira (RGP)<\/b> ativo e assegurar o direito ao <b>seguro-defeso<\/b>.<\/p>\n<p>A n\u00e3o apresenta\u00e7\u00e3o do relat\u00f3rio dentro do prazo torna o RGP irregular, o que impede o acesso a benef\u00edcios previdenci\u00e1rios e assistenciais vinculados \u00e0 atividade pesqueira, como o seguro-defeso.<\/p>\n<p>Para realizar o envio, o pescador deve estar com o RGP ativo e regular. Al\u00e9m disso, a <b>Carteira de Identidade Nacional (CIN)<\/b> passou a ser obrigat\u00f3ria tanto para a manuten\u00e7\u00e3o do registro quanto para o preenchimento e envio do relat\u00f3rio anual.<\/p>\n<p>O procedimento \u00e9 feito de forma totalmente online, por meio do sistema <a href=\"http:\/\/pesqbrasil-pescadorprofissional.agro.gov.br\/\" target=\"_blank\" rel=\"noopener\"><b>PesqBrasil \u2013 Pescador Profissional<\/b><\/a>. Na plataforma, o profissional deve inserir o REAP, documento que comprova o exerc\u00edcio regular da atividade pesqueira ao longo do ano. No relat\u00f3rio, \u00e9 necess\u00e1rio informar, m\u00eas a m\u00eas, os volumes pescados, as esp\u00e9cies capturadas e os locais de pesca.<\/p>\n<p><b>Veja mais:<\/b><\/p>\n<ul>\n<li><a href=\"https:\/\/brasil61.com\/n\/pesca-comercial-confira-inicio-do-periodo-de-defeso-nas-bacias-hidrograficas-bras2515078\" target=\"_blank\" rel=\"noopener\">Pesca comercial: confira in\u00edcio do per\u00edodo de defeso nas bacias hidrogr\u00e1ficas<\/a><\/li>\n<\/ul>\n<p>\t\t\t\t\t\t\t\t\t\t<img decoding=\"async\" src=\"https:\/\/brasil61.com\/api\/v1\/serve_pixel\/22254\/86751\" alt=\"Pixel Brasil 61\" class=\"b61_pixel\" width=\"0\" height=\"0\"><\/p>\n<div class=\"br61_backlink\">\n<p>\n\t\t\t\tFonte: <a href=\"https:\/\/brasil61.com\/seguro-defeso-pescadores-precisam-enviar-reap-pelo-pesqbrasil-ate-esta-quarta-feira-31-bras2515451\" title=\"Artigo Original: Seguro-defeso: pescadores precisam enviar REAP pelo PesqBrasil at\u00e9 esta quarta-feira (31)\u2028\" target=\"_blank\" rel=\"noopener\">Brasil 61<\/a>\n\t\t\t<\/p>\n<\/p><\/div>\n<input type=\"hidden\" id=\"baseurl\" value=\"https:\/\/noticiasregionais.com.br\"><input type=\"hidden\" id=\"audio_nonce\" value=\"5c13e0637f\">","protected":false},"excerpt":{"rendered":"<p>O procedimento \u00e9 online, por meio do sistema PesqBrasil<\/p>\n","protected":false},"author":1,"featured_media":12019,"comment_status":"","ping_status":"open","sticky":false,"template":"","format":"standard","meta":{"sfsi_plus_gutenberg_text_before_share":"","sfsi_plus_gutenberg_show_text_before_share":"","sfsi_plus_gutenberg_icon_type":"","sfsi_plus_gutenberg_icon_alignemt":"","sfsi_plus_gutenburg_max_per_row":"","footnotes":""},"categories":[8],"tags":[],"class_list":["post-12018","post","type-post","status-publish","format-standard","has-post-thumbnail","hentry","category-brasil"],"_links":{"self":[{"href":"https:\/\/noticiasregionais.com.br\/index.php?rest_route=\/wp\/v2\/posts\/12018","targetHints":{"allow":["GET"]}}],"collection":[{"href":"https:\/\/noticiasregionais.com.br\/index.php?rest_route=\/wp\/v2\/posts"}],"about":[{"href":"https:\/\/noticiasregionais.com.br\/index.php?rest_route=\/wp\/v2\/types\/post"}],"author":[{"embeddable":true,"href":"https:\/\/noticiasregionais.com.br\/index.php?rest_route=\/wp\/v2\/users\/1"}],"replies":[{"embeddable":true,"href":"https:\/\/noticiasregionais.com.br\/index.php?rest_route=%2Fwp%2Fv2%2Fcomments&post=12018"}],"version-history":[{"count":0,"href":"https:\/\/noticiasregionais.com.br\/index.php?rest_route=\/wp\/v2\/posts\/12018\/revisions"}],"wp:featuredmedia":[{"embeddable":true,"href":"https:\/\/noticiasregionais.com.br\/index.php?rest_route=\/wp\/v2\/media\/12019"}],"wp:attachment":[{"href":"https:\/\/noticiasregionais.com.br\/index.php?rest_route=%2Fwp%2Fv2%2Fmedia&parent=12018"}],"wp:term":[{"taxonomy":"category","embeddable":true,"href":"https:\/\/noticiasregionais.com.br\/index.php?rest_route=%2Fwp%2Fv2%2Fcategories&post=12018"},{"taxonomy":"post_tag","embeddable":true,"href":"https:\/\/noticiasregionais.com.br\/index.php?rest_route=%2Fwp%2Fv2%2Ftags&post=12018"}],"curies":[{"name":"wp","href":"https:\/\/api.w.org\/{rel}","templated":true}]}}