{"id":1202,"date":"2023-11-16T09:27:34","date_gmt":"2023-11-16T12:27:34","guid":{"rendered":"https:\/\/noticiasregionais.com.br\/?p=1202"},"modified":"2023-11-16T09:27:38","modified_gmt":"2023-11-16T12:27:38","slug":"pm-recupera-sw4-furtado-e-prende-acusados-de-receptacao-em-santo-antonio-da-platina","status":"publish","type":"post","link":"https:\/\/noticiasregionais.com.br\/?p=1202","title":{"rendered":"PM recupera SW4 furtado e prende acusados de recepta\u00e7\u00e3o em Santo Ant\u00f4nio da Platina"},"content":{"rendered":"\n<p>Na noite de ontem (15\/11\/2023) \u00e0s 21h50min, os policiais militares receberam informa\u00e7\u00f5es que davam conta de que um ve\u00edculo Toyota Hilux SW4, de cor preta, que havia sido furtado em data anterior, teria passado pelo munic\u00edpio de Jacarezinho e estaria transitando em Santo Ant\u00f4nio da Platina.<\/p>\n\n\n\n<p>As equipes da ROTAM e Opera\u00e7\u00f5es com C\u00e3es refor\u00e7aram o patrulhamento a fim de localizar o ve\u00edculo e enquanto transitavam nas proximidades do trevo de acesso ao Auto Posto Rodoluz avistaram um ve\u00edculo com as mesmas caracter\u00edsticas do que foi furtado.<\/p>\n\n\n\n<p>Os policiais procederam com a abordagem onde puderam verificar que os sinais de identifica\u00e7\u00e3o do ve\u00edculo estavam inconsistentes, onde as numera\u00e7\u00f5es de chassi, vidros e placas eram de outro ve\u00edculo. Em busca minuciosa foi poss\u00edvel constatar que se tratava do ve\u00edculo com alerta de furto, atrav\u00e9s da numera\u00e7\u00e3o do motor e dos cintos.<\/p>\n\n\n\n<p>Desse modo, os dois ocupantes do ve\u00edculo foram detidos e conduzidos at\u00e9 a Delegacia de Pol\u00edcia pelo delito de recepta\u00e7\u00e3o. O ve\u00edculo tamb\u00e9m foi encaminhado para a Delegacia para as devidas provid\u00eancias e posterior restitui\u00e7\u00e3o ao propriet\u00e1rio.<\/p>\n<input type=\"hidden\" id=\"baseurl\" value=\"https:\/\/noticiasregionais.com.br\"><input type=\"hidden\" id=\"audio_nonce\" value=\"533fbb67b1\">","protected":false},"excerpt":{"rendered":"<p>Na noite de ontem (15\/11\/2023) \u00e0s 21h50min, os policiais militares receberam informa\u00e7\u00f5es que davam conta de que um ve\u00edculo Toyota&hellip;<\/p>\n","protected":false},"author":1,"featured_media":1203,"comment_status":"closed","ping_status":"open","sticky":false,"template":"","format":"standard","meta":{"sfsi_plus_gutenberg_text_before_share":"","sfsi_plus_gutenberg_show_text_before_share":"","sfsi_plus_gutenberg_icon_type":"","sfsi_plus_gutenberg_icon_alignemt":"","sfsi_plus_gutenburg_max_per_row":"","footnotes":""},"categories":[7,10,1],"tags":[],"class_list":["post-1202","post","type-post","status-publish","format-standard","has-post-thumbnail","hentry","category-parana","category-destaques","category-noticias"],"_links":{"self":[{"href":"https:\/\/noticiasregionais.com.br\/index.php?rest_route=\/wp\/v2\/posts\/1202","targetHints":{"allow":["GET"]}}],"collection":[{"href":"https:\/\/noticiasregionais.com.br\/index.php?rest_route=\/wp\/v2\/posts"}],"about":[{"href":"https:\/\/noticiasregionais.com.br\/index.php?rest_route=\/wp\/v2\/types\/post"}],"author":[{"embeddable":true,"href":"https:\/\/noticiasregionais.com.br\/index.php?rest_route=\/wp\/v2\/users\/1"}],"replies":[{"embeddable":true,"href":"https:\/\/noticiasregionais.com.br\/index.php?rest_route=%2Fwp%2Fv2%2Fcomments&post=1202"}],"version-history":[{"count":1,"href":"https:\/\/noticiasregionais.com.br\/index.php?rest_route=\/wp\/v2\/posts\/1202\/revisions"}],"predecessor-version":[{"id":1204,"href":"https:\/\/noticiasregionais.com.br\/index.php?rest_route=\/wp\/v2\/posts\/1202\/revisions\/1204"}],"wp:featuredmedia":[{"embeddable":true,"href":"https:\/\/noticiasregionais.com.br\/index.php?rest_route=\/wp\/v2\/media\/1203"}],"wp:attachment":[{"href":"https:\/\/noticiasregionais.com.br\/index.php?rest_route=%2Fwp%2Fv2%2Fmedia&parent=1202"}],"wp:term":[{"taxonomy":"category","embeddable":true,"href":"https:\/\/noticiasregionais.com.br\/index.php?rest_route=%2Fwp%2Fv2%2Fcategories&post=1202"},{"taxonomy":"post_tag","embeddable":true,"href":"https:\/\/noticiasregionais.com.br\/index.php?rest_route=%2Fwp%2Fv2%2Ftags&post=1202"}],"curies":[{"name":"wp","href":"https:\/\/api.w.org\/{rel}","templated":true}]}}