{"id":12020,"date":"2025-12-31T01:30:00","date_gmt":"2025-12-31T04:30:00","guid":{"rendered":"https:\/\/noticiasregionais.com.br\/?p=12020"},"modified":"2025-12-31T01:30:00","modified_gmt":"2025-12-31T04:30:00","slug":"operacao-ano-novo-prf-reforca-fiscalizacao-nas-rodovias-do-pais","status":"publish","type":"post","link":"https:\/\/noticiasregionais.com.br\/?p=12020","title":{"rendered":"Opera\u00e7\u00e3o Ano Novo: PRF refor\u00e7a fiscaliza\u00e7\u00e3o nas rodovias do pa\u00eds"},"content":{"rendered":"<p>\t\t\t\t\t\t\t\t\t\t\t<audio controls class=\"b61_audio_player\" data-noticia=\"86755\" src=\"https:\/\/brasil61.com\/rails\/active_storage\/blobs\/eyJfcmFpbHMiOnsibWVzc2FnZSI6IkJBaHBBelhkQXc9PSIsImV4cCI6bnVsbCwicHVyIjoiYmxvYl9pZCJ9fQ==--46148bf5a741039095e6a0861572d9bae373e22c\/BRAS2515455A\"><\/audio><\/p>\n<p>A <a href=\"https:\/\/www.gov.br\/prf\/pt-br\" target=\"_blank\" rel=\"noopener\">Pol\u00edcia Rodovi\u00e1ria Federal (PRF)<\/a> iniciou, na \u00faltima ter\u00e7a-feira (30), a <strong>Opera\u00e7\u00e3o Ano Novo \u2013 que tem como foco o combate \u00e0 embriaguez ao volante.<\/strong> As a\u00e7\u00f5es e fiscaliza\u00e7\u00f5es v\u00e3o at\u00e9 \u00e0s 23h59 do pr\u00f3ximo domingo (4) nas rodovias federais. A iniciativa re\u00fane policiais de todo o pa\u00eds, com o intuito de conscientizar motoristas para manter a seguran\u00e7a e diminuir mortes no tr\u00e2nsito.<\/p>\n<p>A Opera\u00e7\u00e3o Ano Novo integra a segunda etapa da<strong> Opera\u00e7\u00e3o Rodovida <\/strong>\u2013 cuja primeira foi realizada entre os dias 23 e 28 de dezembro, ao longo do feriado de Natal. A fiscaliza\u00e7\u00e3o pretende garantir a seguran\u00e7a vi\u00e1ria durante as festas de fim de ano.<\/p>\n<p>A iniciativa tem como objetivo principal reduzir o n\u00famero de acidentes e mortes nas rodovias federais.<strong> As a\u00e7\u00f5es focam na fiscaliza\u00e7\u00e3o e na conscientiza\u00e7\u00e3o dos condutores, em especial em rela\u00e7\u00e3o aos riscos de dirigir embriagado.<\/strong><\/p>\n<p>Os <strong>dados preliminares<\/strong> dos acidentes e mortes registrados <strong>durante a semana de Natal indicam 1.196 sinistros e 111 \u00f3bitos nas rodovias federais<\/strong>. Apesar do n\u00famero, a quantidade de feridos diminuiu 27% em compara\u00e7\u00e3o com os dados de 2024, com 1.347 em 2025. Os acidentes tamb\u00e9m recuaram 20% em rela\u00e7\u00e3o ao ano passado.\u00a0<\/p>\n<h2>Opera\u00e7\u00e3o Ano Novo\u00a0<\/h2>\n<p>As a\u00e7\u00f5es e fiscaliza\u00e7\u00f5es da Opera\u00e7\u00e3o Ano Novo ser\u00e3o realizadas em todas as rodovias federais do pa\u00eds. Veja os detalhes da opera\u00e7\u00e3o em alguns estados brasileiros:<\/p>\n<h2><strong>Bahia<\/strong><\/h2>\n<p>Na Bahia, a PRF alerta que o volume de ve\u00edculos deve aumentar, especialmente nos acessos \u00e0 capital e \u00e0s regi\u00f5es tur\u00edsticas do litoral baiano.\u00a0<\/p>\n<p>A a\u00e7\u00e3o tem como foco a amplia\u00e7\u00e3o da seguran\u00e7a nas rodovias federais que cortam a Bahia durante as comemora\u00e7\u00f5es de fim de ano. Portanto, a PRF intensificar\u00e1 o policiamento de forma estrat\u00e9gica, concentrando equipes e recursos em trechos e hor\u00e1rios com maior risco de acidentes.<\/p>\n<p>Em paralelo \u00e0s a\u00e7\u00f5es de tr\u00e2nsito, a PRF refor\u00e7ar\u00e1 o combate \u00e0 criminalidade, com abordagens qualificadas voltadas \u00e0 pris\u00e3o de foragidos da Justi\u00e7a, recupera\u00e7\u00e3o de ve\u00edculos roubados, apreens\u00e3o de drogas, armas e outros il\u00edcitos no estado baiano.\u00a0<\/p>\n<h2><strong>Cear\u00e1<\/strong><\/h2>\n<p>No estado do Cear\u00e1, as medidas adotadas durante o per\u00edodo de Ano Novo tamb\u00e9m incluem restri\u00e7\u00e3o de tr\u00e1fego para ve\u00edculos de carga de grande porte em rodovias federais de pista simples no estado. A restri\u00e7\u00e3o ocorre nos dias 31 de dezembro e 1\u00ba de janeiro, sempre no hor\u00e1rio das 16h \u00e0s 22h.<\/p>\n<p>A medida ser\u00e1 aplicada a ve\u00edculos ou combina\u00e7\u00f5es de ve\u00edculos, com ou sem Autoriza\u00e7\u00e3o Especial de Tr\u00e2nsito (AET) ou Autoriza\u00e7\u00e3o Espec\u00edfica (AE), cujo peso ou dimens\u00f5es excedam qualquer um dos seguintes limites:<\/p>\n<ul>\n<li>2,6 metros de largura<\/li>\n<li>4,4 metros de altura<\/li>\n<li>19,8 metros de comprimento<\/li>\n<li>58,5 toneladas de Peso Bruto Total Combinado (PBTC)<\/li>\n<\/ul>\n<p>As restri\u00e7\u00f5es n\u00e3o ser\u00e3o aplicadas aos ve\u00edculos que fazem o transporte de produtos perigosos, como gasolina, \u00f3leo diesel, querosene de avia\u00e7\u00e3o e g\u00e1s liquefeito de petr\u00f3leo.<\/p>\n<h2><strong>Minas Gerais<\/strong><\/h2>\n<p>A Opera\u00e7\u00e3o Rodovida Ano Novo 25\/26 come\u00e7ou a partir da 0h de ter\u00e7a (30), nas rodovias federais em Minas Gerais. A PRF informou, em nota, que o aumento dos sinistros de tr\u00e2nsito provocados pelo consumo de \u00e1lcool \u00e9 um dos motivos para o refor\u00e7o na fiscaliza\u00e7\u00e3o.<\/p>\n<p>Conforme a corpora\u00e7\u00e3o, cerca de 800 policiais devem fiscalizar as documenta\u00e7\u00f5es do ve\u00edculo e do condutor, os equipamentos obrigat\u00f3rios de seguran\u00e7a dos ve\u00edculos, o excesso de velocidade, o uso do cinto de seguran\u00e7a, as ultrapassagens proibidas, o uso de celular ao volante. Os agentes tamb\u00e9m ir\u00e3o combater crimes.<\/p>\n<h2><strong>Mato Grosso do Sul<\/strong><\/h2>\n<p>Em Mato Grosso do Sul, os policiais rodovi\u00e1rios federais atuar\u00e3o a partir de nove Delegacias e 24 Unidades Operacionais, refor\u00e7ando o policiamento em mais de 4 mil quil\u00f4metros de rodovias federais, distribu\u00eddos em 11 rodovias que cortam o estado.\u00a0<\/p>\n<p>A fiscaliza\u00e7\u00e3o ser\u00e1 intensificada nos trechos e hor\u00e1rios com maior \u00edndice de acidentes e ocorr\u00eancias criminais.<\/p>\n<p>Ao longo da opera\u00e7\u00e3o, a PRF vai focar no combate \u00e0 alcoolemia ao volante, excesso de velocidade e ultrapassagens proibidas. As a\u00e7\u00f5es contar\u00e3o com o uso de c\u00e2meras de videomonitoramento e com o apoio da concession\u00e1ria Motiva Pantanal.<\/p>\n<p>O MS tamb\u00e9m ter\u00e1 restri\u00e7\u00e3o de tr\u00e1fego para ve\u00edculos de carga com dimens\u00f5es ou pesos excedentes nas rodovias federais de Mato Grosso do Sul no dia 31 de dezembro de 2025 (quarta-feira), das 16h \u00e0s 22h e no dia 01 de janeiro de 2025 (quinta-feira), das 16h \u00e0s 22h.<\/p>\n<h2><strong>Paran\u00e1<\/strong><\/h2>\n<p>A PRF tamb\u00e9m j\u00e1 iniciou a Opera\u00e7\u00e3o Ano Novo, com foco no combate \u00e0 embriaguez ao volante, no Paran\u00e1. As a\u00e7\u00f5es ser\u00e3o intensificadas considerando que, de janeiro a dezembro de 2025, a PRF no Paran\u00e1 registrou 439 acidentes de tr\u00e2nsito envolvendo motoristas que dirigiam ap\u00f3s a ingest\u00e3o de bebida alco\u00f3lica. Os dados apontam 27 mortes nessas ocorr\u00eancias. A estat\u00edstica \u00e9 41% maior que no mesmo per\u00edodo do ano passado.<\/p>\n<p>At\u00e9 o pr\u00f3ximo domingo (4), as equipes da PRF visam reduzir o n\u00famero de mortes nas rodovias federais que poderiam ser evitadas.<\/p>\n<h2><strong>Roraima\u00a0<\/strong><\/h2>\n<p>A PRF do estado de Roraima iniciou a maior opera\u00e7\u00e3o de seguran\u00e7a vi\u00e1ria do ano no estado, chamada de <strong>Rodovida 25\/26<\/strong>. A abertura oficial ocorreu na Unidade Operacional da PRF em Boa Vista, localizado na BR 174 km 491.<\/p>\n<p>As a\u00e7\u00f5es abrangem desde o Natal, Ano Novo, f\u00e9rias e vai at\u00e9 o Carnaval. A Opera\u00e7\u00e3o Rodovida \u00e9 uma a\u00e7\u00e3o nacional integrada que concentra esfor\u00e7os para reduzir a viol\u00eancia no tr\u00e2nsito, at\u00e9 22 de Fevereiro de 2026.<\/p>\n<h2>Orienta\u00e7\u00f5es para viajar com seguran\u00e7a<\/h2>\n<p>A PRF orienta que os motoristas devem seguir uma s\u00e9rie de cuidados na hora de viajar para garantir a pr\u00f3pria seguran\u00e7a e tamb\u00e9m de passageiros e pedestres. <strong>Confira as orienta\u00e7\u00f5es:<\/strong><\/p>\n<ul>\n<li>Revisar o ve\u00edculo antes de viajar;<\/li>\n<li>Acompanhar as condi\u00e7\u00f5es meteorol\u00f3gicas;<\/li>\n<li>Checar as condi\u00e7\u00f5es da rodovia;<\/li>\n<li>Descansar antes da viagem;<\/li>\n<li>Utilizar o cinto de seguran\u00e7a e os equipamentos obrigat\u00f3rios;<\/li>\n<li>Ultrapassar em local permitido;<\/li>\n<li>N\u00e3o ingerir bebidas alco\u00f3licas antes de dirigir;<\/li>\n<li>Respeitar os limites de velocidade;<\/li>\n<li>N\u00e3o usar o celular ao volante.<\/li>\n<\/ul>\n<p>Dirigir alcoolizado \u00e9 considerado uma infra\u00e7\u00e3o grav\u00edssima. A multa aplicada \u00e9 no valor de R$ 2.934,70 e implica na suspens\u00e3o da Carteira Nacional de Habilita\u00e7\u00e3o (CNH) por 12 meses.<br \/>\n\u00a0<\/p>\n<p>\t\t\t\t\t\t\t\t\t\t<img decoding=\"async\" src=\"https:\/\/brasil61.com\/api\/v1\/serve_pixel\/22254\/86755\" alt=\"Pixel Brasil 61\" class=\"b61_pixel\" width=\"0\" height=\"0\"><\/p>\n<div class=\"br61_backlink\">\n<p>\n\t\t\t\tFonte: <a href=\"https:\/\/brasil61.com\/operacao-ano-novo-prf-reforca-fiscalizacao-nas-rodovias-do-pais-bras2515455\" title=\"Artigo Original: Opera\u00e7\u00e3o Ano Novo: PRF refor\u00e7a fiscaliza\u00e7\u00e3o nas rodovias do pa\u00eds\" target=\"_blank\" rel=\"noopener\">Brasil 61<\/a>\n\t\t\t<\/p>\n<\/p><\/div>\n<input type=\"hidden\" id=\"baseurl\" value=\"https:\/\/noticiasregionais.com.br\"><input type=\"hidden\" id=\"audio_nonce\" value=\"5c13e0637f\">","protected":false},"excerpt":{"rendered":"<p>Fiscaliza\u00e7\u00f5es e a\u00e7\u00f5es educativas come\u00e7aram na ter\u00e7a (30) e v\u00e3o at\u00e9 o pr\u00f3ximo domingo (4); foco \u00e9 na toler\u00e2ncia zero \u00e0 mistura de \u00e1lcool e dire\u00e7\u00e3o para diminuir mortes no tr\u00e2nsito<\/p>\n","protected":false},"author":1,"featured_media":12021,"comment_status":"","ping_status":"open","sticky":false,"template":"","format":"standard","meta":{"sfsi_plus_gutenberg_text_before_share":"","sfsi_plus_gutenberg_show_text_before_share":"","sfsi_plus_gutenberg_icon_type":"","sfsi_plus_gutenberg_icon_alignemt":"","sfsi_plus_gutenburg_max_per_row":"","footnotes":""},"categories":[8],"tags":[],"class_list":["post-12020","post","type-post","status-publish","format-standard","has-post-thumbnail","hentry","category-brasil"],"_links":{"self":[{"href":"https:\/\/noticiasregionais.com.br\/index.php?rest_route=\/wp\/v2\/posts\/12020","targetHints":{"allow":["GET"]}}],"collection":[{"href":"https:\/\/noticiasregionais.com.br\/index.php?rest_route=\/wp\/v2\/posts"}],"about":[{"href":"https:\/\/noticiasregionais.com.br\/index.php?rest_route=\/wp\/v2\/types\/post"}],"author":[{"embeddable":true,"href":"https:\/\/noticiasregionais.com.br\/index.php?rest_route=\/wp\/v2\/users\/1"}],"replies":[{"embeddable":true,"href":"https:\/\/noticiasregionais.com.br\/index.php?rest_route=%2Fwp%2Fv2%2Fcomments&post=12020"}],"version-history":[{"count":0,"href":"https:\/\/noticiasregionais.com.br\/index.php?rest_route=\/wp\/v2\/posts\/12020\/revisions"}],"wp:featuredmedia":[{"embeddable":true,"href":"https:\/\/noticiasregionais.com.br\/index.php?rest_route=\/wp\/v2\/media\/12021"}],"wp:attachment":[{"href":"https:\/\/noticiasregionais.com.br\/index.php?rest_route=%2Fwp%2Fv2%2Fmedia&parent=12020"}],"wp:term":[{"taxonomy":"category","embeddable":true,"href":"https:\/\/noticiasregionais.com.br\/index.php?rest_route=%2Fwp%2Fv2%2Fcategories&post=12020"},{"taxonomy":"post_tag","embeddable":true,"href":"https:\/\/noticiasregionais.com.br\/index.php?rest_route=%2Fwp%2Fv2%2Ftags&post=12020"}],"curies":[{"name":"wp","href":"https:\/\/api.w.org\/{rel}","templated":true}]}}