{"id":12022,"date":"2025-12-31T02:30:00","date_gmt":"2025-12-31T05:30:00","guid":{"rendered":"https:\/\/noticiasregionais.com.br\/?p=12022"},"modified":"2025-12-31T02:30:00","modified_gmt":"2025-12-31T05:30:00","slug":"cafe-hoje-confira-as-cotacoes-para-quarta-feira-31","status":"publish","type":"post","link":"https:\/\/noticiasregionais.com.br\/?p=12022","title":{"rendered":"Caf\u00e9 hoje: confira as cota\u00e7\u00f5es para quarta-feira (31)"},"content":{"rendered":"<p>\t\t\t\t\t\t\t\t\t\t\t<audio controls class=\"b61_audio_player\" data-noticia=\"86777\" src=\"https:\/\/brasil61.com\/rails\/active_storage\/blobs\/eyJfcmFpbHMiOnsibWVzc2FnZSI6IkJBaHBBMXpkQXc9PSIsImV4cCI6bnVsbCwicHVyIjoiYmxvYl9pZCJ9fQ==--18945c3c8f5c50f78cef17cffb043cab8625766f\/PAGR256018A\"><\/audio><\/p>\n<p>O pre\u00e7o do caf\u00e9 ar\u00e1bica inicia esta quarta-feira (31) em queda de 0,06% e a saca de 60 kg \u00e9 negociada por R$2.174,74, na cidade de S\u00e3o Paulo.<\/p>\n<p><strong>INDICADOR DO CAF\u00c9 AR\u00c1BICA CEPEA\/ESALQ<\/strong><\/p>\n<table>\n<thead>\n<tr>\n<th>Data<\/th>\n<th>Valor R$<\/th>\n<th>Var.\/Dia<\/th>\n<th>Var.\/M\u00eas<\/th>\n<th>Valor US$<\/th>\n<\/tr>\n<\/thead>\n<tbody>\n<tr>\n<td>30\/12\/2025<\/td>\n<td>2.174,74<\/td>\n<td>-0,06%<\/td>\n<td>-3,47%<\/td>\n<td>396,27<\/td>\n<\/tr>\n<tr>\n<td>29\/12\/2025<\/td>\n<td>2.176,02<\/td>\n<td>0,39%<\/td>\n<td>-3,41%<\/td>\n<td>390,04<\/td>\n<\/tr>\n<tr>\n<td>26\/12\/2025<\/td>\n<td>2.167,55<\/td>\n<td>0,26%<\/td>\n<td>-3,79%<\/td>\n<td>390,97<\/td>\n<\/tr>\n<tr>\n<td>23\/12\/2025<\/td>\n<td>2.162,00<\/td>\n<td>0,14%<\/td>\n<td>-4,04%<\/td>\n<td>390,39<\/td>\n<\/tr>\n<tr>\n<td>22\/12\/2025<\/td>\n<td>2.159,06<\/td>\n<td>1,11%<\/td>\n<td>-4,17%<\/td>\n<td>386,79<\/td>\n<\/tr>\n<\/tbody>\n<\/table>\n<p>O caf\u00e9 robusta apresentou alta de 1,07% e est\u00e1 sendo negociado a R$1.263,91.<\/p>\n<\/p>\n<p>\n<strong>INDICADOR DO CAF\u00c9 ROBUSTA CEPEA\/ESALQ<\/strong><\/p>\n<table>\n<thead>\n<tr>\n<th>Data<\/th>\n<th>Valor R$<\/th>\n<th>Var.\/Dia<\/th>\n<th>Var.\/M\u00eas<\/th>\n<th>Valor US$<\/th>\n<\/tr>\n<\/thead>\n<tbody>\n<tr>\n<td>30\/12\/2025<\/td>\n<td>1.263,91<\/td>\n<td>1,07%<\/td>\n<td>-10,01%<\/td>\n<td>230,30<\/td>\n<\/tr>\n<tr>\n<td>29\/12\/2025<\/td>\n<td>1.250,58<\/td>\n<td>-0,47%<\/td>\n<td>-10,96%<\/td>\n<td>224,16<\/td>\n<\/tr>\n<tr>\n<td>26\/12\/2025<\/td>\n<td>1.256,47<\/td>\n<td>0,04%<\/td>\n<td>-10,54%<\/td>\n<td>226,64<\/td>\n<\/tr>\n<tr>\n<td>23\/12\/2025<\/td>\n<td>1.255,97<\/td>\n<td>1,27%<\/td>\n<td>-10,57%<\/td>\n<td>226,79<\/td>\n<\/tr>\n<tr>\n<td>22\/12\/2025<\/td>\n<td>1.240,19<\/td>\n<td>1,34%<\/td>\n<td>-11,70%<\/td>\n<td>222,18<\/td>\n<\/tr>\n<\/tbody>\n<\/table>\n<h2>A\u00e7\u00facar<\/h2>\n<p>O pre\u00e7o do a\u00e7\u00facar cristal apresenta varia\u00e7\u00f5es nas principais pra\u00e7as do estado de S\u00e3o Paulo. Na capital, a saca de 50 kg permanece est\u00e1vel, cotada a R$ 109,99.<\/p>\n<p><b>INDICADOR DO A\u00c7\u00daCAR CRISTAL BRANCO CEPEA\/ESALQ &#8211; S\u00c3O PAULO<\/b><\/p>\n<table>\n<thead>\n<tr>\n<th>Data<\/th>\n<th>Valor R$*<\/th>\n<th>Var.\/Dia<\/th>\n<th>Var.\/M\u00eas<\/th>\n<th>Valor US$*<\/th>\n<\/tr>\n<\/thead>\n<tbody>\n<tr>\n<td>30\/12\/2025<\/td>\n<td>109,99<\/td>\n<td>0,00%<\/td>\n<td>1,37%<\/td>\n<td>19,71<\/td>\n<\/tr>\n<tr>\n<td>29\/12\/2025<\/td>\n<td>109,99<\/td>\n<td>-0,58%<\/td>\n<td>1,37%<\/td>\n<td>19,71<\/td>\n<\/tr>\n<tr>\n<td>26\/12\/2025<\/td>\n<td>110,63<\/td>\n<td>0,00%<\/td>\n<td>1,96%<\/td>\n<td>19,82<\/td>\n<\/tr>\n<tr>\n<td>23\/12\/2025<\/td>\n<td>110,63<\/td>\n<td>0,00%<\/td>\n<td>1,96%<\/td>\n<td>19,82<\/td>\n<\/tr>\n<tr>\n<td>22\/12\/2025<\/td>\n<td>110,63<\/td>\n<td>-0,11%<\/td>\n<td>1,96%<\/td>\n<td>19,82<\/td>\n<\/tr>\n<\/tbody>\n<\/table>\n<p>Em Santos (SP), a mercadoria \u00e9 negociada a R$116,83; a cota\u00e7\u00e3o m\u00e9dia registra baixa de 2,15%.<\/p>\n<p><b>INDICADOR A\u00c7\u00daCAR CRISTAL &#8211; SANTOS\u00a0<\/b><\/p>\n<table>\n<thead>\n<tr>\n<th>Data<\/th>\n<th>Valor R$*<\/th>\n<th>Var.\/Dia<\/th>\n<th>Var.\/M\u00eas<\/th>\n<th>Valor US$*<\/th>\n<\/tr>\n<\/thead>\n<tbody>\n<tr>\n<td>30\/12\/2025<\/td>\n<td>116,83<\/td>\n<td>-2,15%<\/td>\n<td>1,25%<\/td>\n<td>21,23<\/td>\n<\/tr>\n<tr>\n<td>29\/12\/2025<\/td>\n<td>119,40<\/td>\n<td>0,00%<\/td>\n<td>3,48%<\/td>\n<td>21,55<\/td>\n<\/tr>\n<tr>\n<td>26\/12\/2025<\/td>\n<td>119,40<\/td>\n<td>0,39%<\/td>\n<td>3,48%<\/td>\n<td>21,55<\/td>\n<\/tr>\n<tr>\n<td>23\/12\/2025<\/td>\n<td>118,94<\/td>\n<td>0,00%<\/td>\n<td>3,08%<\/td>\n<td>21,47<\/td>\n<\/tr>\n<tr>\n<td>22\/12\/2025<\/td>\n<td>118,94<\/td>\n<td>1,60%<\/td>\n<td>3,08%<\/td>\n<td>21,47<\/td>\n<\/tr>\n<\/tbody>\n<\/table>\n<h2>Milho<\/h2>\n<p>A saca de 60 kg do milho \u00e9 negociada a R$69,50, com alta de 0,06%.<\/p>\n<p><b>INDICADOR DO MILHO ESALQ\/BM&amp;FBOVESPA<\/b><\/p>\n<table>\n<thead>\n<tr>\n<th>Data<\/th>\n<th>Valor R$*<\/th>\n<th>Var.\/Dia<\/th>\n<th>Var.\/M\u00eas<\/th>\n<th>Valor US$*<\/th>\n<\/tr>\n<\/thead>\n<tbody>\n<tr>\n<td>30\/12\/2025<\/td>\n<td>69,50<\/td>\n<td>0,06%<\/td>\n<td>1,08%<\/td>\n<td>12,66<\/td>\n<\/tr>\n<tr>\n<td>29\/12\/2025<\/td>\n<td>69,46<\/td>\n<td>-0,03%<\/td>\n<td>1,02%<\/td>\n<td>12,45<\/td>\n<\/tr>\n<tr>\n<td>26\/12\/2025<\/td>\n<td>69,48<\/td>\n<td>-0,03%<\/td>\n<td>1,05%<\/td>\n<td>12,53<\/td>\n<\/tr>\n<tr>\n<td>23\/12\/2025<\/td>\n<td>69,50<\/td>\n<td>0,04%<\/td>\n<td>1,08%<\/td>\n<td>12,55<\/td>\n<\/tr>\n<tr>\n<td>22\/12\/2025<\/td>\n<td>69,47<\/td>\n<td>0,07%<\/td>\n<td>1,03%<\/td>\n<td>12,45<\/td>\n<\/tr>\n<\/tbody>\n<\/table>\n<p>Os dados s\u00e3o do <a href=\"https:\/\/www.cepea.org.br\/br\/indicador\/milho.aspx\" target=\"_blank\" rel=\"noopener\">Cepea<\/a>.<\/p>\n<h2>Diferen\u00e7a entre caf\u00e9 ar\u00e1bica e caf\u00e9 robusta: caracter\u00edsticas, uso e regi\u00f5es produtoras<\/h2>\n<p>Caf\u00e9 ar\u00e1bica e caf\u00e9 robusta s\u00e3o as duas principais variedades cultivadas e comercializadas no Brasil, ambas medidas em sacas de 60 kg.<\/p>\n<ul>\n<li>O caf\u00e9 ar\u00e1bica (conhecido tamb\u00e9m como caf\u00e9 Conilon, em algumas regi\u00f5es) tem sabor mais suave, menor teor de cafe\u00edna e alta qualidade sensorial, sendo preferido em cafeterias especializadas e nas exporta\u00e7\u00f5es de caf\u00e9s premium. Representa cerca de 70% da produ\u00e7\u00e3o brasileira, com destaque para estados como Minas Gerais e S\u00e3o Paulo.<\/li>\n<li>O caf\u00e9 robusta, por sua vez, possui sabor mais amargo, maior concentra\u00e7\u00e3o de cafe\u00edna e corpo mais intenso. \u00c9 amplamente utilizado na produ\u00e7\u00e3o de caf\u00e9 sol\u00favel e blends comerciais. Seus principais polos produtores s\u00e3o o Esp\u00edrito Santo e Rond\u00f4nia, e seu pre\u00e7o costuma ser mais baixo em compara\u00e7\u00e3o ao ar\u00e1bica, por conta do perfil mais industrial.<\/li>\n<\/ul>\n<h2>Como \u00e9 calculada a saca de a\u00e7\u00facar cristal?<\/h2>\n<p>A saca de a\u00e7\u00facar cristal no Brasil \u00e9 padronizada em 50 quilos, especialmente para comercializa\u00e7\u00e3o no mercado atacadista e para uso na ind\u00fastria aliment\u00edcia. Essa unidade de medida \u00e9 adotada pelo <a href=\"https:\/\/www.cepea.org.br\/br\/indicador\/milho.aspx\" target=\"_blank\" rel=\"noopener\">Cepea\/Esalq-USP<\/a>, principal fonte de cota\u00e7\u00f5es di\u00e1rias do a\u00e7\u00facar cristal no pa\u00eds.<\/p>\n<h2>Qual o peso da saca de milho no Brasil?<\/h2>\n<p>A saca de milho equivale a 60 kg de gr\u00e3os, mesmo padr\u00e3o utilizado para soja e trigo. Essa medida \u00e9 oficializada por institui\u00e7\u00f5es como a <strong>Companhia Nacional de Abastecimento<\/strong> (<a href=\"https:\/\/www.gov.br\/conab\/pt-br\" target=\"_blank\" rel=\"noopener\">Conab<\/a>), o <strong>Minist\u00e9rio da Agricultura <\/strong>(<a href=\"https:\/\/www.gov.br\/agricultura\/pt-br\" target=\"_blank\" rel=\"noopener\">MAPA<\/a>) e o <a href=\"https:\/\/www.cepea.org.br\/br\/indicador\/milho.aspx\" target=\"_blank\" rel=\"noopener\">Cepea<\/a>, sendo amplamente usada em negocia\u00e7\u00f5es e relat\u00f3rios de pre\u00e7o do milho.<br \/>\n\u00a0<\/p>\n<p>\t\t\t\t\t\t\t\t\t\t<img decoding=\"async\" src=\"https:\/\/brasil61.com\/api\/v1\/serve_pixel\/22254\/86777\" alt=\"Pixel Brasil 61\" class=\"b61_pixel\" width=\"0\" height=\"0\"><\/p>\n<div class=\"br61_backlink\">\n<p>\n\t\t\t\tFonte: <a href=\"https:\/\/brasil61.com\/cafe-hoje-confira-as-cotacoes-para-quarta-feira-31-pagr256018\" title=\"Artigo Original: Caf\u00e9 hoje: confira as cota\u00e7\u00f5es para quarta-feira (31)\" target=\"_blank\" rel=\"noopener\">Brasil 61<\/a>\n\t\t\t<\/p>\n<\/p><\/div>\n<input type=\"hidden\" id=\"baseurl\" value=\"https:\/\/noticiasregionais.com.br\"><input type=\"hidden\" id=\"audio_nonce\" value=\"533fbb67b1\">","protected":false},"excerpt":{"rendered":"<p>Veja os valores do caf\u00e9 ar\u00e1bica, caf\u00e9 robusta, a\u00e7\u00facar cristal e do milho no mercado<\/p>\n","protected":false},"author":1,"featured_media":12023,"comment_status":"","ping_status":"open","sticky":false,"template":"","format":"standard","meta":{"sfsi_plus_gutenberg_text_before_share":"","sfsi_plus_gutenberg_show_text_before_share":"","sfsi_plus_gutenberg_icon_type":"","sfsi_plus_gutenberg_icon_alignemt":"","sfsi_plus_gutenburg_max_per_row":"","footnotes":""},"categories":[8],"tags":[],"class_list":["post-12022","post","type-post","status-publish","format-standard","has-post-thumbnail","hentry","category-brasil"],"_links":{"self":[{"href":"https:\/\/noticiasregionais.com.br\/index.php?rest_route=\/wp\/v2\/posts\/12022","targetHints":{"allow":["GET"]}}],"collection":[{"href":"https:\/\/noticiasregionais.com.br\/index.php?rest_route=\/wp\/v2\/posts"}],"about":[{"href":"https:\/\/noticiasregionais.com.br\/index.php?rest_route=\/wp\/v2\/types\/post"}],"author":[{"embeddable":true,"href":"https:\/\/noticiasregionais.com.br\/index.php?rest_route=\/wp\/v2\/users\/1"}],"replies":[{"embeddable":true,"href":"https:\/\/noticiasregionais.com.br\/index.php?rest_route=%2Fwp%2Fv2%2Fcomments&post=12022"}],"version-history":[{"count":0,"href":"https:\/\/noticiasregionais.com.br\/index.php?rest_route=\/wp\/v2\/posts\/12022\/revisions"}],"wp:featuredmedia":[{"embeddable":true,"href":"https:\/\/noticiasregionais.com.br\/index.php?rest_route=\/wp\/v2\/media\/12023"}],"wp:attachment":[{"href":"https:\/\/noticiasregionais.com.br\/index.php?rest_route=%2Fwp%2Fv2%2Fmedia&parent=12022"}],"wp:term":[{"taxonomy":"category","embeddable":true,"href":"https:\/\/noticiasregionais.com.br\/index.php?rest_route=%2Fwp%2Fv2%2Fcategories&post=12022"},{"taxonomy":"post_tag","embeddable":true,"href":"https:\/\/noticiasregionais.com.br\/index.php?rest_route=%2Fwp%2Fv2%2Ftags&post=12022"}],"curies":[{"name":"wp","href":"https:\/\/api.w.org\/{rel}","templated":true}]}}