{"id":12024,"date":"2025-12-31T03:21:00","date_gmt":"2025-12-31T06:21:00","guid":{"rendered":"https:\/\/noticiasregionais.com.br\/?p=12024"},"modified":"2025-12-31T03:21:00","modified_gmt":"2025-12-31T06:21:00","slug":"boi-gordo-hoje-confira-as-cotacoes-para-quarta-feira-31","status":"publish","type":"post","link":"https:\/\/noticiasregionais.com.br\/?p=12024","title":{"rendered":"Boi gordo hoje: confira as cota\u00e7\u00f5es para quarta-feira (31)"},"content":{"rendered":"<p>\t\t\t\t\t\t\t\t\t\t\t<audio controls class=\"b61_audio_player\" data-noticia=\"86776\" src=\"https:\/\/brasil61.com\/rails\/active_storage\/blobs\/eyJfcmFpbHMiOnsibWVzc2FnZSI6IkJBaHBBMTNkQXc9PSIsImV4cCI6bnVsbCwicHVyIjoiYmxvYl9pZCJ9fQ==--f3e9f1a8e5e9f1926fb0b1262b4478983a7c4c72\/PAGR256017A\"><\/audio><\/p>\n<p>O pre\u00e7o do <strong>boi gordo<\/strong>\u00a0abre esta quarta-feira (31) em\u00a0<strong>valoriza\u00e7\u00e3o<\/strong>; a arroba est\u00e1 sendo negociada a <strong>R$319,20<\/strong>, no estado de S\u00e3o Paulo.\u00a0<\/p>\n<\/p>\n<p>\n<b>INDICADOR DO BOI GORDO CEPEA\/ESALQ<\/b><\/p>\n<table>\n<thead>\n<tr>\n<th>Data<\/th>\n<th>Valor R$*<\/th>\n<th>Var.\/Dia<\/th>\n<th>Var.\/M\u00eas<\/th>\n<th>Valor US$*<\/th>\n<\/tr>\n<\/thead>\n<tbody>\n<tr>\n<td>30\/12\/2025<\/td>\n<td>319,20<\/td>\n<td>0,38%<\/td>\n<td>-0,75%<\/td>\n<td>58,16<\/td>\n<\/tr>\n<tr>\n<td>29\/12\/2025<\/td>\n<td>318,00<\/td>\n<td>-0,47%<\/td>\n<td>-1,12%<\/td>\n<td>57,00<\/td>\n<\/tr>\n<tr>\n<td>26\/12\/2025<\/td>\n<td>319,50<\/td>\n<td>0,00%<\/td>\n<td>-0,65%<\/td>\n<td>57,69<\/td>\n<\/tr>\n<tr>\n<td>23\/12\/2025<\/td>\n<td>319,50<\/td>\n<td>0,52%<\/td>\n<td>-0,65%<\/td>\n<td>57,69<\/td>\n<\/tr>\n<tr>\n<td>22\/12\/2025<\/td>\n<td>317,85<\/td>\n<td>-0,05%<\/td>\n<td>-1,17%<\/td>\n<td>56,94<\/td>\n<\/tr>\n<\/tbody>\n<\/table>\n<p>Na Grande S\u00e3o Paulo, em S\u00e3o Jos\u00e9 do Rio Preto e em Descalvado, o frango congelado e frango resfriado registram <strong>alta de 0,25%.<\/strong> O produto congelado \u00e9 negociado a <strong>R$ 8,12<\/strong>, ao passo que o resfriado segue cotado a <strong>R$ 8,14<\/strong>.]<\/p>\n<p>\n<b>PRE\u00c7OS DO FRANGO CONGELADO CEPEA\/ESALQ &#8211; ESTADO SP<\/b><\/p>\n<table>\n<thead>\n<tr>\n<th>Data<\/th>\n<th>Valor R$<\/th>\n<th>Var.\/Dia<\/th>\n<th>Var.\/M\u00eas<\/th>\n<\/tr>\n<\/thead>\n<tbody>\n<tr>\n<td>30\/12\/2025<\/td>\n<td>8,12<\/td>\n<td>0,25%<\/td>\n<td>0,12%<\/td>\n<\/tr>\n<tr>\n<td>29\/12\/2025<\/td>\n<td>8,10<\/td>\n<td>0,00%<\/td>\n<td>-0,12%<\/td>\n<\/tr>\n<tr>\n<td>26\/12\/2025<\/td>\n<td>8,10<\/td>\n<td>0,00%<\/td>\n<td>-0,12%<\/td>\n<\/tr>\n<tr>\n<td>23\/12\/2025<\/td>\n<td>8,10<\/td>\n<td>-0,49%<\/td>\n<td>-0,12%<\/td>\n<\/tr>\n<tr>\n<td>22\/12\/2025<\/td>\n<td>8,14<\/td>\n<td>0,62%<\/td>\n<td>0,37%<\/td>\n<\/tr>\n<\/tbody>\n<\/table>\n<p>\n<b>PRE\u00c7OS DO FRANGO RESFRIADO CEPEA\/ESALQ &#8211; ESTADO SP<\/b><\/p>\n<table>\n<thead>\n<tr>\n<th>Data<\/th>\n<th>Valor R$<\/th>\n<th>Var.\/Dia<\/th>\n<th>Var.\/M\u00eas<\/th>\n<\/tr>\n<\/thead>\n<tbody>\n<tr>\n<td>30\/12\/2025<\/td>\n<td>8,14<\/td>\n<td>0,25%<\/td>\n<td>0,25%<\/td>\n<\/tr>\n<tr>\n<td>29\/12\/2025<\/td>\n<td>8,12<\/td>\n<td>0,00%<\/td>\n<td>0,00%<\/td>\n<\/tr>\n<tr>\n<td>26\/12\/2025<\/td>\n<td>8,12<\/td>\n<td>0,00%<\/td>\n<td>0,00%<\/td>\n<\/tr>\n<tr>\n<td>23\/12\/2025<\/td>\n<td>8,12<\/td>\n<td>-0,49%<\/td>\n<td>0,00%<\/td>\n<\/tr>\n<tr>\n<td>22\/12\/2025<\/td>\n<td>8,16<\/td>\n<td>0,74%<\/td>\n<td>0,49%<\/td>\n<\/tr>\n<\/tbody>\n<\/table>\n<h2>Pre\u00e7o da carca\u00e7a su\u00edna especial e su\u00edno vivo<\/h2>\n<p>A carca\u00e7a su\u00edna especial apresenta <strong>estabilidade <\/strong>pelo segundo dia, sendo negociada a <strong>R$ 12,86<\/strong>, por quilo nos atacados da Grande S\u00e3o Paulo.<\/p>\n<p>O su\u00edno vivo registra <strong>estabilidade <\/strong>na maior parte dos estados, com destaque para S\u00e3o Paulo, onde o animal \u00e9 comercializado a<strong> R$ 8,91<\/strong>.<\/p>\n<p>\u00a0<\/p>\n<\/p>\n<p dir=\"ltr\"><b>INDICADOR DO SU\u00cdNO VIVO CEPEA\/ESALQ (R$\/kg)<\/b><\/p>\n<table>\n<thead>\n<tr>\n<th>Data<\/th>\n<th>Estado<\/th>\n<th>Valor R$*<\/th>\n<th>Var.\/Dia<\/th>\n<th>Var.\/M\u00eas<\/th>\n<\/tr>\n<\/thead>\n<tbody>\n<tr>\n<td>30\/12\/2025<\/td>\n<td>MG &#8211; posto<\/td>\n<td>8,43<\/td>\n<td>-0,12%<\/td>\n<td>-0,35%<\/td>\n<\/tr>\n<tr>\n<td>30\/12\/2025<\/td>\n<td>PR &#8211; a retirar<\/td>\n<td>8,27<\/td>\n<td>0,00%<\/td>\n<td>-1,66%<\/td>\n<\/tr>\n<tr>\n<td>30\/12\/2025<\/td>\n<td>RS &#8211; a retirar<\/td>\n<td>8,30<\/td>\n<td>0,00%<\/td>\n<td>-0,95%<\/td>\n<\/tr>\n<tr>\n<td>30\/12\/2025<\/td>\n<td>SC &#8211; a retirar<\/td>\n<td>8,35<\/td>\n<td>0,12%<\/td>\n<td>0,97%<\/td>\n<\/tr>\n<tr>\n<td>30\/12\/2025<\/td>\n<td>SP &#8211; posto<\/td>\n<td>8,91<\/td>\n<td>0,00%<\/td>\n<td>0,79%<\/td>\n<\/tr>\n<\/tbody>\n<\/table>\n<p>\n<strong>PRE\u00c7OS DA CARCA\u00c7A SU\u00cdNA ESPECIAL (R$\/kg)<\/strong><\/p>\n<table>\n<thead>\n<tr>\n<th>Data<\/th>\n<th>M\u00e9dia<\/th>\n<th>Var.\/Dia<\/th>\n<th>Var.\/M\u00eas<\/th>\n<\/tr>\n<\/thead>\n<tbody>\n<tr>\n<td>30\/12\/2025<\/td>\n<td>12,86<\/td>\n<td>0,00%<\/td>\n<td>0,78%<\/td>\n<\/tr>\n<tr>\n<td>29\/12\/2025<\/td>\n<td>12,86<\/td>\n<td>0,00%<\/td>\n<td>0,78%<\/td>\n<\/tr>\n<tr>\n<td>26\/12\/2025<\/td>\n<td>12,86<\/td>\n<td>0,31%<\/td>\n<td>0,78%<\/td>\n<\/tr>\n<tr>\n<td>23\/12\/2025<\/td>\n<td>12,82<\/td>\n<td>-0,31%<\/td>\n<td>0,47%<\/td>\n<\/tr>\n<tr>\n<td>22\/12\/2025<\/td>\n<td>12,86<\/td>\n<td>0,00%<\/td>\n<td>0,78%<\/td>\n<\/tr>\n<\/tbody>\n<\/table>\n<p dir=\"ltr\">Os valores s\u00e3o do <a href=\"https:\/\/www.cepea.org.br\/br\/indicador\/boi-gordo.aspx\" target=\"_blank\" rel=\"noopener\">Cepea<\/a>.<\/p>\n<h2 dir=\"ltr\">O que \u00e9 o boi gordo? Entenda o termo do mercado bovino<\/h2>\n<p dir=\"ltr\">O boi gordo \u00e9 o bovino macho pronto para o abate, com peso m\u00ednimo de 16 arrobas l\u00edquidas de carca\u00e7a (aproximadamente 240 kg) e at\u00e9 42 meses de idade. Atende aos padr\u00f5es do mercado nacional e internacional, incluindo exporta\u00e7\u00f5es para Europa, China e cota Hilton.<\/p>\n<h2 dir=\"ltr\">Diferen\u00e7as entre frango congelado e frango resfriado<\/h2>\n<p dir=\"ltr\">O frango congelado passa por congelamento r\u00e1pido, com temperaturas abaixo de -12\u00b0C, garantindo maior vida \u00fatil para armazenamento e transporte a longas dist\u00e2ncias. J\u00e1 o frango resfriado \u00e9 mantido entre 0\u00b0C e 4\u00b0C, com validade de 5 a 7 dias, oferecendo textura e sabor mais pr\u00f3ximos do fresco, ideal para consumidores exigentes e restaurantes.<\/p>\n<p>\t\t\t\t\t\t\t\t\t\t<img decoding=\"async\" src=\"https:\/\/brasil61.com\/api\/v1\/serve_pixel\/22254\/86776\" alt=\"Pixel Brasil 61\" class=\"b61_pixel\" width=\"0\" height=\"0\"><\/p>\n<div class=\"br61_backlink\">\n<p>\n\t\t\t\tFonte: <a href=\"https:\/\/brasil61.com\/boi-gordo-hoje-confira-as-cotacoes-para-quarta-feira-31-pagr256017\" title=\"Artigo Original: Boi gordo hoje: confira as cota\u00e7\u00f5es para quarta-feira (31)\" target=\"_blank\" rel=\"noopener\">Brasil 61<\/a>\n\t\t\t<\/p>\n<\/p><\/div>\n<input type=\"hidden\" id=\"baseurl\" value=\"https:\/\/noticiasregionais.com.br\"><input type=\"hidden\" id=\"audio_nonce\" value=\"533fbb67b1\">","protected":false},"excerpt":{"rendered":"<p>Frango congelado e resfriado apresentam leve alta, enquanto carca\u00e7a su\u00edna e su\u00edno vivo permanecem est\u00e1veis<\/p>\n","protected":false},"author":1,"featured_media":12025,"comment_status":"","ping_status":"open","sticky":false,"template":"","format":"standard","meta":{"sfsi_plus_gutenberg_text_before_share":"","sfsi_plus_gutenberg_show_text_before_share":"","sfsi_plus_gutenberg_icon_type":"","sfsi_plus_gutenberg_icon_alignemt":"","sfsi_plus_gutenburg_max_per_row":"","footnotes":""},"categories":[8],"tags":[],"class_list":["post-12024","post","type-post","status-publish","format-standard","has-post-thumbnail","hentry","category-brasil"],"_links":{"self":[{"href":"https:\/\/noticiasregionais.com.br\/index.php?rest_route=\/wp\/v2\/posts\/12024","targetHints":{"allow":["GET"]}}],"collection":[{"href":"https:\/\/noticiasregionais.com.br\/index.php?rest_route=\/wp\/v2\/posts"}],"about":[{"href":"https:\/\/noticiasregionais.com.br\/index.php?rest_route=\/wp\/v2\/types\/post"}],"author":[{"embeddable":true,"href":"https:\/\/noticiasregionais.com.br\/index.php?rest_route=\/wp\/v2\/users\/1"}],"replies":[{"embeddable":true,"href":"https:\/\/noticiasregionais.com.br\/index.php?rest_route=%2Fwp%2Fv2%2Fcomments&post=12024"}],"version-history":[{"count":0,"href":"https:\/\/noticiasregionais.com.br\/index.php?rest_route=\/wp\/v2\/posts\/12024\/revisions"}],"wp:featuredmedia":[{"embeddable":true,"href":"https:\/\/noticiasregionais.com.br\/index.php?rest_route=\/wp\/v2\/media\/12025"}],"wp:attachment":[{"href":"https:\/\/noticiasregionais.com.br\/index.php?rest_route=%2Fwp%2Fv2%2Fmedia&parent=12024"}],"wp:term":[{"taxonomy":"category","embeddable":true,"href":"https:\/\/noticiasregionais.com.br\/index.php?rest_route=%2Fwp%2Fv2%2Fcategories&post=12024"},{"taxonomy":"post_tag","embeddable":true,"href":"https:\/\/noticiasregionais.com.br\/index.php?rest_route=%2Fwp%2Fv2%2Ftags&post=12024"}],"curies":[{"name":"wp","href":"https:\/\/api.w.org\/{rel}","templated":true}]}}