{"id":12028,"date":"2025-12-31T04:05:00","date_gmt":"2025-12-31T07:05:00","guid":{"rendered":"https:\/\/noticiasregionais.com.br\/?p=12028"},"modified":"2025-12-31T06:31:22","modified_gmt":"2025-12-31T09:31:22","slug":"bancos-fecham-nos-dias-31-de-dezembro-e-1o-de-janeiro-informa-febraban","status":"publish","type":"post","link":"https:\/\/noticiasregionais.com.br\/?p=12028","title":{"rendered":"Bancos fecham nos dias 31 de dezembro e 1\u00ba de janeiro, informa Febraban"},"content":{"rendered":"<p>\t\t\t\t\t\t\t\t\t\t<audio controls class=\"b61_audio_player\" data-noticia=\"86766\" src=\"https:\/\/brasil61.com\/rails\/active_storage\/blobs\/eyJfcmFpbHMiOnsibWVzc2FnZSI6IkJBaHBBMGJkQXc9PSIsImV4cCI6bnVsbCwicHVyIjoiYmxvYl9pZCJ9fQ==--49811f23df01af4d67ced9690a427d491d1992a3\/BRAS2515461A\"><\/audio><\/p>\n<p>As <strong>ag\u00eancias banc\u00e1rias n\u00e3o abrir\u00e3o nos dias 31 de dezembro <\/strong>e<strong> 1\u00ba de janeiro<\/strong>, em raz\u00e3o do feriado de Ano-Novo, informou a <strong>Federa\u00e7\u00e3o Brasileira de Bancos (<a href=\"https:\/\/portal.febraban.org.br\/\" target=\"_blank\" rel=\"noopener\">Febraban<\/a>)<\/strong>. O \u00faltimo dia de atendimento presencial ao p\u00fablico ser\u00e1 o <strong>dia 30<\/strong>, com expediente normal e realiza\u00e7\u00e3o de todas as opera\u00e7\u00f5es banc\u00e1rias.<\/p>\n<p>Durante o per\u00edodo, as <strong>compensa\u00e7\u00f5es banc\u00e1rias<\/strong>, incluindo a TED, <strong>ficam suspensas<\/strong>, mas o <strong>Pix funcionar\u00e1 normalmente<\/strong>. Contas de consumo com vencimento nessas datas poder\u00e3o ser pagas no <strong>primeiro dia \u00fatil seguinte sem multa ou juros<\/strong>, enquanto tributos e impostos devem ser pagos antecipadamente.<\/p>\n<h2>Principais orienta\u00e7\u00f5es ao cliente<\/h2>\n<ul>\n<li>Tributos costumam vir com datas j\u00e1 ajustadas ao calend\u00e1rio de feriados;<\/li>\n<li>Se n\u00e3o houver ajuste, recomenda-se antecipar o pagamento ou agendar pelos caixas eletr\u00f4nicos;<\/li>\n<li>Canais eletr\u00f4nicos seguem dispon\u00edveis e concentram a maioria das transa\u00e7\u00f5es;<\/li>\n<li>Boletos de sacados eletr\u00f4nicos podem ser pagos via DDA (D\u00e9bito Direto Autorizado).<\/li>\n<\/ul>\n<p>As informa\u00e7\u00f5es s\u00e3o da <a href=\"https:\/\/agenciabrasil.ebc.com.br\/\" target=\"_blank\" rel=\"noopener\">Ag\u00eancia Brasil<\/a>.<\/p>\n<p>\t\t\t\t\t\t\t\t\t<img decoding=\"async\" src=\"https:\/\/brasil61.com\/api\/v1\/serve_pixel\/22254\/86766\" alt=\"Pixel Brasil 61\" class=\"b61_pixel\" width=\"0\" height=\"0\"><\/p>\n<div class=\"br61_backlink\">\n<p>\n\t\t\t\tFonte: <a href=\"https:\/\/brasil61.com\/bancos-fecham-nos-dias-31-de-dezembro-e-1-de-janeiro-informa-febraban-bras2515461\" title=\"Artigo Original: Bancos fecham nos dias 31 de dezembro e 1\u00ba de janeiro, informa Febraban\" target=\"_blank\" rel=\"noopener\">Brasil 61<\/a>\n\t\t\t<\/p>\n<\/p><\/div>\n<input type=\"hidden\" id=\"baseurl\" value=\"https:\/\/noticiasregionais.com.br\"><input type=\"hidden\" id=\"audio_nonce\" value=\"5c13e0637f\">","protected":false},"excerpt":{"rendered":"<p>Atendimento presencial ocorre pela \u00faltima vez no dia 30; Pix segue funcionando normalmente<\/p>\n","protected":false},"author":1,"featured_media":12033,"comment_status":"closed","ping_status":"open","sticky":false,"template":"","format":"standard","meta":{"sfsi_plus_gutenberg_text_before_share":"","sfsi_plus_gutenberg_show_text_before_share":"","sfsi_plus_gutenberg_icon_type":"","sfsi_plus_gutenberg_icon_alignemt":"","sfsi_plus_gutenburg_max_per_row":"","footnotes":""},"categories":[8],"tags":[],"class_list":["post-12028","post","type-post","status-publish","format-standard","has-post-thumbnail","hentry","category-brasil"],"_links":{"self":[{"href":"https:\/\/noticiasregionais.com.br\/index.php?rest_route=\/wp\/v2\/posts\/12028","targetHints":{"allow":["GET"]}}],"collection":[{"href":"https:\/\/noticiasregionais.com.br\/index.php?rest_route=\/wp\/v2\/posts"}],"about":[{"href":"https:\/\/noticiasregionais.com.br\/index.php?rest_route=\/wp\/v2\/types\/post"}],"author":[{"embeddable":true,"href":"https:\/\/noticiasregionais.com.br\/index.php?rest_route=\/wp\/v2\/users\/1"}],"replies":[{"embeddable":true,"href":"https:\/\/noticiasregionais.com.br\/index.php?rest_route=%2Fwp%2Fv2%2Fcomments&post=12028"}],"version-history":[{"count":1,"href":"https:\/\/noticiasregionais.com.br\/index.php?rest_route=\/wp\/v2\/posts\/12028\/revisions"}],"predecessor-version":[{"id":12032,"href":"https:\/\/noticiasregionais.com.br\/index.php?rest_route=\/wp\/v2\/posts\/12028\/revisions\/12032"}],"wp:featuredmedia":[{"embeddable":true,"href":"https:\/\/noticiasregionais.com.br\/index.php?rest_route=\/wp\/v2\/media\/12033"}],"wp:attachment":[{"href":"https:\/\/noticiasregionais.com.br\/index.php?rest_route=%2Fwp%2Fv2%2Fmedia&parent=12028"}],"wp:term":[{"taxonomy":"category","embeddable":true,"href":"https:\/\/noticiasregionais.com.br\/index.php?rest_route=%2Fwp%2Fv2%2Fcategories&post=12028"},{"taxonomy":"post_tag","embeddable":true,"href":"https:\/\/noticiasregionais.com.br\/index.php?rest_route=%2Fwp%2Fv2%2Ftags&post=12028"}],"curies":[{"name":"wp","href":"https:\/\/api.w.org\/{rel}","templated":true}]}}