{"id":12030,"date":"2025-12-31T04:00:00","date_gmt":"2025-12-31T07:00:00","guid":{"rendered":"https:\/\/noticiasregionais.com.br\/?p=12030"},"modified":"2025-12-31T04:00:00","modified_gmt":"2025-12-31T07:00:00","slug":"agrofloresta-transforma-prejuizo-em-legado-sustentavel-em-tome-acu-no-para","status":"publish","type":"post","link":"https:\/\/noticiasregionais.com.br\/?p=12030","title":{"rendered":"Agrofloresta transforma preju\u00edzo em legado sustent\u00e1vel em Tom\u00e9-A\u00e7u, no Par\u00e1"},"content":{"rendered":"<p>\t\t\t\t\t\t\t\t\t\t\t<audio controls class=\"b61_audio_player\" data-noticia=\"86612\" src=\"https:\/\/brasil61.com\/rails\/active_storage\/blobs\/eyJfcmFpbHMiOnsibWVzc2FnZSI6IkJBaHBBMnJjQXc9PSIsImV4cCI6bnVsbCwicHVyIjoiYmxvYl9pZCJ9fQ==--9f108955b91e8db2b9a923b311719e2405f2acf7\/BASA250141A\"><\/audio><\/p>\n<p>A ado\u00e7\u00e3o do sistema agroflorestal ap\u00f3s preju\u00edzos com a manufatura em Tom\u00e9-A\u00e7u (PA), com a reintrodu\u00e7\u00e3o do cacau na regi\u00e3o, tem transformado a economia dos produtores. O apoio do<a href=\"https:\/\/www.bancoamazonia.com.br\/\" target=\"_blank\" rel=\"noopener\"> Banco da Amaz\u00f4nia <\/a>por meio do Pronaf permitiu ao produtor Alberto Oppata, presidente da Cooperativa Agr\u00edcola Mista De Tom\u00e9-A\u00e7u (Camta),<strong> mudar a realidade da propriedade, garantir renda e melhorar a qualidade de vida da fam\u00edlia.\u00a0<\/strong><\/p>\n<p>Para Oppata, o<strong> suporte financeiro do Banco da Amaz\u00f4nia \u00e9 fundamental para a manuten\u00e7\u00e3o e desenvolvimento da propriedade.<\/strong><\/p>\n<p>\u201cA parceria Banco da Amaz\u00f4nia e aqui, a minha pessoa, o Opatta, foi de vida, porque proporcionou a qualidade de vida que eu tenho hoje. Esse financiamento, o Pronaf, foi fundamental. Hoje eu posso dizer que melhorei bastante desde o primeiro financiamento que eu consegui do Banco da Amaz\u00f4nia. Meu sentimento \u00e9 de que eu estou contribuindo com o meio ambiente\u201d, destaca o produtor.<\/p>\n<p>Alberto produz e exporta produtos como cacau, cupua\u00e7u, pitaia e a\u00e7a\u00ed.<\/p>\n<h2>Agrofloresta e preserva\u00e7\u00e3o ambiental<\/h2>\n<p>Com o cr\u00e9dito rural, Oppata melhorou o maquin\u00e1rio e o transporte. Al\u00e9m disso, fortaleceu a implementa\u00e7\u00e3o do sistema de agrofloresta \u2013 um modo sustent\u00e1vel de produzir sem prejudicar a natureza. \u00a0<\/p>\n<p><strong>A produ\u00e7\u00e3o agroflorestal na propriedade de Oppata abarca o cultivo de variedades como cacau, cupua\u00e7u, a\u00e7a\u00ed e pitaia. Como s\u00e3o cultivos distintos, o produtor afirma que a ado\u00e7\u00e3o do sistema garante que tenha receita todos os meses \u2013 j\u00e1 que os itens s\u00e3o colhidos em \u00e9pocas diferentes.\u00a0<\/strong><\/p>\n<p>Segundo Oppata, a ado\u00e7\u00e3o do sistema de agrofloresta garante uma contribui\u00e7\u00e3o direta ao meio ambiente, com foco em preserva\u00e7\u00e3o.\u00a0<\/p>\n<p>Os cultivos agroflorestais come\u00e7aram a ser adotados em Tom\u00e9-A\u00e7u na d\u00e9cada de 70 por imigrantes japoneses com vistas a superar preju\u00edzos da monocultura de Pimenta-do-Reino \u2013 ocorridos no final dos anos 60.<\/p>\n<p>\u201cO que motivou a come\u00e7ar o agrofloresta foram os erros, porque a monocultura deu um preju\u00edzo grande e trouxe aprendizados \u00e0s duras penas. Com a introdu\u00e7\u00e3o novamente do cacau, come\u00e7ou a se chamar esse sistema consorciado, que depois mudou para sistemas agroflorestais\u201d, conta Oppata.<\/p>\n<p>O produtor refor\u00e7a a<strong> import\u00e2ncia da agrofloresta para a preserva\u00e7\u00e3o da Amaz\u00f4nia.<\/strong><\/p>\n<p>\u201cEsse legado importante que estamos deixando aqui \u00e9 o sistema agroflorestal, que tem em escala aqui em Tom\u00e9-A\u00e7u. N\u00e3o \u00e9 que esse sistema agroflorestal tenha sido inventado pelos japoneses, mas que ele observou a natureza e viu que isso \u00e9 bom e deu um melhoramento\u201d, diz.\u00a0<\/p>\n<h2>Tom\u00e9-A\u00e7u e CAMTA<\/h2>\n<p>O munic\u00edpio de Tom\u00e9-A\u00e7u (PA) abriga a segunda maior col\u00f4nia japonesa do Brasil. No local, os descendentes mant\u00eam a cultura japonesa viva, com o idioma e a realiza\u00e7\u00e3o de eventos.<\/p>\n<p>A Cooperativa Agr\u00edcola Mista de Tom\u00e9-A\u00e7u (CAMTA) come\u00e7ou a operar em 1929 e foi fundada por imigrantes japoneses. A ideia era colonizar a regi\u00e3o de Tom\u00e9-A\u00e7u cultivando o cacaueiro, hortali\u00e7as e arroz. A agroind\u00fastria exporta cacau, pimenta-do-reino, \u00f3leos amaz\u00f4nicos e polpas de frutas nativas, como cupua\u00e7u e a\u00e7a\u00ed, entre outros produtos.<\/p>\n<h2>PRONAF<\/h2>\n<p>Dados do <a href=\"https:\/\/api.mziq.com\/mzfilemanager\/v2\/d\/348fb9a6-7a7d-45a4-8beb-a6941accbe1d\/db9e3bac-c33a-a20a-6622-3e0fca567b09?origin=1\" target=\"_blank\" rel=\"noopener\">Relat\u00f3rio da Administra\u00e7\u00e3o do Banco da Amaz\u00f4nia 9M2025<\/a>, que re\u00fane os resultados dos nove primeiros meses de 2025, \u00a0apontam que at\u00e9 setembro de 2025 as opera\u00e7\u00f5es no PRONAF somaram <strong>R$1,7 bilh\u00e3o<\/strong> em contrata\u00e7\u00f5es.\u00a0<\/p>\n<p><strong>Com isso, 24,1 mil clientes foram beneficiados \u2013 o que \u00a0representa uma alta de 113,7% em rela\u00e7\u00e3o ao mesmo per\u00edodo do ano passado.<\/strong><\/p>\n<p>Do total contratado, R$1,6 bilh\u00e3o corresponde a opera\u00e7\u00f5es com recursos do Fundo Constitucional de Financiamento do Norte (FNO), voltado ao desenvolvimento sustent\u00e1vel da Regi\u00e3o Amaz\u00f4nica.\u00a0<\/p>\n<p>\t\t\t\t\t\t\t\t\t\t<img decoding=\"async\" src=\"https:\/\/brasil61.com\/api\/v1\/serve_pixel\/22254\/86612\" alt=\"Pixel Brasil 61\" class=\"b61_pixel\" width=\"0\" height=\"0\"><\/p>\n<div class=\"br61_backlink\">\n<p>\n\t\t\t\tFonte: <a href=\"https:\/\/brasil61.com\/agrofloresta-transforma-prejuizo-em-legado-sustentavel-em-tome-acu-no-para-basa250141\" title=\"Artigo Original: Agrofloresta transforma preju\u00edzo em legado sustent\u00e1vel em Tom\u00e9-A\u00e7u, no Par\u00e1\" target=\"_blank\" rel=\"noopener\">Brasil 61<\/a>\n\t\t\t<\/p>\n<\/p><\/div>\n<input type=\"hidden\" id=\"baseurl\" value=\"https:\/\/noticiasregionais.com.br\"><input type=\"hidden\" id=\"audio_nonce\" value=\"5c13e0637f\">","protected":false},"excerpt":{"rendered":"<p>Presidente da Cooperativa Agr\u00edcola Mista De Tom\u00e9-A\u00e7u (Camta), Alberto Oppata, destaca apoio do Banco da Amaz\u00f4nia como decisivo para o desenvolvimento regional sustent\u00e1vel <\/p>\n","protected":false},"author":1,"featured_media":12031,"comment_status":"","ping_status":"open","sticky":false,"template":"","format":"standard","meta":{"sfsi_plus_gutenberg_text_before_share":"","sfsi_plus_gutenberg_show_text_before_share":"","sfsi_plus_gutenberg_icon_type":"","sfsi_plus_gutenberg_icon_alignemt":"","sfsi_plus_gutenburg_max_per_row":"","footnotes":""},"categories":[8],"tags":[],"class_list":["post-12030","post","type-post","status-publish","format-standard","has-post-thumbnail","hentry","category-brasil"],"_links":{"self":[{"href":"https:\/\/noticiasregionais.com.br\/index.php?rest_route=\/wp\/v2\/posts\/12030","targetHints":{"allow":["GET"]}}],"collection":[{"href":"https:\/\/noticiasregionais.com.br\/index.php?rest_route=\/wp\/v2\/posts"}],"about":[{"href":"https:\/\/noticiasregionais.com.br\/index.php?rest_route=\/wp\/v2\/types\/post"}],"author":[{"embeddable":true,"href":"https:\/\/noticiasregionais.com.br\/index.php?rest_route=\/wp\/v2\/users\/1"}],"replies":[{"embeddable":true,"href":"https:\/\/noticiasregionais.com.br\/index.php?rest_route=%2Fwp%2Fv2%2Fcomments&post=12030"}],"version-history":[{"count":0,"href":"https:\/\/noticiasregionais.com.br\/index.php?rest_route=\/wp\/v2\/posts\/12030\/revisions"}],"wp:featuredmedia":[{"embeddable":true,"href":"https:\/\/noticiasregionais.com.br\/index.php?rest_route=\/wp\/v2\/media\/12031"}],"wp:attachment":[{"href":"https:\/\/noticiasregionais.com.br\/index.php?rest_route=%2Fwp%2Fv2%2Fmedia&parent=12030"}],"wp:term":[{"taxonomy":"category","embeddable":true,"href":"https:\/\/noticiasregionais.com.br\/index.php?rest_route=%2Fwp%2Fv2%2Fcategories&post=12030"},{"taxonomy":"post_tag","embeddable":true,"href":"https:\/\/noticiasregionais.com.br\/index.php?rest_route=%2Fwp%2Fv2%2Ftags&post=12030"}],"curies":[{"name":"wp","href":"https:\/\/api.w.org\/{rel}","templated":true}]}}