{"id":12038,"date":"2026-01-01T01:00:00","date_gmt":"2026-01-01T04:00:00","guid":{"rendered":"https:\/\/noticiasregionais.com.br\/?p=12038"},"modified":"2026-01-01T01:00:00","modified_gmt":"2026-01-01T04:00:00","slug":"saneamento-basico-prazo-da-regionalizacao-e-prorrogado-ate-2027","status":"publish","type":"post","link":"https:\/\/noticiasregionais.com.br\/?p=12038","title":{"rendered":"Saneamento b\u00e1sico: prazo da regionaliza\u00e7\u00e3o \u00e9 prorrogado at\u00e9 2027"},"content":{"rendered":"<p>\t\t\t\t\t\t\t\t\t\t\t<audio controls class=\"b61_audio_player\" data-noticia=\"86782\" src=\"https:\/\/brasil61.com\/rails\/active_storage\/blobs\/eyJfcmFpbHMiOnsibWVzc2FnZSI6IkJBaHBBOHpkQXc9PSIsImV4cCI6bnVsbCwicHVyIjoiYmxvYl9pZCJ9fQ==--6566717bf890a7ee7dd70d88db433888b25a5eb7\/BRAS2515469A\"><\/audio><\/p>\n<p>A<strong> promo\u00e7\u00e3o da regionaliza\u00e7\u00e3o dos servi\u00e7os de saneamento b\u00e1sico nos estados e munic\u00edpios teve o prazo ampliado at\u00e9 2027.<\/strong> A amplia\u00e7\u00e3o foi estabelecida por meio do<a href=\"https:\/\/www.in.gov.br\/en\/web\/dou\/-\/decreto-n-12.805-de-29-de-dezembro-de-2025-678398439\" target=\"_blank\" rel=\"noopener\"> Decreto n\u00ba 12.805, de 29 de dezembro de 2025<\/a>, publicado no Di\u00e1rio Oficial da Uni\u00e3o (DOU). A decis\u00e3o prorroga\u00a0at\u00e9 31 de dezembro de 2027\u00a0a dispensa da aplica\u00e7\u00e3o de algumas exig\u00eancias previstas no <strong>Marco Legal do Saneamento B\u00e1sico <\/strong>(<a href=\"https:\/\/www.planalto.gov.br\/ccivil_03\/_ato2007-2010\/2007\/lei\/l11445.htm\" target=\"_blank\" rel=\"noopener\">Lei 11.445\/2007<\/a>) para acessar\u00a0os\u00a0recusos federais para o setor.<\/p>\n<p><strong>Veja mais:<\/strong><\/p>\n<ul>\n<li><a href=\"https:\/\/brasil61.com\/n\/apenas-63-municipios-se-aproximam-da-universalizacao-do-saneamento-no-brasil-bras2515401\" target=\"_blank\" rel=\"noopener\">Apenas 63 munic\u00edpios se aproximam da universaliza\u00e7\u00e3o do saneamento no Brasil<\/a><\/li>\n<\/ul>\n<p>O ato modifica o <a href=\"https:\/\/www.planalto.gov.br\/ccivil_03\/_ato2023-2026\/2023\/decreto\/d11599.htm\" target=\"_blank\" rel=\"noopener\">Decreto 11.599\/2023<\/a> e estabelece que os crit\u00e9rios previstos nos incisos VII, VIII e IX do caput do art. 50 do <strong>Marco Legal do Saneamento B\u00e1sico <\/strong>n\u00e3o ser\u00e3o aplicados para a libera\u00e7\u00e3o de recursos p\u00fablicos federais, bem como para financiamentos com recursos da Uni\u00e3o ou geridos ou operados por \u00f3rg\u00e3os ou entidades federais \u2013 agora dispensadas pelo decreto at\u00e9 2027.<\/p>\n<p>Os incisos previam que os entes federativos teriam que promover a &#8220;estrutura\u00e7\u00e3o de presta\u00e7\u00e3o regionalizada&#8221; e a &#8220;constitui\u00e7\u00e3o da entidade de governan\u00e7a federativa\u201d. O prazo encerraria em 31 de dezembro de 2025.<\/p>\n<p>Em nota, o <a href=\"https:\/\/www.gov.br\/cidades\/pt-br\" target=\"_blank\" rel=\"noopener\"><strong>Minist\u00e9rio das Cidades <\/strong><\/a>afirmou que <strong>a prorroga\u00e7\u00e3o reconhece a complexidade do modelo \u00e0s especificidades de ordem t\u00e9cnica, jur\u00eddica e federativa envolvidas no planejamento dos arranjos regionais.<\/strong><\/p>\n<p>Com a regionaliza\u00e7\u00e3o, os <strong>servi\u00e7os passam a ser organizados em blocos regionais com os munic\u00edpios para viabilizar projetos<\/strong>. O objetivo do modelo \u00e9 possibilitar a opera\u00e7\u00e3o de munic\u00edpios em conjunto, com vistas a alcan\u00e7ar a meta de universaliza\u00e7\u00e3o do acesso ao saneamento b\u00e1sico.<\/p>\n<h2>Articula\u00e7\u00e3o\u00a0<\/h2>\n<p>Conforme o Minist\u00e9rio das Cidades, o Decreto editado resulta da atua\u00e7\u00e3o t\u00e9cnica articulada entre a Coordena\u00e7\u00e3o-Geral do Marco Legal do Saneamento, no \u00e2mbito da Secretaria Nacional de Saneamento Ambiental, com a Secretaria-Executiva do Minist\u00e9rio das Cidades, a Consultoria Jur\u00eddica do Minist\u00e9rio das Cidades e a Casa Civil da Presid\u00eancia da Rep\u00fablica.<\/p>\n<ul>\n<\/ul>\n<p>\t\t\t\t\t\t\t\t\t\t<img decoding=\"async\" src=\"https:\/\/brasil61.com\/api\/v1\/serve_pixel\/22254\/86782\" alt=\"Pixel Brasil 61\" class=\"b61_pixel\" width=\"0\" height=\"0\"><\/p>\n<div class=\"br61_backlink\">\n<p>\n\t\t\t\tFonte: <a href=\"https:\/\/brasil61.com\/saneamento-basico-prazo-da-regionalizacao-e-prorrogado-ate-2027-bras2515469\" title=\"Artigo Original: Saneamento b\u00e1sico: prazo da regionaliza\u00e7\u00e3o \u00e9 prorrogado at\u00e9 2027\" target=\"_blank\" rel=\"noopener\">Brasil 61<\/a>\n\t\t\t<\/p>\n<\/p><\/div>\n<input type=\"hidden\" id=\"baseurl\" value=\"https:\/\/noticiasregionais.com.br\"><input type=\"hidden\" id=\"audio_nonce\" value=\"5c13e0637f\">","protected":false},"excerpt":{"rendered":"<p>Modelo estabelece organiza\u00e7\u00e3o de servi\u00e7os em blocos regionais; amplia\u00e7\u00e3o de per\u00edodo foi estabelecido por decreto publicado no Di\u00e1rio Oficial da Uni\u00e3o<\/p>\n","protected":false},"author":1,"featured_media":12039,"comment_status":"","ping_status":"open","sticky":false,"template":"","format":"standard","meta":{"sfsi_plus_gutenberg_text_before_share":"","sfsi_plus_gutenberg_show_text_before_share":"","sfsi_plus_gutenberg_icon_type":"","sfsi_plus_gutenberg_icon_alignemt":"","sfsi_plus_gutenburg_max_per_row":"","footnotes":""},"categories":[8],"tags":[],"class_list":["post-12038","post","type-post","status-publish","format-standard","has-post-thumbnail","hentry","category-brasil"],"_links":{"self":[{"href":"https:\/\/noticiasregionais.com.br\/index.php?rest_route=\/wp\/v2\/posts\/12038","targetHints":{"allow":["GET"]}}],"collection":[{"href":"https:\/\/noticiasregionais.com.br\/index.php?rest_route=\/wp\/v2\/posts"}],"about":[{"href":"https:\/\/noticiasregionais.com.br\/index.php?rest_route=\/wp\/v2\/types\/post"}],"author":[{"embeddable":true,"href":"https:\/\/noticiasregionais.com.br\/index.php?rest_route=\/wp\/v2\/users\/1"}],"replies":[{"embeddable":true,"href":"https:\/\/noticiasregionais.com.br\/index.php?rest_route=%2Fwp%2Fv2%2Fcomments&post=12038"}],"version-history":[{"count":0,"href":"https:\/\/noticiasregionais.com.br\/index.php?rest_route=\/wp\/v2\/posts\/12038\/revisions"}],"wp:featuredmedia":[{"embeddable":true,"href":"https:\/\/noticiasregionais.com.br\/index.php?rest_route=\/wp\/v2\/media\/12039"}],"wp:attachment":[{"href":"https:\/\/noticiasregionais.com.br\/index.php?rest_route=%2Fwp%2Fv2%2Fmedia&parent=12038"}],"wp:term":[{"taxonomy":"category","embeddable":true,"href":"https:\/\/noticiasregionais.com.br\/index.php?rest_route=%2Fwp%2Fv2%2Fcategories&post=12038"},{"taxonomy":"post_tag","embeddable":true,"href":"https:\/\/noticiasregionais.com.br\/index.php?rest_route=%2Fwp%2Fv2%2Ftags&post=12038"}],"curies":[{"name":"wp","href":"https:\/\/api.w.org\/{rel}","templated":true}]}}