{"id":12040,"date":"2026-01-01T01:30:00","date_gmt":"2026-01-01T04:30:00","guid":{"rendered":"https:\/\/noticiasregionais.com.br\/?p=12040"},"modified":"2026-01-01T01:30:00","modified_gmt":"2026-01-01T04:30:00","slug":"feriados-2026-confira-calendario-de-folgas-nacionais-e-pontos-facultativos","status":"publish","type":"post","link":"https:\/\/noticiasregionais.com.br\/?p=12040","title":{"rendered":"Feriados 2026: confira calend\u00e1rio de folgas nacionais e pontos facultativos"},"content":{"rendered":"<p>\t\t\t\t\t\t\t\t\t\t\t<audio controls class=\"b61_audio_player\" data-noticia=\"86785\" src=\"https:\/\/brasil61.com\/rails\/active_storage\/blobs\/eyJfcmFpbHMiOnsibWVzc2FnZSI6IkJBaHBBOURkQXc9PSIsImV4cCI6bnVsbCwicHVyIjoiYmxvYl9pZCJ9fQ==--d811d6c305763b7307d6b3d22ec5c0ff0c8fae53\/BRAS2515471A\"><\/audio><\/p>\n<p>Em 2026,<strong> dos 10 feriados nacionais, apenas um cai no fim de semana<\/strong>. O calend\u00e1rio oficial de folgas nacionais e pontos facultativos foi publicado pelo <a href=\"https:\/\/www.gov.br\/gestao\/pt-br\" target=\"_blank\" rel=\"noopener\"><strong>Minist\u00e9rio da Gest\u00e3o e da Inova\u00e7\u00e3o em Servi\u00e7os P\u00fablicos (MGI)<\/strong><\/a>, por meio da <a href=\"https:\/\/www.in.gov.br\/web\/dou\/-\/portaria-mgi-n-11.460-de-29-de-dezembro-de-2025-678388627\" target=\"_blank\" rel=\"noopener\">Portaria MGI \u00ba 11.460\/2025<\/a>. Para o MGI,\u00a0a medida busca assegurar previsibilidade administrativa nos \u00f3rg\u00e3os p\u00fablicos\u00a0sem comprometer as atividades p\u00fablicas consideradas como servi\u00e7os essenciais \u00e0 sociedade.<\/p>\n<p>A lista tem dez feriados nacionais e nove dias de ponto facultativo. <strong>O calend\u00e1rio abrange as datas tradicionais do calend\u00e1rio c\u00edvico e religioso brasileiro, al\u00e9m de per\u00edodos de organiza\u00e7\u00e3o do funcionamento administrativo, como o Carnaval e \u00e0s v\u00e9speras de Natal e Ano Novo.<\/strong><\/p>\n<h2>Estados e munic\u00edpios<\/h2>\n<p>Pela Portaria, os feriados em comemora\u00e7\u00e3o \u00e0 <strong>Data Magna do Estado<\/strong> \u2013 fixada em lei estadual \u2013 bem como os dias do in\u00edcio e do t\u00e9rmino do ano do <strong>centen\u00e1rio de funda\u00e7\u00e3o do munic\u00edpio<\/strong> \u2013 declarados em lei municipal \u2013 devem ser observados pelas reparti\u00e7\u00f5es da administra\u00e7\u00e3o p\u00fablica federal direta, aut\u00e1rquica e fundacional nas respectivas localidades.<\/p>\n<p><strong>VEJA MAIS:<\/strong><\/p>\n<ul>\n<li>\n<p><a href=\"https:\/\/brasil61.com\/n\/nove-feriados-nacionais-em-dias-uteis-devem-afetar-a-producao-em-2026-cacb250104\" target=\"_blank\" rel=\"noopener\">Nove feriados nacionais em dias \u00fateis devem afetar a produ\u00e7\u00e3o em 2026<\/a><\/p>\n<\/li>\n<\/ul>\n<h2>Antecipa\u00e7\u00e3o de ponto facultativo<\/h2>\n<p>A Portaria tamb\u00e9m estabelece que n\u00e3o ser\u00e1 permitido aos \u00f3rg\u00e3os e entidades integrantes do Sistema de Pessoal Civil da Administra\u00e7\u00e3o Federal antecipar ponto facultativo em discord\u00e2ncia com o que disp\u00f5e a publica\u00e7\u00e3o. Tamb\u00e9m est\u00e1 vedado adotar ponto facultativo estabelecido pela legisla\u00e7\u00e3o estadual, municipal ou distrital, ressalvados os feriados em comemora\u00e7\u00e3o \u00e0 data magna do Estado.<\/p>\n<p><strong>Confira o calend\u00e1rio de feriados nacionais e pontos facultativos em 2026:<\/strong><\/p>\n<ul>\n<li>1\u00ba de janeiro, Confraterniza\u00e7\u00e3o Universal (feriado nacional);<\/li>\n<li>16 de fevereiro, carnaval (ponto facultativo);<\/li>\n<li>17 de fevereiro, carnaval (ponto facultativo);<\/li>\n<li>18 de fevereiro, Quarta-Feira de Cinzas (ponto facultativo at\u00e9 as 14h);<\/li>\n<li>3 de abril, Paix\u00e3o de Cristo (feriado nacional);<\/li>\n<li>20 de abril (ponto facultativo);<\/li>\n<li>21 de abril, Tiradentes (feriado nacional);<\/li>\n<li>1\u00ba de maio, Dia Mundial do Trabalho (feriado nacional);<\/li>\n<li>4 de junho, Corpus Christi (ponto facultativo);<\/li>\n<li>5 de junho (ponto facultativo);<\/li>\n<li>7 de setembro, Independ\u00eancia do Brasil (feriado nacional);<\/li>\n<li>12 de outubro, Nossa Senhora Aparecida (feriado nacional);<\/li>\n<li>28 de outubro, Dia do Servidor P\u00fablico federal (ponto facultativo);<\/li>\n<li>2 de novembro, Finados (feriado nacional);<\/li>\n<li>15 de novembro, Proclama\u00e7\u00e3o da Rep\u00fablica (feriado nacional);<\/li>\n<li>20 de novembro, Dia Nacional de Zumbi e da Consci\u00eancia Negra (feriado nacional);<\/li>\n<li>24 de dezembro, V\u00e9spera do Natal (ponto facultativo ap\u00f3s as 13h);<\/li>\n<li>25 de dezembro, Natal (feriado nacional); e<\/li>\n<li>31 de dezembro, V\u00e9spera do Ano Novo (ponto facultativo ap\u00f3s as 13h).<\/li>\n<\/ul>\n<p>\t\t\t\t\t\t\t\t\t\t<img decoding=\"async\" src=\"https:\/\/brasil61.com\/api\/v1\/serve_pixel\/22254\/86785\" alt=\"Pixel Brasil 61\" class=\"b61_pixel\" width=\"0\" height=\"0\"><\/p>\n<div class=\"br61_backlink\">\n<p>\n\t\t\t\tFonte: <a href=\"https:\/\/brasil61.com\/feriados-2026-confira-calendario-de-folgas-nacionais-e-pontos-facultativos-bras2515471\" title=\"Artigo Original: Feriados 2026: confira calend\u00e1rio de folgas nacionais e pontos facultativos\" target=\"_blank\" rel=\"noopener\">Brasil 61<\/a>\n\t\t\t<\/p>\n<\/p><\/div>\n<input type=\"hidden\" id=\"baseurl\" value=\"https:\/\/noticiasregionais.com.br\"><input type=\"hidden\" id=\"audio_nonce\" value=\"5c13e0637f\">","protected":false},"excerpt":{"rendered":"<p>Ser\u00e3o 10 feriados nacionais, com apenas um sendo no fim de semana; lista foi publicada pelo Minist\u00e9rio da Gest\u00e3o e da Inova\u00e7\u00e3o em Servi\u00e7os P\u00fablicos (MGI) por meio de portaria <\/p>\n","protected":false},"author":1,"featured_media":12041,"comment_status":"","ping_status":"open","sticky":false,"template":"","format":"standard","meta":{"sfsi_plus_gutenberg_text_before_share":"","sfsi_plus_gutenberg_show_text_before_share":"","sfsi_plus_gutenberg_icon_type":"","sfsi_plus_gutenberg_icon_alignemt":"","sfsi_plus_gutenburg_max_per_row":"","footnotes":""},"categories":[8],"tags":[],"class_list":["post-12040","post","type-post","status-publish","format-standard","has-post-thumbnail","hentry","category-brasil"],"_links":{"self":[{"href":"https:\/\/noticiasregionais.com.br\/index.php?rest_route=\/wp\/v2\/posts\/12040","targetHints":{"allow":["GET"]}}],"collection":[{"href":"https:\/\/noticiasregionais.com.br\/index.php?rest_route=\/wp\/v2\/posts"}],"about":[{"href":"https:\/\/noticiasregionais.com.br\/index.php?rest_route=\/wp\/v2\/types\/post"}],"author":[{"embeddable":true,"href":"https:\/\/noticiasregionais.com.br\/index.php?rest_route=\/wp\/v2\/users\/1"}],"replies":[{"embeddable":true,"href":"https:\/\/noticiasregionais.com.br\/index.php?rest_route=%2Fwp%2Fv2%2Fcomments&post=12040"}],"version-history":[{"count":0,"href":"https:\/\/noticiasregionais.com.br\/index.php?rest_route=\/wp\/v2\/posts\/12040\/revisions"}],"wp:featuredmedia":[{"embeddable":true,"href":"https:\/\/noticiasregionais.com.br\/index.php?rest_route=\/wp\/v2\/media\/12041"}],"wp:attachment":[{"href":"https:\/\/noticiasregionais.com.br\/index.php?rest_route=%2Fwp%2Fv2%2Fmedia&parent=12040"}],"wp:term":[{"taxonomy":"category","embeddable":true,"href":"https:\/\/noticiasregionais.com.br\/index.php?rest_route=%2Fwp%2Fv2%2Fcategories&post=12040"},{"taxonomy":"post_tag","embeddable":true,"href":"https:\/\/noticiasregionais.com.br\/index.php?rest_route=%2Fwp%2Fv2%2Ftags&post=12040"}],"curies":[{"name":"wp","href":"https:\/\/api.w.org\/{rel}","templated":true}]}}