{"id":12042,"date":"2026-01-01T02:30:00","date_gmt":"2026-01-01T05:30:00","guid":{"rendered":"https:\/\/noticiasregionais.com.br\/?p=12042"},"modified":"2026-01-01T02:30:00","modified_gmt":"2026-01-01T05:30:00","slug":"durh-declaracao-de-recursos-hidricos-deve-ser-enviada-ate-31-de-janeiro","status":"publish","type":"post","link":"https:\/\/noticiasregionais.com.br\/?p=12042","title":{"rendered":"DURH: declara\u00e7\u00e3o de recursos h\u00eddricos deve ser enviada at\u00e9 31 de janeiro"},"content":{"rendered":"<p>\t\t\t\t\t\t\t\t\t\t\t<audio controls class=\"b61_audio_player\" data-noticia=\"86750\" src=\"https:\/\/brasil61.com\/rails\/active_storage\/blobs\/eyJfcmFpbHMiOnsibWVzc2FnZSI6IkJBaHBBOTNkQXc9PSIsImV4cCI6bnVsbCwicHVyIjoiYmxvYl9pZCJ9fQ==--f9786d8c167a71e344f27d8edef2ea6dfb6cbc9d\/BRAS2515450B\"><\/audio><\/p>\n<p>Todo ano, os contribuintes devem fazer a declara\u00e7\u00e3o do imposto de renda junto \u00e0 Receita Federal. Quem possui a autoriza\u00e7\u00e3o para usar \u00e1gua de propriedade da Uni\u00e3o, como por exemplo o Rio S\u00e3o Francisco, tem um procedimento a mais, por\u00e9m, semelhante: a <a href=\"https:\/\/www.snirh.gov.br\/usuariosderecursoshidricos\/declaracao-anual-de-uso-de-recursos-hidricos-daurh\" target=\"_blank\" rel=\"noopener\">Declara\u00e7\u00e3o Anual de Uso de Recurso H\u00eddricos (DUHR Anual)<\/a>.\u00a0<\/p>\n<p>De 1\u00ba a 31 de janeiro, as declara\u00e7\u00f5es referentes ao ano de 2025 devem ser enviadas pelo <a href=\"https:\/\/portal1.snirh.gov.br\/ana\/apps\/storymaps\/stories\/ba9195e30c4c44a1b9c793054607ca10\" target=\"_blank\" rel=\"noopener\">Portal do Usu\u00e1rio de Recursos H\u00eddricos<\/a>. O documento deve informar os dados mensais de volumes de \u00e1gua captados, de res\u00edduos lan\u00e7ados em corpos h\u00eddricos da Uni\u00e3o \u2013 interestaduais, transfronteiri\u00e7os e reservat\u00f3rios federais \u2013 e quanto \u00e0 qualidade do efluente.<\/p>\n<p>Alguns usu\u00e1rios possuem obrigatoriedade no envio da DURH e podem ser penalizados caso n\u00e3o cumpram o prazo, como \u00e9 o caso daqueles que captam \u00e1gua diretamente de rios, lagos ou reservat\u00f3rios de dom\u00ednio da Uni\u00e3o e de empreendimentos que despejam res\u00edduos nesses corpos h\u00eddricos federais \u2013 ind\u00fastrias, esta\u00e7\u00f5es de tratamento de esgoto e empresas agroindustriais, por exemplo.<\/p>\n<p>Para verificar a obrigatoriedade de envio da DURH, \u00e9 poss\u00edvel consultar a lista e o mapa interativo produzidos pela <a href=\"https:\/\/www.gov.br\/ana\/pt-br\" target=\"_blank\" rel=\"noopener\">Ag\u00eancia Nacional de \u00c1guas e Saneamento B\u00e1sico (ANA)<\/a>. A aus\u00eancia na lista ou no mapa n\u00e3o exime a responsabilidade do usu\u00e1rio, ainda sendo necess\u00e1rio conferir os dados da outorga.<\/p>\n<p>Essas informa\u00e7\u00f5es s\u00e3o utilizadas para a ANA aprimorar a gest\u00e3o dos recursos h\u00eddricos e compreender melhor a demanda de \u00e1gua nas bacias. Al\u00e9m disso, a DURH Anual tamb\u00e9m \u00e9 utilizada para o c\u00e1lculo de valores a serem pagos pelo uso da \u00e1gua e aqueles que enviam a Declara\u00e7\u00e3o dentro do prazo podem obter descontos nessa cobran\u00e7a.<\/p>\n<h2>Cobran\u00e7a<\/h2>\n<p>A cobran\u00e7a pelo uso da \u00e1gua busca estimular o uso racional da \u00e1gua e gerar recursos para investimentos na recupera\u00e7\u00e3o e preserva\u00e7\u00e3o dos mananciais onde existe a cobran\u00e7a. Os valores arrecadados junto aos usu\u00e1rios de \u00e1gua, como produtores rurais, ind\u00fastrias, mineradoras e empresas de saneamento, s\u00e3o repassados integralmente pela ANA \u00e0s ag\u00eancias de \u00e1gua da bacia, que t\u00eam a incumb\u00eancia de garantir a aplica\u00e7\u00e3o dos recursos nas a\u00e7\u00f5es escolhidas pelo respectivo comit\u00ea de bacia hidrogr\u00e1fica.<\/p>\n<h2>Modalidades DURH<\/h2>\n<p>Al\u00e9m do DURH anual, os titulares de outorgas para o uso de recursos h\u00eddricos t\u00eam outras duas obriga\u00e7\u00f5es: a DURH Mensal e o DURH di\u00e1ria.<\/p>\n<p>A depender da localiza\u00e7\u00e3o, o usu\u00e1rio de capta\u00e7\u00e3o deve enviar a DURH Mensal. O consumo \u00e9 registrado at\u00e9 o dia 7 de cada m\u00eas por aparelho m\u00f3vel no Aplicativo Declara \u00c1gua, acompanhado de fotos dos medidores de volume, ou registradores de tempo de funcionamento, instalados em seus pontos de capta\u00e7\u00e3o.<\/p>\n<p>J\u00e1 grandes usu\u00e1rios de capta\u00e7\u00e3o devem transmitir a \u00a0DURH Di\u00e1ria por Telemetria (transmiss\u00e3o online e automatizada). Os dados devem ser consolidados a cada 15 minutos e transmitidos diariamente.<\/p>\n<p>\t\t\t\t\t\t\t\t\t\t<img decoding=\"async\" src=\"https:\/\/brasil61.com\/api\/v1\/serve_pixel\/22254\/86750\" alt=\"Pixel Brasil 61\" class=\"b61_pixel\" width=\"0\" height=\"0\"><\/p>\n<div class=\"br61_backlink\">\n<p>\n\t\t\t\tFonte: <a href=\"https:\/\/brasil61.com\/durh-declaracao-de-recursos-hidricos-deve-ser-enviada-ate-31-de-janeiro-bras2515450\" title=\"Artigo Original: DURH: declara\u00e7\u00e3o de recursos h\u00eddricos deve ser enviada at\u00e9 31 de janeiro\" target=\"_blank\" rel=\"noopener\">Brasil 61<\/a>\n\t\t\t<\/p>\n<\/p><\/div>\n<input type=\"hidden\" id=\"baseurl\" value=\"https:\/\/noticiasregionais.com.br\"><input type=\"hidden\" id=\"audio_nonce\" value=\"533fbb67b1\">","protected":false},"excerpt":{"rendered":"<p>Titulares de outorga para uso de mananciais federais tem at\u00e9 o dia 31 de janeiro para entregar documenta\u00e7\u00e3o<\/p>\n","protected":false},"author":1,"featured_media":12043,"comment_status":"","ping_status":"open","sticky":false,"template":"","format":"standard","meta":{"sfsi_plus_gutenberg_text_before_share":"","sfsi_plus_gutenberg_show_text_before_share":"","sfsi_plus_gutenberg_icon_type":"","sfsi_plus_gutenberg_icon_alignemt":"","sfsi_plus_gutenburg_max_per_row":"","footnotes":""},"categories":[8],"tags":[],"class_list":["post-12042","post","type-post","status-publish","format-standard","has-post-thumbnail","hentry","category-brasil"],"_links":{"self":[{"href":"https:\/\/noticiasregionais.com.br\/index.php?rest_route=\/wp\/v2\/posts\/12042","targetHints":{"allow":["GET"]}}],"collection":[{"href":"https:\/\/noticiasregionais.com.br\/index.php?rest_route=\/wp\/v2\/posts"}],"about":[{"href":"https:\/\/noticiasregionais.com.br\/index.php?rest_route=\/wp\/v2\/types\/post"}],"author":[{"embeddable":true,"href":"https:\/\/noticiasregionais.com.br\/index.php?rest_route=\/wp\/v2\/users\/1"}],"replies":[{"embeddable":true,"href":"https:\/\/noticiasregionais.com.br\/index.php?rest_route=%2Fwp%2Fv2%2Fcomments&post=12042"}],"version-history":[{"count":0,"href":"https:\/\/noticiasregionais.com.br\/index.php?rest_route=\/wp\/v2\/posts\/12042\/revisions"}],"wp:featuredmedia":[{"embeddable":true,"href":"https:\/\/noticiasregionais.com.br\/index.php?rest_route=\/wp\/v2\/media\/12043"}],"wp:attachment":[{"href":"https:\/\/noticiasregionais.com.br\/index.php?rest_route=%2Fwp%2Fv2%2Fmedia&parent=12042"}],"wp:term":[{"taxonomy":"category","embeddable":true,"href":"https:\/\/noticiasregionais.com.br\/index.php?rest_route=%2Fwp%2Fv2%2Fcategories&post=12042"},{"taxonomy":"post_tag","embeddable":true,"href":"https:\/\/noticiasregionais.com.br\/index.php?rest_route=%2Fwp%2Fv2%2Ftags&post=12042"}],"curies":[{"name":"wp","href":"https:\/\/api.w.org\/{rel}","templated":true}]}}