{"id":12044,"date":"2026-01-01T03:00:00","date_gmt":"2026-01-01T06:00:00","guid":{"rendered":"https:\/\/noticiasregionais.com.br\/?p=12044"},"modified":"2026-01-01T03:00:00","modified_gmt":"2026-01-01T06:00:00","slug":"alistamento-militar-2026-ja-esta-aberto-veja-quem-deve-se-inscrever-e-como-fazer","status":"publish","type":"post","link":"https:\/\/noticiasregionais.com.br\/?p=12044","title":{"rendered":"Alistamento Militar 2026 j\u00e1 est\u00e1 aberto; veja quem deve se inscrever e como fazer"},"content":{"rendered":"<p>\t\t\t\t\t\t\t\t\t\t\t<audio controls class=\"b61_audio_player\" data-noticia=\"86786\" src=\"https:\/\/brasil61.com\/rails\/active_storage\/blobs\/eyJfcmFpbHMiOnsibWVzc2FnZSI6IkJBaHBBOEhkQXc9PSIsImV4cCI6bnVsbCwicHVyIjoiYmxvYl9pZCJ9fQ==--3a08d306a167c676ac721468f4c58cffdeb52f9b\/BRAS2515472A\"><\/audio><\/p>\n<p>O <b>Alistamento Militar 2026 tem in\u00edcio nesta quinta-feira (1\u00ba)<\/b>. O <b>prazo para inscri\u00e7\u00e3o segue at\u00e9 30 de junho em todo o pa\u00eds<\/b>. O <b>alistamento \u00e9 obrigat\u00f3rio para homens que completam 18 anos em 2026 <\/b>e, pelo segundo ano consecutivo, <b>est\u00e1 aberto \u00e0s mulheres de forma volunt\u00e1ria<\/b>.<\/p>\n<p>O <b>procedimento pode ser feito de forma online<\/b>, por meio do sistema de Alistamento Militar, inclusive por brasileiros residentes no exterior. A partir de 2 de janeiro, tamb\u00e9m ser\u00e1 poss\u00edvel realizar a inscri\u00e7\u00e3o presencialmente na Junta de Servi\u00e7o Militar (JSM) mais pr\u00f3xima da resid\u00eancia.<\/p>\n<p><b>Como se alistar<\/b><\/p>\n<p><a href=\"https:\/\/www.gov.br\/pt-br\/servicos\/alistar-se-no-servico-militar-obrigatorio\" target=\"_blank\" rel=\"noopener\"><b>Para realizar o alistamento<\/b><\/a><b>, \u00e9 necess\u00e1rio informar dados pessoais, como CPF, RG e endere\u00e7o. No formato online, todo o procedimento inicial ocorre pela internet. <\/b>No atendimento presencial, \u00e9 preciso comparecer \u00e0 JSM com documento de identifica\u00e7\u00e3o.<\/p>\n<p>Ap\u00f3s a inscri\u00e7\u00e3o, os alistados passam pelas etapas de sele\u00e7\u00e3o geral, designa\u00e7\u00e3o, sele\u00e7\u00e3o complementar e incorpora\u00e7\u00e3o ou matr\u00edcula. Os selecionados para o Servi\u00e7o Militar 2026 ser\u00e3o incorporados no in\u00edcio de 2027. O tempo inicial de servi\u00e7o \u00e9 de 12 meses, com possibilidade de prorroga\u00e7\u00e3o anual por at\u00e9 oito anos, conforme interesse das For\u00e7as Armadas e disponibilidade de vagas.<\/p>\n<p><b>Mulheres nas For\u00e7as Armadas<\/b><\/p>\n<p>Criado pelo Minist\u00e9rio da Defesa em 2024,<b> o servi\u00e7o militar feminino chega ao segundo ano com 1.467 vagas dispon\u00edveis<\/b>. As oportunidades est\u00e3o distribu\u00eddas entre o <a href=\"https:\/\/www.eb.mil.br\/\" target=\"_blank\" rel=\"noopener\"><b>Ex\u00e9rcito Brasileiro<\/b><\/a> (1.010 vagas), a <a href=\"https:\/\/www.fab.mil.br\/\" target=\"_blank\" rel=\"noopener\"><b>For\u00e7a A\u00e9rea Brasileira<\/b><\/a> (300) e a <a href=\"https:\/\/www.marinha.mil.br\/\" target=\"_blank\" rel=\"noopener\"><b>Marinha do Brasil<\/b><\/a> (157).<\/p>\n<p>O n\u00famero de munic\u00edpios participantes tamb\u00e9m aumentou. Em 2025, eram 28 cidades em 13 estados e no Distrito Federal. Em 2026, a iniciativa alcan\u00e7a 145 munic\u00edpios em 21 estados e no DF. No primeiro ano do programa, 33,7 mil mulheres se alistaram.<\/p>\n<p><b>Servi\u00e7o Militar<\/b><\/p>\n<p>O alistamento garante a renova\u00e7\u00e3o anual dos efetivos das For\u00e7as Armadas e a forma\u00e7\u00e3o de reserva de recursos humanos. Durante o per\u00edodo de servi\u00e7o, os jovens t\u00eam acesso a capacita\u00e7\u00e3o t\u00e9cnica e experi\u00eancia profissional.<\/p>\n<p>O servi\u00e7o militar n\u00e3o representa ingresso autom\u00e1tico na carreira militar. Ao final do per\u00edodo obrigat\u00f3rio, o v\u00ednculo \u00e9 encerrado. Quem deseja seguir carreira deve participar de concursos p\u00fablicos ou cursos de forma\u00e7\u00e3o divulgados nos sites oficiais das For\u00e7as Armadas.<\/p>\n<p>De acordo com o <a href=\"https:\/\/www.planalto.gov.br\/ccivil_03\/decreto\/d57654.htm\" target=\"_blank\" rel=\"noopener\">Decreto n\u00ba 57.654, de 1966<\/a>, quem n\u00e3o estiver em dia com as obriga\u00e7\u00f5es militares fica impedido de exercer direitos civis, como obter passaporte, matricular-se em institui\u00e7\u00f5es de ensino, assumir cargo p\u00fablico, assinar contratos com \u00f3rg\u00e3os governamentais e registrar diplomas profissionais.<\/p>\n<p>\u00a0<\/p>\n<p>\t\t\t\t\t\t\t\t\t\t<img decoding=\"async\" src=\"https:\/\/brasil61.com\/api\/v1\/serve_pixel\/22254\/86786\" alt=\"Pixel Brasil 61\" class=\"b61_pixel\" width=\"0\" height=\"0\"><\/p>\n<div class=\"br61_backlink\">\n<p>\n\t\t\t\tFonte: <a href=\"https:\/\/brasil61.com\/alistamento-militar-2026-ja-esta-aberto-veja-quem-deve-se-inscrever-e-como-fazer-bras2515472\" title=\"Artigo Original: Alistamento Militar 2026 j\u00e1 est\u00e1 aberto; veja quem deve se inscrever e como fazer\" target=\"_blank\" rel=\"noopener\">Brasil 61<\/a>\n\t\t\t<\/p>\n<\/p><\/div>\n<input type=\"hidden\" id=\"baseurl\" value=\"https:\/\/noticiasregionais.com.br\"><input type=\"hidden\" id=\"audio_nonce\" value=\"5c13e0637f\">","protected":false},"excerpt":{"rendered":"<p>Inscri\u00e7\u00e3o \u00e9 obrigat\u00f3ria para homens que completam 18 anos em 2026 e volunt\u00e1ria para mulheres pelo segundo ano consecutivo.<\/p>\n","protected":false},"author":1,"featured_media":12045,"comment_status":"","ping_status":"open","sticky":false,"template":"","format":"standard","meta":{"sfsi_plus_gutenberg_text_before_share":"","sfsi_plus_gutenberg_show_text_before_share":"","sfsi_plus_gutenberg_icon_type":"","sfsi_plus_gutenberg_icon_alignemt":"","sfsi_plus_gutenburg_max_per_row":"","footnotes":""},"categories":[8],"tags":[],"class_list":["post-12044","post","type-post","status-publish","format-standard","has-post-thumbnail","hentry","category-brasil"],"_links":{"self":[{"href":"https:\/\/noticiasregionais.com.br\/index.php?rest_route=\/wp\/v2\/posts\/12044","targetHints":{"allow":["GET"]}}],"collection":[{"href":"https:\/\/noticiasregionais.com.br\/index.php?rest_route=\/wp\/v2\/posts"}],"about":[{"href":"https:\/\/noticiasregionais.com.br\/index.php?rest_route=\/wp\/v2\/types\/post"}],"author":[{"embeddable":true,"href":"https:\/\/noticiasregionais.com.br\/index.php?rest_route=\/wp\/v2\/users\/1"}],"replies":[{"embeddable":true,"href":"https:\/\/noticiasregionais.com.br\/index.php?rest_route=%2Fwp%2Fv2%2Fcomments&post=12044"}],"version-history":[{"count":0,"href":"https:\/\/noticiasregionais.com.br\/index.php?rest_route=\/wp\/v2\/posts\/12044\/revisions"}],"wp:featuredmedia":[{"embeddable":true,"href":"https:\/\/noticiasregionais.com.br\/index.php?rest_route=\/wp\/v2\/media\/12045"}],"wp:attachment":[{"href":"https:\/\/noticiasregionais.com.br\/index.php?rest_route=%2Fwp%2Fv2%2Fmedia&parent=12044"}],"wp:term":[{"taxonomy":"category","embeddable":true,"href":"https:\/\/noticiasregionais.com.br\/index.php?rest_route=%2Fwp%2Fv2%2Fcategories&post=12044"},{"taxonomy":"post_tag","embeddable":true,"href":"https:\/\/noticiasregionais.com.br\/index.php?rest_route=%2Fwp%2Fv2%2Ftags&post=12044"}],"curies":[{"name":"wp","href":"https:\/\/api.w.org\/{rel}","templated":true}]}}