{"id":12046,"date":"2026-01-01T20:00:00","date_gmt":"2026-01-01T23:00:00","guid":{"rendered":"https:\/\/noticiasregionais.com.br\/?p=12046"},"modified":"2026-01-01T20:00:00","modified_gmt":"2026-01-01T23:00:00","slug":"credito-suplementar-de-r-144-bilhoes-e-liberado-para-inovacao-seguranca-e-infraestrutura","status":"publish","type":"post","link":"https:\/\/noticiasregionais.com.br\/?p=12046","title":{"rendered":"Cr\u00e9dito suplementar de R$ 14,4 bilh\u00f5es \u00e9 liberado para inova\u00e7\u00e3o, seguran\u00e7a e infraestrutura"},"content":{"rendered":"<p>\t\t\t\t\t\t\t\t\t\t\t<audio controls class=\"b61_audio_player\" data-noticia=\"86734\" src=\"https:\/\/brasil61.com\/rails\/active_storage\/blobs\/eyJfcmFpbHMiOnsibWVzc2FnZSI6IkJBaHBBM2ZjQXc9PSIsImV4cCI6bnVsbCwicHVyIjoiYmxvYl9pZCJ9fQ==--36c3d883f3231a01e7c8e81386ad920475dc7dff\/BRAS2515442A\"><\/audio><\/p>\n<p>As \u00e1reas <strong>da\u00a0ci\u00eancia, da tecnologia e da inova\u00e7\u00e3o <\/strong>no Brasil ganharam\u00a0um novo impulso com a <a href=\"https:\/\/www.planalto.gov.br\/ccivil_03\/_ato2023-2026\/2025\/lei\/L15318.htm\" target=\"_blank\" rel=\"noopener\">Lei n\u00ba 15.318<\/a>, que <strong>autoriza a abertura de R$ 14,4 bilh\u00f5es em cr\u00e9dito suplementar no or\u00e7amento federal<\/strong>.\u00a0 A medida amplia o financiamento de pesquisas, projetos de inova\u00e7\u00e3o e desenvolvimento tecnol\u00f3gico, com impacto sobre a capacidade cient\u00edfica do pa\u00eds, as parcerias entre universidades e empresas e o crescimento econ\u00f4mico baseado no conhecimento.<\/p>\n<p data-end=\"1732\" data-start=\"1338\">A norma foi publicada no <strong>Di\u00e1rio Oficial da Uni\u00e3o<\/strong> e sancionada sem vetos pelo presidente Luiz In\u00e1cio Lula da Silva na ter\u00e7a-feira (23), entrando em vigor na mesma data. Do total autorizado, <strong>cerca de R$ 14,1 bilh\u00f5es ser\u00e3o destinados ao <a href=\"https:\/\/www.gov.br\/mcti\/pt-br\/acompanhe-o-mcti\/fndct\" target=\"_blank\" rel=\"noopener\">Fundo Nacional de Desenvolvimento Cient\u00edfico e Tecnol\u00f3gico (FNDCT)<\/a>, que apoia iniciativas em ci\u00eancia, tecnologia e inova\u00e7\u00e3o em institui\u00e7\u00f5es p\u00fablicas e empresas.<\/strong><\/p>\n<h2>Recursos refor\u00e7am ci\u00eancia, seguran\u00e7a e obras p\u00fablicas<\/h2>\n<p data-end=\"2060\" data-start=\"1793\">Al\u00e9m do fomento \u00e0 ci\u00eancia e \u00e0 tecnologia, o cr\u00e9dito suplementar tamb\u00e9m refor\u00e7a a\u00e7\u00f5es em \u00e1reas como seguran\u00e7a p\u00fablica, com investimentos em policiamento e combate \u00e0s drogas, sa\u00fade e obras de infraestrutura vi\u00e1ria, incluindo manuten\u00e7\u00e3o e melhorias em rodovias federais.<\/p>\n<p data-end=\"2570\" data-start=\"2062\">De acordo com a legisla\u00e7\u00e3o, os recursos que viabilizaram a abertura do cr\u00e9dito t\u00eam origem na incorpora\u00e7\u00e3o de super\u00e1vit financeiro apurado no balan\u00e7o patrimonial da Uni\u00e3o referente ao exerc\u00edcio de 2024, que soma mais de R$ 14,1 bilh\u00f5es. Tamb\u00e9m contribu\u00edram para a libera\u00e7\u00e3o dos valores o excesso de arrecada\u00e7\u00e3o de aproximadamente R$ 17,7 milh\u00f5es, proveniente de recursos destinados \u00e0 pesquisa, ao desenvolvimento e \u00e0 tecnologia voltados ao desenvolvimento regional, al\u00e9m da anula\u00e7\u00e3o de dota\u00e7\u00f5es or\u00e7ament\u00e1rias.<\/p>\n<p data-end=\"2799\" data-start=\"2572\">Parte do super\u00e1vit incorporado \u00e9 proveniente de fundos setoriais vinculados \u00e0 ci\u00eancia e tecnologia, como os fundos das \u00e1reas de sa\u00fade, agroneg\u00f3cio, infraestrutura, energia, Amaz\u00f4nia, petr\u00f3leo e programas de est\u00edmulo \u00e0 inova\u00e7\u00e3o.<\/p>\n<p data-end=\"2953\" data-start=\"2801\">O cr\u00e9dito suplementar foi autorizado a partir do Projeto de Lei do Congresso Nacional n\u00ba 26 de 2025, aprovado pelo Congresso Nacional em 19 de dezembro.<\/p>\n<p><em>Com informa\u00e7\u00f5es da Ag\u00eancia Senado.<\/em><\/p>\n<p>\t\t\t\t\t\t\t\t\t\t<img decoding=\"async\" src=\"https:\/\/brasil61.com\/api\/v1\/serve_pixel\/22254\/86734\" alt=\"Pixel Brasil 61\" class=\"b61_pixel\" width=\"0\" height=\"0\"><\/p>\n<div class=\"br61_backlink\">\n<p>\n\t\t\t\tFonte: <a href=\"https:\/\/brasil61.com\/credito-suplementar-de-r-14-4-bilhoes-e-liberado-para-inovacao-seguranca-e-infraestrutura-bras2515442\" title=\"Artigo Original: Cr\u00e9dito suplementar de R$ 14,4 bilh\u00f5es \u00e9 liberado para inova\u00e7\u00e3o, seguran\u00e7a e infraestrutura\" target=\"_blank\" rel=\"noopener\">Brasil 61<\/a>\n\t\t\t<\/p>\n<\/p><\/div>\n<input type=\"hidden\" id=\"baseurl\" value=\"https:\/\/noticiasregionais.com.br\"><input type=\"hidden\" id=\"audio_nonce\" value=\"533fbb67b1\">","protected":false},"excerpt":{"rendered":"<p>Maior parte dos recursos ser\u00e1 destinada ao financiamento de projetos tecnol\u00f3gicos por meio do Fundo Nacional de Desenvolvimento Cient\u00edfico e Tecnol\u00f3gico<\/p>\n","protected":false},"author":1,"featured_media":12047,"comment_status":"","ping_status":"open","sticky":false,"template":"","format":"standard","meta":{"sfsi_plus_gutenberg_text_before_share":"","sfsi_plus_gutenberg_show_text_before_share":"","sfsi_plus_gutenberg_icon_type":"","sfsi_plus_gutenberg_icon_alignemt":"","sfsi_plus_gutenburg_max_per_row":"","footnotes":""},"categories":[8],"tags":[],"class_list":["post-12046","post","type-post","status-publish","format-standard","has-post-thumbnail","hentry","category-brasil"],"_links":{"self":[{"href":"https:\/\/noticiasregionais.com.br\/index.php?rest_route=\/wp\/v2\/posts\/12046","targetHints":{"allow":["GET"]}}],"collection":[{"href":"https:\/\/noticiasregionais.com.br\/index.php?rest_route=\/wp\/v2\/posts"}],"about":[{"href":"https:\/\/noticiasregionais.com.br\/index.php?rest_route=\/wp\/v2\/types\/post"}],"author":[{"embeddable":true,"href":"https:\/\/noticiasregionais.com.br\/index.php?rest_route=\/wp\/v2\/users\/1"}],"replies":[{"embeddable":true,"href":"https:\/\/noticiasregionais.com.br\/index.php?rest_route=%2Fwp%2Fv2%2Fcomments&post=12046"}],"version-history":[{"count":0,"href":"https:\/\/noticiasregionais.com.br\/index.php?rest_route=\/wp\/v2\/posts\/12046\/revisions"}],"wp:featuredmedia":[{"embeddable":true,"href":"https:\/\/noticiasregionais.com.br\/index.php?rest_route=\/wp\/v2\/media\/12047"}],"wp:attachment":[{"href":"https:\/\/noticiasregionais.com.br\/index.php?rest_route=%2Fwp%2Fv2%2Fmedia&parent=12046"}],"wp:term":[{"taxonomy":"category","embeddable":true,"href":"https:\/\/noticiasregionais.com.br\/index.php?rest_route=%2Fwp%2Fv2%2Fcategories&post=12046"},{"taxonomy":"post_tag","embeddable":true,"href":"https:\/\/noticiasregionais.com.br\/index.php?rest_route=%2Fwp%2Fv2%2Ftags&post=12046"}],"curies":[{"name":"wp","href":"https:\/\/api.w.org\/{rel}","templated":true}]}}