{"id":12048,"date":"2026-01-01T22:00:00","date_gmt":"2026-01-02T01:00:00","guid":{"rendered":"https:\/\/noticiasregionais.com.br\/?p=12048"},"modified":"2026-01-01T22:00:00","modified_gmt":"2026-01-02T01:00:00","slug":"ministerio-da-saude-destina-r-1-bilhao-a-santas-casas-e-hospitais-filantropicos","status":"publish","type":"post","link":"https:\/\/noticiasregionais.com.br\/?p=12048","title":{"rendered":"Minist\u00e9rio da Sa\u00fade destina R$ 1 bilh\u00e3o a Santas Casas e hospitais filantr\u00f3picos"},"content":{"rendered":"<p>\t\t\t\t\t\t\t\t\t\t\t<audio controls class=\"b61_audio_player\" data-noticia=\"86767\" src=\"https:\/\/brasil61.com\/rails\/active_storage\/blobs\/eyJfcmFpbHMiOnsibWVzc2FnZSI6IkJBaHBBMURkQXc9PSIsImV4cCI6bnVsbCwicHVyIjoiYmxvYl9pZCJ9fQ==--e25292753a4f53f17cd483de94dd91fb7a74a464\/BRAS2515462A\"><\/audio><\/p>\n<p>O<a href=\"https:\/\/www.gov.br\/saude\/pt-br\" target=\"_blank\" rel=\"noopener\"> Minist\u00e9rio da Sa\u00fade<\/a> destinou R<b>$ 1 bilh\u00e3o para refor\u00e7ar o atendimento especializado no<\/b><a href=\"https:\/\/www.gov.br\/saude\/pt-br\/sus\" target=\"_blank\" rel=\"noopener\"><b> <\/b><b>Sistema \u00danico de Sa\u00fade (SUS)<\/b><\/a><b> por meio de 3,4 mil hospitais filantr\u00f3picos e Santas Casas em todas as regi\u00f5es do Brasil.<\/b> A <a href=\"https:\/\/www.in.gov.br\/en\/web\/dou\/-\/portaria-gm\/ms-n-9.760-de-26-de-dezembro-de-2025-678095359\" target=\"_blank\" rel=\"noopener\">portaria GM\/MS n\u00ba 9.760<\/a> foi publicada no dia 26 de dezembro de 2025, em edi\u00e7\u00e3o extra do Di\u00e1rio Oficial da Uni\u00e3o (DOU).\u00a0<\/p>\n<p><b>De acordo com a pasta, a medida busca reduzir o tempo de espera por consultas, exames e procedimentos de m\u00e9dia e alta complexidade.<\/b><\/p>\n<p>Do montante<b>, R$ 800 milh\u00f5es ser\u00e3o destinados ao custeio de procedimentos e R$ 200 milh\u00f5es ser\u00e3o utilizados para incrementar o Teto de M\u00e9dia e Alta Complexidade (MAC) dos estados<\/b>, segundo a publica\u00e7\u00e3o oficial. A mudan\u00e7a faz parte do programa<a href=\"https:\/\/www.gov.br\/saude\/pt-br\/composicao\/saes\/agora-tem-especialistas\" target=\"_blank\" rel=\"noopener\"> <b>Agora Tem Especialistas<\/b><\/a>, que reorganiza o financiamento da aten\u00e7\u00e3o especializada, substituindo a antiga tabela de valores.<\/p>\n<p>\u201cO novo modelo de financiamento garante reajustes anuais para os filantr\u00f3picos em geral e valores que variam de duas a tr\u00eas vezes a antiga Tabela SUS para os combos de consultas, exames e cirurgias, estimulando a redu\u00e7\u00e3o do tempo de espera nas filas e o atendimento completo \u00e0s pessoas que precisam de aten\u00e7\u00e3o especializada no SUS\u201d, afirma o ministro da Sa\u00fade, Alexandre Padilha.<\/p>\n<p>O Minist\u00e9rio da Sa\u00fade informa que <b>o repasse ser\u00e1 feito em parcela \u00fanica<\/b>, diretamente aos fundos estaduais e municipais de sa\u00fade, com execu\u00e7\u00e3o prevista a partir de janeiro. O c\u00e1lculo dos recursos considera a produ\u00e7\u00e3o hospitalar registrada no ano anterior, adotando um percentual estimado de 4,4%, superior ao aplicado no ano anterior.<\/p>\n<p><b>Veja abaixo os valores (R$) que ser\u00e3o repassados ao Distrito Federal e Estados (Fonte: Minist\u00e9rio da Sa\u00fade):<\/b><\/p>\n<ul>\n<li><b>AC: 628.725,20<\/b><\/li>\n<li><b>AL: 8.859.876,00<\/b><\/li>\n<li><b>AM: 266.307,90<\/b><\/li>\n<li><b>AP: 1.750.385,00<\/b><\/li>\n<li><b>BA: 29.760.089,00<\/b><\/li>\n<li><b>CE: 19.288.230,00<\/b><\/li>\n<li><b>DF: 10.182.780,00<\/b><\/li>\n<li><b>ES: 20.427.480,00<\/b><\/li>\n<li><b>GO: 13.691.340,00<\/b><\/li>\n<li><b>MA: 5.269.949,00<\/b><\/li>\n<li><b>MG: 132.318.100,00<\/b><\/li>\n<li><b>MS: 13.403.820,00<\/b><\/li>\n<li><b>MT: 7.975.275,00<\/b><\/li>\n<li><b>PA: 10.294.940,00<\/b><\/li>\n<li><b>PB: 7.941.148,00<\/b><\/li>\n<li><b>PE: 29.845.380,00<\/b><\/li>\n<li><b>PI: 4.280.004,00<\/b><\/li>\n<li><b>PR: 72.833.120,00<\/b><\/li>\n<li><b>RJ: 30.854.310,00<\/b><\/li>\n<li><b>RN: 7.167.859,00<\/b><\/li>\n<li><b>RO: 2.433.208,00<\/b><\/li>\n<li><b>RS: 72.535.620,00<\/b><\/li>\n<li><b>SC: 57.816.520,00<\/b><\/li>\n<li><b>SE: 5.805.868,00<\/b><\/li>\n<li><b>SP: 232.861.000,00<\/b><\/li>\n<li><b>TO: 1.508.654,00<\/b><\/li>\n<\/ul>\n<p>\t\t\t\t\t\t\t\t\t\t<img decoding=\"async\" src=\"https:\/\/brasil61.com\/api\/v1\/serve_pixel\/22254\/86767\" alt=\"Pixel Brasil 61\" class=\"b61_pixel\" width=\"0\" height=\"0\"><\/p>\n<div class=\"br61_backlink\">\n<p>\n\t\t\t\tFonte: <a href=\"https:\/\/brasil61.com\/ministerio-da-saude-destina-r-1-bilhao-a-santas-casas-e-hospitais-filantropicos-bras2515462\" title=\"Artigo Original: Minist\u00e9rio da Sa\u00fade destina R$ 1 bilh\u00e3o a Santas Casas e hospitais filantr\u00f3picos\" target=\"_blank\" rel=\"noopener\">Brasil 61<\/a>\n\t\t\t<\/p>\n<\/p><\/div>\n<input type=\"hidden\" id=\"baseurl\" value=\"https:\/\/noticiasregionais.com.br\"><input type=\"hidden\" id=\"audio_nonce\" value=\"5c13e0637f\">","protected":false},"excerpt":{"rendered":"<p>Recursos v\u00e3o permitir a amplia\u00e7\u00e3o do atendimento especializado do SUS em 3,4 mil Santas Casas e hospitais filantr\u00f3picos<\/p>\n","protected":false},"author":1,"featured_media":12049,"comment_status":"","ping_status":"open","sticky":false,"template":"","format":"standard","meta":{"sfsi_plus_gutenberg_text_before_share":"","sfsi_plus_gutenberg_show_text_before_share":"","sfsi_plus_gutenberg_icon_type":"","sfsi_plus_gutenberg_icon_alignemt":"","sfsi_plus_gutenburg_max_per_row":"","footnotes":""},"categories":[8],"tags":[],"class_list":["post-12048","post","type-post","status-publish","format-standard","has-post-thumbnail","hentry","category-brasil"],"_links":{"self":[{"href":"https:\/\/noticiasregionais.com.br\/index.php?rest_route=\/wp\/v2\/posts\/12048","targetHints":{"allow":["GET"]}}],"collection":[{"href":"https:\/\/noticiasregionais.com.br\/index.php?rest_route=\/wp\/v2\/posts"}],"about":[{"href":"https:\/\/noticiasregionais.com.br\/index.php?rest_route=\/wp\/v2\/types\/post"}],"author":[{"embeddable":true,"href":"https:\/\/noticiasregionais.com.br\/index.php?rest_route=\/wp\/v2\/users\/1"}],"replies":[{"embeddable":true,"href":"https:\/\/noticiasregionais.com.br\/index.php?rest_route=%2Fwp%2Fv2%2Fcomments&post=12048"}],"version-history":[{"count":0,"href":"https:\/\/noticiasregionais.com.br\/index.php?rest_route=\/wp\/v2\/posts\/12048\/revisions"}],"wp:featuredmedia":[{"embeddable":true,"href":"https:\/\/noticiasregionais.com.br\/index.php?rest_route=\/wp\/v2\/media\/12049"}],"wp:attachment":[{"href":"https:\/\/noticiasregionais.com.br\/index.php?rest_route=%2Fwp%2Fv2%2Fmedia&parent=12048"}],"wp:term":[{"taxonomy":"category","embeddable":true,"href":"https:\/\/noticiasregionais.com.br\/index.php?rest_route=%2Fwp%2Fv2%2Fcategories&post=12048"},{"taxonomy":"post_tag","embeddable":true,"href":"https:\/\/noticiasregionais.com.br\/index.php?rest_route=%2Fwp%2Fv2%2Ftags&post=12048"}],"curies":[{"name":"wp","href":"https:\/\/api.w.org\/{rel}","templated":true}]}}