{"id":1205,"date":"2023-11-16T15:25:36","date_gmt":"2023-11-16T18:25:36","guid":{"rendered":"https:\/\/noticiasregionais.com.br\/?p=1205"},"modified":"2023-11-16T15:25:48","modified_gmt":"2023-11-16T18:25:48","slug":"a-1-mes-na-rua-elemento-e-preso-novamente-por-trafico-pela-equipe-k9-do-13o-baep","status":"publish","type":"post","link":"https:\/\/noticiasregionais.com.br\/?p=1205","title":{"rendered":"A 1 m\u00eas na rua, elemento \u00e9 preso novamente por tr\u00e1fico, pela equipe K9 do 13\u00ba BAEP"},"content":{"rendered":"\n<p>A Pol\u00edcia Militar, atrav\u00e9s da equipe K9 do 13\u00ba Batalh\u00e3o de A\u00e7\u00f5es Especiais de Pol\u00edcia (BAEP), prendeu um homem por tr\u00e1fico de drogas em Santa Cruz do Rio Pardo, interior de S\u00e3o Paulo, na manh\u00e3 desta quinta-feira (16).<\/p>\n\n\n\n<p>A pris\u00e3o ocorreu na Rua Jos\u00e9 Rosso, na Vila Saul, ap\u00f3s a equipe abordar Alan F.S., de 21 anos. O indiv\u00edduo, que \u00e9 egresso do sistema prisional h\u00e1 cerca de um m\u00eas, onde cumpria pena por tr\u00e1fico de drogas, estava na posse de 9 por\u00e7\u00f5es de crack (0,001 kg), dinheiro e aparelho celular.<\/p>\n\n\n\n<p>Alan confessou que estava comercializando as drogas na regi\u00e3o. O indiv\u00edduo foi preso em flagrante e conduzido \u00e0 Central de Pol\u00edcia Judici\u00e1ria (CPJ) de Santa Cruz do Rio Pardo, onde foi autuado em flagrante pelo crime de tr\u00e1fico de drogas. Ele permaneceu preso \u00e0 disposi\u00e7\u00e3o da Justi\u00e7a.<\/p>\n<input type=\"hidden\" id=\"baseurl\" value=\"https:\/\/noticiasregionais.com.br\"><input type=\"hidden\" id=\"audio_nonce\" value=\"533fbb67b1\">","protected":false},"excerpt":{"rendered":"<p>A Pol\u00edcia Militar, atrav\u00e9s da equipe K9 do 13\u00ba Batalh\u00e3o de A\u00e7\u00f5es Especiais de Pol\u00edcia (BAEP), prendeu um homem por&hellip;<\/p>\n","protected":false},"author":1,"featured_media":1206,"comment_status":"closed","ping_status":"open","sticky":false,"template":"","format":"standard","meta":{"sfsi_plus_gutenberg_text_before_share":"","sfsi_plus_gutenberg_show_text_before_share":"","sfsi_plus_gutenberg_icon_type":"","sfsi_plus_gutenberg_icon_alignemt":"","sfsi_plus_gutenburg_max_per_row":"","footnotes":""},"categories":[6,10,1],"tags":[],"class_list":["post-1205","post","type-post","status-publish","format-standard","has-post-thumbnail","hentry","category-sao_paulo","category-destaques","category-noticias"],"_links":{"self":[{"href":"https:\/\/noticiasregionais.com.br\/index.php?rest_route=\/wp\/v2\/posts\/1205","targetHints":{"allow":["GET"]}}],"collection":[{"href":"https:\/\/noticiasregionais.com.br\/index.php?rest_route=\/wp\/v2\/posts"}],"about":[{"href":"https:\/\/noticiasregionais.com.br\/index.php?rest_route=\/wp\/v2\/types\/post"}],"author":[{"embeddable":true,"href":"https:\/\/noticiasregionais.com.br\/index.php?rest_route=\/wp\/v2\/users\/1"}],"replies":[{"embeddable":true,"href":"https:\/\/noticiasregionais.com.br\/index.php?rest_route=%2Fwp%2Fv2%2Fcomments&post=1205"}],"version-history":[{"count":1,"href":"https:\/\/noticiasregionais.com.br\/index.php?rest_route=\/wp\/v2\/posts\/1205\/revisions"}],"predecessor-version":[{"id":1207,"href":"https:\/\/noticiasregionais.com.br\/index.php?rest_route=\/wp\/v2\/posts\/1205\/revisions\/1207"}],"wp:featuredmedia":[{"embeddable":true,"href":"https:\/\/noticiasregionais.com.br\/index.php?rest_route=\/wp\/v2\/media\/1206"}],"wp:attachment":[{"href":"https:\/\/noticiasregionais.com.br\/index.php?rest_route=%2Fwp%2Fv2%2Fmedia&parent=1205"}],"wp:term":[{"taxonomy":"category","embeddable":true,"href":"https:\/\/noticiasregionais.com.br\/index.php?rest_route=%2Fwp%2Fv2%2Fcategories&post=1205"},{"taxonomy":"post_tag","embeddable":true,"href":"https:\/\/noticiasregionais.com.br\/index.php?rest_route=%2Fwp%2Fv2%2Ftags&post=1205"}],"curies":[{"name":"wp","href":"https:\/\/api.w.org\/{rel}","templated":true}]}}