{"id":12050,"date":"2026-01-02T14:25:00","date_gmt":"2026-01-02T17:25:00","guid":{"rendered":"https:\/\/noticiasregionais.com.br\/?p=12050"},"modified":"2026-01-02T14:25:00","modified_gmt":"2026-01-02T17:25:00","slug":"governo-desmente-cobranca-sobre-transferencias-acima-de-r-5-mil","status":"publish","type":"post","link":"https:\/\/noticiasregionais.com.br\/?p=12050","title":{"rendered":"Governo desmente cobran\u00e7a sobre transfer\u00eancias acima de R$ 5 mil"},"content":{"rendered":"<p>\t\t\t\t\t\t\t\t\t\t\t<audio controls class=\"b61_audio_player\" data-noticia=\"86807\" src=\"https:\/\/brasil61.com\/rails\/active_storage\/blobs\/eyJfcmFpbHMiOnsibWVzc2FnZSI6IkJBaHBBejNlQXc9PSIsImV4cCI6bnVsbCwicHVyIjoiYmxvYl9pZCJ9fQ==--17b36fb74b277a632f4f027581cba28a80b82e25\/BRAS2615478A\"><\/audio><\/p>\n<p>Com a virada de ano, passou a valer em 2026 a isen\u00e7\u00e3o total do imposto de renda para quem ganha at\u00e9 R$ 5 mil mensais. Alguns perfis de redes sociais aproveitaram essa novidade para propagar a informa\u00e7\u00e3o falsa de que transfer\u00eancias banc\u00e1rias, como o Pix, iguais ou superiores a esse valor seriam taxadas em 27,5%, com multa de 150% do suposto total devido em caso de sonega\u00e7\u00e3o.<\/p>\n<p>A pr\u00f3pria <a href=\"https:\/\/www.gov.br\/receitafederal\/pt-br\" target=\"_blank\" rel=\"noopener\">Receita Federal<\/a> desmentiu a informa\u00e7\u00e3o, <a href=\"https:\/\/www.gov.br\/receitafederal\/pt-br\/assuntos\/noticias\/2025\/dezembro\/receita-federal-desmente-fake-news-sobre-taxacoes-a-transacoes-financeiras-a-partir-de-r-5-mil\" target=\"_blank\" rel=\"noopener\">alertando que a Constitui\u00e7\u00e3o Federal pro\u00edbe a tributa\u00e7\u00e3o de movimenta\u00e7\u00f5es financeiras<\/a>. \u201cDisseminar mentiras, fake news e p\u00e2nico financeiro interessa apenas a criminosos\u201d, afirmou o fisco em nota de esclarecimento.<\/p>\n<h2>Isen\u00e7\u00e3o IR<\/h2>\n<p>A not\u00edcia falsa surge a partir da isen\u00e7\u00e3o do novo Imposto de Renda de Pessoa F\u00edsica (IRPF) com vig\u00eancia a partir de 1\u00ba de janeiro de 2026. Cidad\u00e3os brasileiros com renda mensal de at\u00e9 R$ 5 mil agora est\u00e3o totalmente isentos da cobran\u00e7a. Quem ganha entre R$ 5.001 e R$ 7.350 mensais pagar\u00e1 uma al\u00edquota progressiva: quanto maior a renda, maior a al\u00edquota at\u00e9 o m\u00e1ximo de 27,5%. Cerca de 16 milh\u00f5es de pessoas devem ser beneficiadas.<\/p>\n<p>Para compensar a perda de arrecada\u00e7\u00e3o, estimada em mais de R$ 31 bilh\u00f5es, vai ser majorada gradualmente a tributa\u00e7\u00e3o por rendas mensais entre R$ 50 mil e R$ 100 mil, os chamados \u201csuper ricos\u201d. O imposto que agora incide sobre essas pessoas \u00e9 de at\u00e9 10%, que vai taxar sal\u00e1rios anuais de R$ 1,2 milh\u00e3o. A estimativa do governo \u00e9 que 141 mil contribuintes estejam nessa faixa de renda alta, o que deve gerar R$ 34 bilh\u00f5es aos cofres p\u00fablicos.<\/p>\n<p>\t\t\t\t\t\t\t\t\t\t<img decoding=\"async\" src=\"https:\/\/brasil61.com\/api\/v1\/serve_pixel\/22254\/86807\" alt=\"Pixel Brasil 61\" class=\"b61_pixel\" width=\"0\" height=\"0\"><\/p>\n<div class=\"br61_backlink\">\n<p>\n\t\t\t\tFonte: <a href=\"https:\/\/brasil61.com\/governo-desmente-cobranca-sobre-transferencias-acima-de-r-5-mil-bras2615478\" title=\"Artigo Original: Governo desmente cobran\u00e7a sobre transfer\u00eancias acima de R$ 5 mil\" target=\"_blank\" rel=\"noopener\">Brasil 61<\/a>\n\t\t\t<\/p>\n<\/p><\/div>\n<input type=\"hidden\" id=\"baseurl\" value=\"https:\/\/noticiasregionais.com.br\"><input type=\"hidden\" id=\"audio_nonce\" value=\"5c13e0637f\">","protected":false},"excerpt":{"rendered":"<p>Receita Federal destaca que cobran\u00e7a seria inconstitucional e que fake news \u201cinteressa apenas a criminosos\u201d<\/p>\n","protected":false},"author":1,"featured_media":12051,"comment_status":"","ping_status":"open","sticky":false,"template":"","format":"standard","meta":{"sfsi_plus_gutenberg_text_before_share":"","sfsi_plus_gutenberg_show_text_before_share":"","sfsi_plus_gutenberg_icon_type":"","sfsi_plus_gutenberg_icon_alignemt":"","sfsi_plus_gutenburg_max_per_row":"","footnotes":""},"categories":[8],"tags":[],"class_list":["post-12050","post","type-post","status-publish","format-standard","has-post-thumbnail","hentry","category-brasil"],"_links":{"self":[{"href":"https:\/\/noticiasregionais.com.br\/index.php?rest_route=\/wp\/v2\/posts\/12050","targetHints":{"allow":["GET"]}}],"collection":[{"href":"https:\/\/noticiasregionais.com.br\/index.php?rest_route=\/wp\/v2\/posts"}],"about":[{"href":"https:\/\/noticiasregionais.com.br\/index.php?rest_route=\/wp\/v2\/types\/post"}],"author":[{"embeddable":true,"href":"https:\/\/noticiasregionais.com.br\/index.php?rest_route=\/wp\/v2\/users\/1"}],"replies":[{"embeddable":true,"href":"https:\/\/noticiasregionais.com.br\/index.php?rest_route=%2Fwp%2Fv2%2Fcomments&post=12050"}],"version-history":[{"count":0,"href":"https:\/\/noticiasregionais.com.br\/index.php?rest_route=\/wp\/v2\/posts\/12050\/revisions"}],"wp:featuredmedia":[{"embeddable":true,"href":"https:\/\/noticiasregionais.com.br\/index.php?rest_route=\/wp\/v2\/media\/12051"}],"wp:attachment":[{"href":"https:\/\/noticiasregionais.com.br\/index.php?rest_route=%2Fwp%2Fv2%2Fmedia&parent=12050"}],"wp:term":[{"taxonomy":"category","embeddable":true,"href":"https:\/\/noticiasregionais.com.br\/index.php?rest_route=%2Fwp%2Fv2%2Fcategories&post=12050"},{"taxonomy":"post_tag","embeddable":true,"href":"https:\/\/noticiasregionais.com.br\/index.php?rest_route=%2Fwp%2Fv2%2Ftags&post=12050"}],"curies":[{"name":"wp","href":"https:\/\/api.w.org\/{rel}","templated":true}]}}