{"id":12054,"date":"2026-01-02T16:09:00","date_gmt":"2026-01-02T19:09:00","guid":{"rendered":"https:\/\/noticiasregionais.com.br\/?p=12054"},"modified":"2026-01-02T16:09:00","modified_gmt":"2026-01-02T19:09:00","slug":"metanol-ministerio-da-saude-reforca-estoque-da-bahia-com-100-unidades-de-fomepizol","status":"publish","type":"post","link":"https:\/\/noticiasregionais.com.br\/?p=12054","title":{"rendered":"Metanol: Minist\u00e9rio da Sa\u00fade refor\u00e7a estoque da Bahia com 100 unidades de fomepizol\u2028"},"content":{"rendered":"<p>\t\t\t\t\t\t\t\t\t\t\t<audio controls class=\"b61_audio_player\" data-noticia=\"86826\" src=\"https:\/\/brasil61.com\/rails\/active_storage\/blobs\/eyJfcmFpbHMiOnsibWVzc2FnZSI6IkJBaHBBMm5lQXc9PSIsImV4cCI6bnVsbCwicHVyIjoiYmxvYl9pZCJ9fQ==--632d93832d8fddfa9267fa9443ad87a39c0d7417\/BRAS2615484A\"><\/audio><\/p>\n<p><b>Ap\u00f3s a confirma\u00e7\u00e3o de sete novos casos de intoxica\u00e7\u00e3o por metanol no interior da Bahia, o Minist\u00e9rio da Sa\u00fade refor\u00e7ou o estoque de medicamentos com o envio de mais 100 unidades de fomepizol na \u00faltima quarta-feira (31).<\/b> Com a nova remessa, a rede estadual passa a contar com 318 ampolas de etanol e 206 unidades de fomepizol, ant\u00eddotos utilizados no tratamento da intoxica\u00e7\u00e3o.<\/p>\n<p><b>As regi\u00f5es Extremo Sul, Sudoeste, Norte e Oeste do estado s\u00e3o consideradas estrat\u00e9gicas. <\/b>A distribui\u00e7\u00e3o do fomepizol para esses locais est\u00e1 sendo realizada pelo governo estadual para garantir acesso r\u00e1pido ao medicamento em casos de emerg\u00eancia. A previs\u00e3o \u00e9 de que as novas unidades cheguem ao estado ainda nesta semana.<\/p>\n<p>Segundo o <b>Minist\u00e9rio da Sa\u00fade<\/b>, os pacientes j\u00e1 est\u00e3o sendo tratados com os lotes enviados anteriormente. Em geral, o tratamento com fomepizol utiliza entre quatro e cinco unidades por paciente, podendo variar conforme o peso corporal. <b>J\u00e1 o protocolo com etanol demanda, em m\u00e9dia, cerca de 30 ampolas de 10 ml por paciente.<\/b><\/p>\n<p>At\u00e9 o dia 8 de dezembro, a Bahia havia registrado sete notifica\u00e7\u00f5es de intoxica\u00e7\u00e3o por metanol associadas ao consumo de bebidas alco\u00f3licas. Do total, <b>dois casos foram confirmados, quatro descartados e um permanecia em investiga\u00e7\u00e3o.<\/b> Em rela\u00e7\u00e3o aos \u00f3bitos, o estado confirmou uma morte e descartou outra ocorr\u00eancia.<\/p>\n<p>Em \u00e2mbito nacional, o Minist\u00e9rio da Sa\u00fade informou que segue monitorando os registros de intoxica\u00e7\u00e3o por metanol em articula\u00e7\u00e3o com os estados, por meio do<a href=\"https:\/\/www.gov.br\/saude\/pt-br\/composicao\/svsa\/cievs\" target=\"_blank\" rel=\"noopener\"> <b>Centro de Informa\u00e7\u00f5es Estrat\u00e9gicas em Vigil\u00e2ncia em Sa\u00fade (CIEVS).<\/b><\/a><b>\u00a0<\/b><\/p>\n<p>De acordo com a pasta, todos os estados est\u00e3o abastecidos com insumos para o atendimento aos pacientes e contam com um estoque estrat\u00e9gico mantido pelo governo federal.<\/p>\n<p><b>Sala de Situa\u00e7\u00e3o<\/b><\/p>\n<p>Em outubro, o Governo Federal instalou a Sala de Situa\u00e7\u00e3o para acompanhar o aumento de casos de intoxica\u00e7\u00e3o por metanol ap\u00f3s o consumo de bebidas alco\u00f3licas. A estrutura foi desativada em dezembro, ap\u00f3s a redu\u00e7\u00e3o significativa de novos registros e de \u00f3bitos.<\/p>\n<p><b>Entre 26 de setembro e 5 de dezembro de 2025, foram registradas 890 notifica\u00e7\u00f5es relacionadas \u00e0 intoxica\u00e7\u00e3o por metanol em todo o pa\u00eds.<\/b> Desse total, 73 casos foram confirmados, 29 permaneciam em an\u00e1lise e 788 foram descartados por aus\u00eancia de ind\u00edcios da subst\u00e2ncia. Entre os casos confirmados, 22 evolu\u00edram para \u00f3bito.<\/p>\n<p>Ap\u00f3s o encerramento da Sala de Situa\u00e7\u00e3o, a assist\u00eancia e o acompanhamento dos casos seguem sendo realizados por meio do<a href=\"https:\/\/portalsinan.saude.gov.br\/\" target=\"_blank\" rel=\"noopener\"> Sistema de Informa\u00e7\u00e3o de Agravos de Notifica\u00e7\u00e3o (SINAN)<\/a> e pelas equipes de vigil\u00e2ncia de intoxica\u00e7\u00f5es ex\u00f3genas nos estados.<\/p>\n<p>\t\t\t\t\t\t\t\t\t\t<img decoding=\"async\" src=\"https:\/\/brasil61.com\/api\/v1\/serve_pixel\/22254\/86826\" alt=\"Pixel Brasil 61\" class=\"b61_pixel\" width=\"0\" height=\"0\"><\/p>\n<div class=\"br61_backlink\">\n<p>\n\t\t\t\tFonte: <a href=\"https:\/\/brasil61.com\/metanol-ministerio-da-saude-reforca-estoque-da-bahia-com-100-unidades-de-fomepizol-bras2615484\" title=\"Artigo Original: Metanol: Minist\u00e9rio da Sa\u00fade refor\u00e7a estoque da Bahia com 100 unidades de fomepizol\u2028\" target=\"_blank\" rel=\"noopener\">Brasil 61<\/a>\n\t\t\t<\/p>\n<\/p><\/div>\n<input type=\"hidden\" id=\"baseurl\" value=\"https:\/\/noticiasregionais.com.br\"><input type=\"hidden\" id=\"audio_nonce\" value=\"51537c5ade\">","protected":false},"excerpt":{"rendered":"<p>O refor\u00e7o ocorreu no dia 31 de dezembro, ap\u00f3s novos casos de intoxica\u00e7\u00e3o por metanol<\/p>\n","protected":false},"author":1,"featured_media":12055,"comment_status":"","ping_status":"open","sticky":false,"template":"","format":"standard","meta":{"sfsi_plus_gutenberg_text_before_share":"","sfsi_plus_gutenberg_show_text_before_share":"","sfsi_plus_gutenberg_icon_type":"","sfsi_plus_gutenberg_icon_alignemt":"","sfsi_plus_gutenburg_max_per_row":"","footnotes":""},"categories":[8],"tags":[],"class_list":["post-12054","post","type-post","status-publish","format-standard","has-post-thumbnail","hentry","category-brasil"],"_links":{"self":[{"href":"https:\/\/noticiasregionais.com.br\/index.php?rest_route=\/wp\/v2\/posts\/12054","targetHints":{"allow":["GET"]}}],"collection":[{"href":"https:\/\/noticiasregionais.com.br\/index.php?rest_route=\/wp\/v2\/posts"}],"about":[{"href":"https:\/\/noticiasregionais.com.br\/index.php?rest_route=\/wp\/v2\/types\/post"}],"author":[{"embeddable":true,"href":"https:\/\/noticiasregionais.com.br\/index.php?rest_route=\/wp\/v2\/users\/1"}],"replies":[{"embeddable":true,"href":"https:\/\/noticiasregionais.com.br\/index.php?rest_route=%2Fwp%2Fv2%2Fcomments&post=12054"}],"version-history":[{"count":0,"href":"https:\/\/noticiasregionais.com.br\/index.php?rest_route=\/wp\/v2\/posts\/12054\/revisions"}],"wp:featuredmedia":[{"embeddable":true,"href":"https:\/\/noticiasregionais.com.br\/index.php?rest_route=\/wp\/v2\/media\/12055"}],"wp:attachment":[{"href":"https:\/\/noticiasregionais.com.br\/index.php?rest_route=%2Fwp%2Fv2%2Fmedia&parent=12054"}],"wp:term":[{"taxonomy":"category","embeddable":true,"href":"https:\/\/noticiasregionais.com.br\/index.php?rest_route=%2Fwp%2Fv2%2Fcategories&post=12054"},{"taxonomy":"post_tag","embeddable":true,"href":"https:\/\/noticiasregionais.com.br\/index.php?rest_route=%2Fwp%2Fv2%2Ftags&post=12054"}],"curies":[{"name":"wp","href":"https:\/\/api.w.org\/{rel}","templated":true}]}}