{"id":12074,"date":"2026-01-05T02:30:00","date_gmt":"2026-01-05T05:30:00","guid":{"rendered":"https:\/\/noticiasregionais.com.br\/?p=12074"},"modified":"2026-01-05T02:30:00","modified_gmt":"2026-01-05T05:30:00","slug":"prazo-estendido-uniao-ganha-mais-tres-anos-para-mapear-terras-federais-em-rios-e-no-litoral","status":"publish","type":"post","link":"https:\/\/noticiasregionais.com.br\/?p=12074","title":{"rendered":"Prazo estendido: Uni\u00e3o ganha mais tr\u00eas anos para mapear terras federais em rios e no litoral"},"content":{"rendered":"<p>\t\t\t\t\t\t\t\t\t\t\t<audio controls class=\"b61_audio_player\" data-noticia=\"86805\" src=\"https:\/\/brasil61.com\/rails\/active_storage\/blobs\/eyJfcmFpbHMiOnsibWVzc2FnZSI6IkJBaHBBMWZlQXc9PSIsImV4cCI6bnVsbCwicHVyIjoiYmxvYl9pZCJ9fQ==--b107b5cff9fae9cd9368c135edc447ab918f2209\/BRAS2615476A\"><\/audio><\/p>\n<p>O <strong>governo federal decidiu evitar o encerramento do prazo para a identifica\u00e7\u00e3o de terras da Uni\u00e3o localizadas \u00e0s margens de rios e no litoral brasileiro<\/strong>. Para isso, a Presid\u00eancia da Rep\u00fablica editou uma medida provis\u00f3ria que <strong>amplia em tr\u00eas anos o per\u00edodo destinado \u00e0 demarca\u00e7\u00e3o dessas \u00e1reas, consideradas bens federais por lei<\/strong>.<\/p>\n<p>A <a href=\"https:\/\/www.congressonacional.leg.br\/materias\/medidas-provisorias\/-\/mpv\/172331\" target=\"_blank\" rel=\"noopener\">Medida Provis\u00f3ria n\u00ba 1.332\/25<\/a>, publicada no Di\u00e1rio Oficial da Uni\u00e3o da \u00faltima ter\u00e7a-feira (30), altera regras vigentes desde 1946 e impede que o prazo, que se encerraria no dia 31 de dezembro de 2025, chegue ao fim sem a conclus\u00e3o dos trabalhos t\u00e9cnicos.<\/p>\n<p>Com a mudan\u00e7a, a <a href=\"https:\/\/www.gov.br\/gestao\/pt-br\/assuntos\/patrimonio-da-uniao\" target=\"_blank\" rel=\"noopener\"><strong>Secretaria do Patrim\u00f4nio da Uni\u00e3o (SPU) <\/strong><\/a>passa a contar com um novo calend\u00e1rio para concluir a identifica\u00e7\u00e3o das \u00e1reas sob dom\u00ednio federal, muitas delas localizadas em regi\u00f5es de grande valor ambiental e econ\u00f4mico.<\/p>\n<h2>Demarca\u00e7\u00e3o garante gest\u00e3o p\u00fablica e prote\u00e7\u00e3o ambiental<\/h2>\n<p>A <strong>identifica\u00e7\u00e3o oficial dessas terras \u00e9 um passo essencial para que a Uni\u00e3o possa organizar o uso, fiscalizar ocupa\u00e7\u00f5es e assegurar o acesso coletivo a \u00e1reas como praias e margens de rios naveg\u00e1veis<\/strong>. A demarca\u00e7\u00e3o tamb\u00e9m fortalece a prote\u00e7\u00e3o ambiental, ao permitir maior controle sobre regi\u00f5es sens\u00edveis e sujeitas \u00e0 degrada\u00e7\u00e3o.<\/p>\n<p>O tema ganhou relev\u00e2ncia em 2017, quando o Congresso Nacional aprovou mudan\u00e7as na legisla\u00e7\u00e3o fundi\u00e1ria e fixou o fim de 2025 como prazo final para a conclus\u00e3o do mapeamento. Naquele momento, o pr\u00f3prio governo federal reconhecia o desafio: <strong>menos de 1% das margens de rios federais naveg\u00e1veis haviam sido demarcadas. No litoral, o avan\u00e7o era maior, mas ainda limitado, com pouco mais de 23% das \u00e1reas oficialmente identificadas.<\/strong><\/p>\n<h2>Entenda o que s\u00e3o os terrenos de marinha<\/h2>\n<p><strong>Os chamados terrenos de marinha correspondem a faixas de terra localizadas ao longo da costa, em ilhas e tamb\u00e9m nas margens de rios e lagoas influenciados pelas mar\u00e9s. <\/strong>Essas \u00e1reas t\u00eam 33 metros de largura, medidos a partir da linha da mar\u00e9 cheia m\u00e9dia registrada em 1831, refer\u00eancia hist\u00f3rica adotada pela legisla\u00e7\u00e3o brasileira.<\/p>\n<p>O processo de demarca\u00e7\u00e3o ocorre em etapas: primeiro, a \u00e1rea \u00e9 identificada tecnicamente; depois, \u00e9 reconhecida formalmente como pertencente \u00e0 Uni\u00e3o. Ap\u00f3s essa declara\u00e7\u00e3o, registros imobili\u00e1rios anteriores podem ser anulados, consolidando o dom\u00ednio federal.<\/p>\n<p>A medida provis\u00f3ria entra em vigor com validade inicial de 60 dias, contados ap\u00f3s o recesso parlamentar, e pode ser prorrogada por igual per\u00edodo. Para se tornar definitiva, o texto ainda precisar\u00e1 ser analisado pelo Congresso Nacional.<br \/>\n\u00a0<\/p>\n<p>\t\t\t\t\t\t\t\t\t\t<img decoding=\"async\" src=\"https:\/\/brasil61.com\/api\/v1\/serve_pixel\/22254\/86805\" alt=\"Pixel Brasil 61\" class=\"b61_pixel\" width=\"0\" height=\"0\"><\/p>\n<div class=\"br61_backlink\">\n<p>\n\t\t\t\tFonte: <a href=\"https:\/\/brasil61.com\/prazo-estendido-uniao-ganha-mais-tres-anos-para-mapear-terras-federais-em-rios-e-no-litoral-bras2615476\" title=\"Artigo Original: Prazo estendido: Uni\u00e3o ganha mais tr\u00eas anos para mapear terras federais em rios e no litoral\" target=\"_blank\" rel=\"noopener\">Brasil 61<\/a>\n\t\t\t<\/p>\n<\/p><\/div>\n<input type=\"hidden\" id=\"baseurl\" value=\"https:\/\/noticiasregionais.com.br\"><input type=\"hidden\" id=\"audio_nonce\" value=\"3cdc555a10\">","protected":false},"excerpt":{"rendered":"<p>Nova medida provis\u00f3ria evita o fim do prazo em 2025 e amplia o tempo para identifica\u00e7\u00e3o de \u00e1reas estrat\u00e9gicas do patrim\u00f4nio p\u00fablico<\/p>\n","protected":false},"author":1,"featured_media":12075,"comment_status":"","ping_status":"open","sticky":false,"template":"","format":"standard","meta":{"sfsi_plus_gutenberg_text_before_share":"","sfsi_plus_gutenberg_show_text_before_share":"","sfsi_plus_gutenberg_icon_type":"","sfsi_plus_gutenberg_icon_alignemt":"","sfsi_plus_gutenburg_max_per_row":"","footnotes":""},"categories":[8],"tags":[],"class_list":["post-12074","post","type-post","status-publish","format-standard","has-post-thumbnail","hentry","category-brasil"],"_links":{"self":[{"href":"https:\/\/noticiasregionais.com.br\/index.php?rest_route=\/wp\/v2\/posts\/12074","targetHints":{"allow":["GET"]}}],"collection":[{"href":"https:\/\/noticiasregionais.com.br\/index.php?rest_route=\/wp\/v2\/posts"}],"about":[{"href":"https:\/\/noticiasregionais.com.br\/index.php?rest_route=\/wp\/v2\/types\/post"}],"author":[{"embeddable":true,"href":"https:\/\/noticiasregionais.com.br\/index.php?rest_route=\/wp\/v2\/users\/1"}],"replies":[{"embeddable":true,"href":"https:\/\/noticiasregionais.com.br\/index.php?rest_route=%2Fwp%2Fv2%2Fcomments&post=12074"}],"version-history":[{"count":0,"href":"https:\/\/noticiasregionais.com.br\/index.php?rest_route=\/wp\/v2\/posts\/12074\/revisions"}],"wp:featuredmedia":[{"embeddable":true,"href":"https:\/\/noticiasregionais.com.br\/index.php?rest_route=\/wp\/v2\/media\/12075"}],"wp:attachment":[{"href":"https:\/\/noticiasregionais.com.br\/index.php?rest_route=%2Fwp%2Fv2%2Fmedia&parent=12074"}],"wp:term":[{"taxonomy":"category","embeddable":true,"href":"https:\/\/noticiasregionais.com.br\/index.php?rest_route=%2Fwp%2Fv2%2Fcategories&post=12074"},{"taxonomy":"post_tag","embeddable":true,"href":"https:\/\/noticiasregionais.com.br\/index.php?rest_route=%2Fwp%2Fv2%2Ftags&post=12074"}],"curies":[{"name":"wp","href":"https:\/\/api.w.org\/{rel}","templated":true}]}}