{"id":12080,"date":"2026-01-06T04:10:00","date_gmt":"2026-01-06T07:10:00","guid":{"rendered":"https:\/\/noticiasregionais.com.br\/?p=12080"},"modified":"2026-01-06T04:10:00","modified_gmt":"2026-01-06T07:10:00","slug":"soja-e-trigo-confira-as-cotacoes-de-preco-para-esta-terca-feira-6","status":"publish","type":"post","link":"https:\/\/noticiasregionais.com.br\/?p=12080","title":{"rendered":"Soja e trigo: confira as cota\u00e7\u00f5es de pre\u00e7o para esta ter\u00e7a-feira (6)"},"content":{"rendered":"<p>\t\t\t\t\t\t\t\t\t\t\t<audio controls class=\"b61_audio_player\" data-noticia=\"86853\" src=\"https:\/\/brasil61.com\/rails\/active_storage\/blobs\/eyJfcmFpbHMiOnsibWVzc2FnZSI6IkJBaHBBNW5lQXc9PSIsImV4cCI6bnVsbCwicHVyIjoiYmxvYl9pZCJ9fQ==--db7d4a75d67274d6c9a16511aea757e8c5290c1a\/PAGR266020A\"><\/audio><\/p>\n<p>A saca de 60 kg da <strong>soja <\/strong>apresentou <strong>queda <\/strong>nesta ter\u00e7a-feira (6) tanto no interior do Paran\u00e1 quanto no litoral, em Paranagu\u00e1. No interior do estado, o gr\u00e3o foi negociado a <strong>R$130,11<\/strong>, registrando <strong>recuo de<\/strong> <strong>4,16%<\/strong>. J\u00e1 no litoral, a cota\u00e7\u00e3o <strong>caiu 3,51%<\/strong>, fechando a <strong>R$137,15<\/strong>.<\/p>\n<\/p>\n<p><b>INDICADOR DA SOJA CEPEA\/ESALQ &#8211; PARAN\u00c1<\/b><\/p>\n<table id=\"imagenet-indicador-1\">\n<thead>\n<tr>\n<th>Data<\/th>\n<th>Valor R$*<\/th>\n<th>Var.\/Dia<\/th>\n<th>Var.\/M\u00eas<\/th>\n<th>Valor US$*<\/th>\n<\/tr>\n<\/thead>\n<tbody>\n<tr>\n<td>05\/01\/2026<\/td>\n<td>130,11<\/td>\n<td>-4,16%<\/td>\n<td>-4,05%<\/td>\n<td>24,08<\/td>\n<\/tr>\n<tr>\n<td>02\/01\/2026<\/td>\n<td>135,76<\/td>\n<td>0,12%<\/td>\n<td>0,12%<\/td>\n<td>25,04<\/td>\n<\/tr>\n<tr>\n<td>30\/12\/2025<\/td>\n<td>135,60<\/td>\n<td>-0,45%<\/td>\n<td>-0,35%<\/td>\n<td>24,71<\/td>\n<\/tr>\n<tr>\n<td>29\/12\/2025<\/td>\n<td>136,21<\/td>\n<td>-0,01%<\/td>\n<td>0,10%<\/td>\n<td>24,41<\/td>\n<\/tr>\n<tr>\n<td>26\/12\/2025<\/td>\n<td>136,23<\/td>\n<td>0,02%<\/td>\n<td>0,12%<\/td>\n<td>24,57<\/td>\n<\/tr>\n<\/tbody>\n<\/table>\n<p><strong>INDICADOR DA SOJA CEPEA\/ESALQ &#8211; PARANAGU\u00c1<\/strong><\/p>\n<table id=\"imagenet-indicador-2\">\n<thead>\n<tr>\n<th>Data<\/th>\n<th>Valor R$*<\/th>\n<th>Var.\/Dia<\/th>\n<th>Var.\/M\u00eas<\/th>\n<th>Valor US$*<\/th>\n<\/tr>\n<\/thead>\n<tbody>\n<tr>\n<td>05\/01\/2026<\/td>\n<td>137,15<\/td>\n<td>-3,51%<\/td>\n<td>-2,74%<\/td>\n<td>25,39<\/td>\n<\/tr>\n<tr>\n<td>02\/01\/2026<\/td>\n<td>142,14<\/td>\n<td>0,80%<\/td>\n<td>0,80%<\/td>\n<td>26,22<\/td>\n<\/tr>\n<tr>\n<td>30\/12\/2025<\/td>\n<td>141,01<\/td>\n<td>-1,12%<\/td>\n<td>-0,66%<\/td>\n<td>25,70<\/td>\n<\/tr>\n<tr>\n<td>29\/12\/2025<\/td>\n<td>142,60<\/td>\n<td>-0,01%<\/td>\n<td>0,46%<\/td>\n<td>25,56<\/td>\n<\/tr>\n<tr>\n<td>26\/12\/2025<\/td>\n<td>142,62<\/td>\n<td>-0,04%<\/td>\n<td>0,48%<\/td>\n<td>25,73<\/td>\n<\/tr>\n<\/tbody>\n<\/table>\n<h2>Trigo<\/h2>\n<p>O pre\u00e7o do trigo apresenta <strong>estabilidade <\/strong>no <strong>Paran\u00e1 <\/strong>e a tonelada \u00e9 negociada a <strong>R$1.183,56<\/strong>. E no <strong>Rio Grande do Sul<\/strong>, a tonelada do gr\u00e3o registra leve alta de <strong>0,02%<\/strong>, sendo cotada a <strong>R$1.046,37<\/strong>.<\/p>\n<p>\n<b>PRE\u00c7O M\u00c9DIO DO TRIGO CEPEA\/ESALQ &#8211; PARAN\u00c1<\/b><\/p>\n<table id=\"imagenet-indicador-3\">\n<thead>\n<tr>\n<th>Data<\/th>\n<th>Valor R$\/t*<\/th>\n<th>Var.\/Dia<\/th>\n<th>Var.\/M\u00eas<\/th>\n<th>Valor US$\/t*<\/th>\n<\/tr>\n<\/thead>\n<tbody>\n<tr>\n<td>05\/01\/2026<\/td>\n<td>1.183,56<\/td>\n<td>-0,00%<\/td>\n<td>0,12%<\/td>\n<td>219,10<\/td>\n<\/tr>\n<tr>\n<td>02\/01\/2026<\/td>\n<td>1.183,57<\/td>\n<td>0,12%<\/td>\n<td>0,12%<\/td>\n<td>218,29<\/td>\n<\/tr>\n<tr>\n<td>30\/12\/2025<\/td>\n<td>1.182,19<\/td>\n<td>0,01%<\/td>\n<td>-1,00%<\/td>\n<td>215,41<\/td>\n<\/tr>\n<tr>\n<td>29\/12\/2025<\/td>\n<td>1.182,07<\/td>\n<td>0,00%<\/td>\n<td>-1,01%<\/td>\n<td>211,88<\/td>\n<\/tr>\n<tr>\n<td>26\/12\/2025<\/td>\n<td>1.182,07<\/td>\n<td>0,00%<\/td>\n<td>-1,01%<\/td>\n<td>213,22<\/td>\n<\/tr>\n<\/tbody>\n<\/table>\n<p><strong>PRE\u00c7O M\u00c9DIO DO TRIGO CEPEA\/ESALQ &#8211; RIO GRANDE DO SUL<\/strong><\/p>\n<table id=\"imagenet-indicador-4\">\n<thead>\n<tr>\n<th>Data<\/th>\n<th>Valor R$\/t*<\/th>\n<th>Var.\/Dia<\/th>\n<th>Var.\/M\u00eas<\/th>\n<th>Valor US$\/t*<\/th>\n<\/tr>\n<\/thead>\n<tbody>\n<tr>\n<td>05\/01\/2026<\/td>\n<td>1.046,37<\/td>\n<td>-0,02%<\/td>\n<td>0,03%<\/td>\n<td>193,70<\/td>\n<\/tr>\n<tr>\n<td>02\/01\/2026<\/td>\n<td>1.046,53<\/td>\n<td>0,05%<\/td>\n<td>0,05%<\/td>\n<td>193,01<\/td>\n<\/tr>\n<tr>\n<td>30\/12\/2025<\/td>\n<td>1.046,01<\/td>\n<td>0,00%<\/td>\n<td>1,44%<\/td>\n<td>190,60<\/td>\n<\/tr>\n<tr>\n<td>29\/12\/2025<\/td>\n<td>1.046,01<\/td>\n<td>0,00%<\/td>\n<td>1,44%<\/td>\n<td>187,49<\/td>\n<\/tr>\n<tr>\n<td>26\/12\/2025<\/td>\n<td>1.046,01<\/td>\n<td>0,00%<\/td>\n<td>1,44%<\/td>\n<td>188,67<\/td>\n<\/tr>\n<\/tbody>\n<\/table>\n<p>Os dados s\u00e3o do <a href=\"https:\/\/www.cepea.org.br\/br\/indicador\/trigo.aspx\" target=\"_blank\" rel=\"noopener\">Cepea<\/a>.<\/p>\n<\/p>\n<h2>O que \u00e9 uma saca de soja ou de trigo? Entenda a unidade de medida no mercado de gr\u00e3os<\/h2>\n<p>A saca de soja e a saca de trigo s\u00e3o as principais unidades de comercializa\u00e7\u00e3o de gr\u00e3os no Brasil. Cada saca equivale a 60 quilos, padr\u00e3o adotado por \u00f3rg\u00e3os oficiais como a <strong>Companhia Nacional de Abastecimento<\/strong> (<a href=\"https:\/\/www.gov.br\/conab\/pt-br\" target=\"_blank\" rel=\"noopener\">Conab<\/a>), o <strong>Minist\u00e9rio da Agricultura<\/strong> (<a href=\"https:\/\/www.gov.br\/agricultura\/pt-br\" target=\"_blank\" rel=\"noopener\">MAPA<\/a>) e o <strong>Centro de Estudos Avan\u00e7ados em Economia Aplicada<\/strong> (<a href=\"https:\/\/www.cepea.org.br\/br\/indicador\/trigo.aspx\" target=\"_blank\" rel=\"noopener\">Cepea<\/a>).<\/p>\n<p>Esse formato padronizado facilita o com\u00e9rcio da soja e do trigo, al\u00e9m de permitir um acompanhamento mais preciso das cota\u00e7\u00f5es e varia\u00e7\u00f5es de pre\u00e7os no mercado nacional.<\/p>\n<p>\u00a0<\/p>\n<p>\t\t\t\t\t\t\t\t\t\t<img decoding=\"async\" src=\"https:\/\/brasil61.com\/api\/v1\/serve_pixel\/22254\/86853\" alt=\"Pixel Brasil 61\" class=\"b61_pixel\" width=\"0\" height=\"0\"><\/p>\n<div class=\"br61_backlink\">\n<p>\n\t\t\t\tFonte: <a href=\"https:\/\/brasil61.com\/soja-e-trigo-confira-as-cotacoes-de-preco-para-esta-terca-feira-6-pagr266020\" title=\"Artigo Original: Soja e trigo: confira as cota\u00e7\u00f5es de pre\u00e7o para esta ter\u00e7a-feira (6)\" target=\"_blank\" rel=\"noopener\">Brasil 61<\/a>\n\t\t\t<\/p>\n<\/p><\/div>\n<input type=\"hidden\" id=\"baseurl\" value=\"https:\/\/noticiasregionais.com.br\"><input type=\"hidden\" id=\"audio_nonce\" value=\"533fbb67b1\">","protected":false},"excerpt":{"rendered":"<p>Em Paranagu\u00e1, a soja encerrou o per\u00edodo em queda; no Paran\u00e1, o trigo apresenta estabilidade<\/p>\n","protected":false},"author":1,"featured_media":12081,"comment_status":"","ping_status":"open","sticky":false,"template":"","format":"standard","meta":{"sfsi_plus_gutenberg_text_before_share":"","sfsi_plus_gutenberg_show_text_before_share":"","sfsi_plus_gutenberg_icon_type":"","sfsi_plus_gutenberg_icon_alignemt":"","sfsi_plus_gutenburg_max_per_row":"","footnotes":""},"categories":[8],"tags":[],"class_list":["post-12080","post","type-post","status-publish","format-standard","has-post-thumbnail","hentry","category-brasil"],"_links":{"self":[{"href":"https:\/\/noticiasregionais.com.br\/index.php?rest_route=\/wp\/v2\/posts\/12080","targetHints":{"allow":["GET"]}}],"collection":[{"href":"https:\/\/noticiasregionais.com.br\/index.php?rest_route=\/wp\/v2\/posts"}],"about":[{"href":"https:\/\/noticiasregionais.com.br\/index.php?rest_route=\/wp\/v2\/types\/post"}],"author":[{"embeddable":true,"href":"https:\/\/noticiasregionais.com.br\/index.php?rest_route=\/wp\/v2\/users\/1"}],"replies":[{"embeddable":true,"href":"https:\/\/noticiasregionais.com.br\/index.php?rest_route=%2Fwp%2Fv2%2Fcomments&post=12080"}],"version-history":[{"count":0,"href":"https:\/\/noticiasregionais.com.br\/index.php?rest_route=\/wp\/v2\/posts\/12080\/revisions"}],"wp:featuredmedia":[{"embeddable":true,"href":"https:\/\/noticiasregionais.com.br\/index.php?rest_route=\/wp\/v2\/media\/12081"}],"wp:attachment":[{"href":"https:\/\/noticiasregionais.com.br\/index.php?rest_route=%2Fwp%2Fv2%2Fmedia&parent=12080"}],"wp:term":[{"taxonomy":"category","embeddable":true,"href":"https:\/\/noticiasregionais.com.br\/index.php?rest_route=%2Fwp%2Fv2%2Fcategories&post=12080"},{"taxonomy":"post_tag","embeddable":true,"href":"https:\/\/noticiasregionais.com.br\/index.php?rest_route=%2Fwp%2Fv2%2Ftags&post=12080"}],"curies":[{"name":"wp","href":"https:\/\/api.w.org\/{rel}","templated":true}]}}