{"id":12082,"date":"2026-01-06T04:15:00","date_gmt":"2026-01-06T07:15:00","guid":{"rendered":"https:\/\/noticiasregionais.com.br\/?p=12082"},"modified":"2026-01-06T21:31:20","modified_gmt":"2026-01-07T00:31:20","slug":"baterias-podem-impulsionar-mercado-de-energias-renovaveis-em-mais-de-r-70-bilhoes","status":"publish","type":"post","link":"https:\/\/noticiasregionais.com.br\/?p=12082","title":{"rendered":"Baterias podem impulsionar mercado de energias renov\u00e1veis em mais de R$ 70 bilh\u00f5es"},"content":{"rendered":"<p>\t\t\t\t\t\t\t\t\t\t<audio controls class=\"b61_audio_player\" data-noticia=\"86852\" src=\"https:\/\/brasil61.com\/rails\/active_storage\/blobs\/eyJfcmFpbHMiOnsibWVzc2FnZSI6IkJBaHBBNXJlQXc9PSIsImV4cCI6bnVsbCwicHVyIjoiYmxvYl9pZCJ9fQ==--8d2d5539b0fc677162be189232b8981218ebf277\/BRAS2615497A\"><\/audio><\/p>\n<p>O Brasil \u00e9 o terceiro pa\u00eds que mais gera energia a partir de fontes renov\u00e1veis no mundo. A contagem n\u00e3o \u00e9 nova, foi feita pela <a href=\"https:\/\/www.irena.org\/\" target=\"_blank\" rel=\"noopener\">Ag\u00eancia Internacional de Energia Renov\u00e1vel (Irena, em ingl\u00eas)<\/a> em abril do ano passado, e contabiliza 213 gigawatts de capacidade instalada no pa\u00eds, atr\u00e1s somente da China (1.800 GW) e dos Estados Unidos (428 GW).<\/p>\n<p>No entanto, o <a href=\"http:\/\/www.ons.org.br\/\" target=\"_blank\" rel=\"noopener\">Operador Nacional do Sistema El\u00e9trico (ONS)<\/a> estima que cerca de 17% dessa energia \u00e9 desperdi\u00e7ada por falta de armazenagem ou integra\u00e7\u00e3o do sistema el\u00e9trico. A <a href=\"https:\/\/brasil61.com\/noticias\/tag\/nordeste\" target=\"_blank\" rel=\"noopener\">Regi\u00e3o Nordeste<\/a>, onde 70,6% da eletricidade \u00e9 <a href=\"https:\/\/brasil61.com\/noticias\/tag\/energia-solar\" target=\"_blank\" rel=\"noopener\">solar<\/a> ou e\u00f3lica, \u00e9 a que mais sofre pela falta dessa infraestrutura.<\/p>\n<table>\n<caption>Gera\u00e7\u00e3o de Energia El\u00e9trica no Brasil \u2013 2025 (Fonte: CCEE, nov\/2025)<\/caption>\n<thead>\n<tr>\n<th>Regi\u00e3o<\/th>\n<th>E\u00f3lica (%)<\/th>\n<th>Fotovoltaica (%)<\/th>\n<th>H\u00eddrica (%)<\/th>\n<th>T\u00e9rmica (%)<\/th>\n<\/tr>\n<\/thead>\n<tbody>\n<tr>\n<td>Nordeste (NE)<\/td>\n<td>52,0<\/td>\n<td>18,5<\/td>\n<td>17,5<\/td>\n<td>12,0<\/td>\n<\/tr>\n<tr>\n<td>Norte (NO)<\/td>\n<td>1,5<\/td>\n<td>0,0<\/td>\n<td>80,0<\/td>\n<td>18,5<\/td>\n<\/tr>\n<tr>\n<td>Sudeste \/ Centro-Oeste (SE-CO)<\/td>\n<td>0,3<\/td>\n<td>9,4<\/td>\n<td>63,0<\/td>\n<td>27,3<\/td>\n<\/tr>\n<tr>\n<td>Sul (SU)<\/td>\n<td>9,4<\/td>\n<td>0,2<\/td>\n<td>72,0<\/td>\n<td>18,4<\/td>\n<\/tr>\n<\/tbody>\n<\/table>\n<p>Para o diretor executivo da <a href=\"https:\/\/www.absae.org.br\/\" target=\"_blank\" rel=\"noopener\">Associa\u00e7\u00e3o Brasileira de Solu\u00e7\u00f5es de Armazenamento de Energia (Absae)<\/a>, F\u00e1bio Lima, essa realidade brasileira pode estar com os dias contados, gra\u00e7as \u00e0 expans\u00e3o do mercado de baterias. \u201cO armazenamento tende a ser aplicado em todo o pa\u00eds, mas o Nordeste tem destaque, com seus grandes parques e\u00f3licos e fotovoltaicos \u2013 que hoje sofrem com os cortes de gera\u00e7\u00e3o, assim como na utiliza\u00e7\u00e3o no agroneg\u00f3cio \u2013, em sistemas de menor porte. A Amaz\u00f4nia j\u00e1 tem visto o avan\u00e7o do armazenamento nos sistemas isolados e nas comunidades ribeirinhas associado \u00e0 gera\u00e7\u00e3o solar\u201d, conta o executivo.<\/p>\n<p>Esses equipamentos t\u00eam a capacidade de armazenar a energia gerada durante o dia, principalmente nos momentos de maior incid\u00eancia de ventos e raios solares, para usar quando esses recursos n\u00e3o est\u00e3o dispon\u00edveis, como durante a noite. Nos c\u00e1lculos da entidade, esse mercado pode faturar R$70 bilh\u00f5es at\u00e9 2034. Al\u00e9m do agroneg\u00f3cio, outras atividades de grande porte, como ind\u00fastrias intensivas, centros comerciais e at\u00e9 hospitais, podem se tornar consumidores desses itens e beneficiar toda a popula\u00e7\u00e3o.<\/p>\n<p>\u201cO armazenamento de energia em baterias permite aproveitar energia el\u00e9trica renov\u00e1vel e abundante, principalmente de fontes e\u00f3lica e solar fotovoltaica, evitando seu desperd\u00edcio, que prejudica os geradores, e utiliz\u00e1-la nos hor\u00e1rios de pico, reduzindo o acionamento de fontes mais caras, como usinas termoel\u00e9tricas\u201d, afirma o diretor da institui\u00e7\u00e3o.<\/p>\n<p>\u00a0<\/p>\n<h2>Leil\u00e3o 2026<\/h2>\n<p>Durante a COP 30, em Bel\u00e9m do Par\u00e1, o ministro de Minas e Energia, Alexandre Silveira, anunciou para abril deste ano o primeiro leil\u00e3o de reserva de capacidade em sistemas de armazenamento de energia por baterias. A partir dele, o governo vai autorizar empresas do ramo energ\u00e9tico a armazenar e fornecer energia el\u00e9trica a partir de baterias qu\u00edmicas.<\/p>\n<p>Segundo a portaria com as regras do certame, os sistemas devem realizar a recarga completa em at\u00e9 seis horas, com disponibilidade de pot\u00eancia m\u00e1xima de quatro horas di\u00e1rias e acima de 30 megawatts (MW). O in\u00edcio da opera\u00e7\u00e3o est\u00e1 definido para agosto de 2028 e ter\u00e1 prazo de dez anos. A previs\u00e3o \u00e9 que o montante contratado seja de 2 GW.<\/p>\n<h2>Transi\u00e7\u00e3o energ\u00e9tica<\/h2>\n<p>O mercado de baterias \u00e9 visto como a pr\u00f3xima fronteira do setor el\u00e9trico brasileiro. Grandes empresas, nacionais e multinacionais, j\u00e1 demonstraram interesse em participar do leil\u00e3o e tamb\u00e9m de entrar na livre concorr\u00eancia no pa\u00eds, incluindo a <a href=\"https:\/\/petrobras.com.br\/\" target=\"_blank\" rel=\"noopener\">Petrobras<\/a>.<\/p>\n<p>O desenvolvimento desse ramo pode ajudar a consolidar o Brasil como l\u00edder na transi\u00e7\u00e3o energ\u00e9tica. Atualmente, 91,2% de toda a eletricidade produzida no pa\u00eds vem de fontes renov\u00e1veis, como usinas hidrel\u00e9tricas, e\u00f3licas, solares e de biomassa, segundo a <a href=\"https:\/\/www.ccee.org.br\/\" target=\"_blank\" rel=\"noopener\">C\u00e2mara de Comercializa\u00e7\u00e3o de Energia El\u00e9trica (CCEE)<\/a>.<\/p>\n<p>\t\t\t\t\t\t\t\t\t<img decoding=\"async\" src=\"https:\/\/brasil61.com\/api\/v1\/serve_pixel\/22254\/86852\" alt=\"Pixel Brasil 61\" class=\"b61_pixel\" width=\"0\" height=\"0\"><\/p>\n<div class=\"br61_backlink\">\n<p>\n\t\t\t\tFonte: <a href=\"https:\/\/brasil61.com\/baterias-podem-impulsionar-mercado-de-energias-renovaveis-em-mais-de-r-70-bilhoes-bras2615497\" title=\"Artigo Original: Baterias podem impulsionar mercado de energias renov\u00e1veis em mais de R$ 70 bilh\u00f5es\" target=\"_blank\" rel=\"noopener\">Brasil 61<\/a>\n\t\t\t<\/p>\n<\/p><\/div>\n<input type=\"hidden\" id=\"baseurl\" value=\"https:\/\/noticiasregionais.com.br\"><input type=\"hidden\" id=\"audio_nonce\" value=\"5c13e0637f\">","protected":false},"excerpt":{"rendered":"<p>Estimativa da Associa\u00e7\u00e3o Brasileira de Solu\u00e7\u00f5es de Armazenamento de Energia (Absae) leva em conta movimenta\u00e7\u00e3o nos pr\u00f3ximos 9 anos<\/p>\n","protected":false},"author":1,"featured_media":12089,"comment_status":"closed","ping_status":"open","sticky":false,"template":"","format":"standard","meta":{"sfsi_plus_gutenberg_text_before_share":"","sfsi_plus_gutenberg_show_text_before_share":"","sfsi_plus_gutenberg_icon_type":"","sfsi_plus_gutenberg_icon_alignemt":"","sfsi_plus_gutenburg_max_per_row":"","footnotes":""},"categories":[8],"tags":[],"class_list":["post-12082","post","type-post","status-publish","format-standard","has-post-thumbnail","hentry","category-brasil"],"_links":{"self":[{"href":"https:\/\/noticiasregionais.com.br\/index.php?rest_route=\/wp\/v2\/posts\/12082","targetHints":{"allow":["GET"]}}],"collection":[{"href":"https:\/\/noticiasregionais.com.br\/index.php?rest_route=\/wp\/v2\/posts"}],"about":[{"href":"https:\/\/noticiasregionais.com.br\/index.php?rest_route=\/wp\/v2\/types\/post"}],"author":[{"embeddable":true,"href":"https:\/\/noticiasregionais.com.br\/index.php?rest_route=\/wp\/v2\/users\/1"}],"replies":[{"embeddable":true,"href":"https:\/\/noticiasregionais.com.br\/index.php?rest_route=%2Fwp%2Fv2%2Fcomments&post=12082"}],"version-history":[{"count":1,"href":"https:\/\/noticiasregionais.com.br\/index.php?rest_route=\/wp\/v2\/posts\/12082\/revisions"}],"predecessor-version":[{"id":12088,"href":"https:\/\/noticiasregionais.com.br\/index.php?rest_route=\/wp\/v2\/posts\/12082\/revisions\/12088"}],"wp:featuredmedia":[{"embeddable":true,"href":"https:\/\/noticiasregionais.com.br\/index.php?rest_route=\/wp\/v2\/media\/12089"}],"wp:attachment":[{"href":"https:\/\/noticiasregionais.com.br\/index.php?rest_route=%2Fwp%2Fv2%2Fmedia&parent=12082"}],"wp:term":[{"taxonomy":"category","embeddable":true,"href":"https:\/\/noticiasregionais.com.br\/index.php?rest_route=%2Fwp%2Fv2%2Fcategories&post=12082"},{"taxonomy":"post_tag","embeddable":true,"href":"https:\/\/noticiasregionais.com.br\/index.php?rest_route=%2Fwp%2Fv2%2Ftags&post=12082"}],"curies":[{"name":"wp","href":"https:\/\/api.w.org\/{rel}","templated":true}]}}