{"id":12084,"date":"2026-01-06T04:30:00","date_gmt":"2026-01-06T07:30:00","guid":{"rendered":"https:\/\/noticiasregionais.com.br\/?p=12084"},"modified":"2026-01-07T21:31:31","modified_gmt":"2026-01-08T00:31:31","slug":"aberto-o-prazo-para-preenchimento-do-censo-suas-2025","status":"publish","type":"post","link":"https:\/\/noticiasregionais.com.br\/?p=12084","title":{"rendered":"Aberto o prazo para preenchimento do Censo Suas 2025"},"content":{"rendered":"<p>\t\t\t\t\t\t\t\t\t\t<audio controls class=\"b61_audio_player\" data-noticia=\"86841\" src=\"https:\/\/brasil61.com\/rails\/active_storage\/blobs\/eyJfcmFpbHMiOnsibWVzc2FnZSI6IkJBaHBBNGplQXc9PSIsImV4cCI6bnVsbCwicHVyIjoiYmxvYl9pZCJ9fQ==--a2f7643e5d6d1b0072db53a8d03efbc9ac7ded0f\/BRAS2615492A\"><\/audio><\/p>\n<p>O <a href=\"https:\/\/censo-suas.mds.gov.br\/censocidadania\/index.php\" target=\"_blank\" rel=\"noopener\">Censo do Sistema \u00danico de Assist\u00eancia Social (Suas) 2025<\/a>, que permite identificar as principais<strong> demandas dos munic\u00edpios<\/strong>, j\u00e1 pode ser preenchido pelas prefeituras. A<a href=\"https:\/\/cnm.org.br\/\" target=\"_blank\" rel=\"noopener\"> Confedera\u00e7\u00e3o Nacional de Munic\u00edpios (CNM)<\/a> alerta os gestores municipais para a import\u00e2ncia do preenchimento, tendo em vista que<strong> o prazo vai at\u00e9 dia 27 de fevereiro.<\/strong><\/p>\n<p>O Censo Suas tamb\u00e9m <strong>possibilita a identifica\u00e7\u00e3o da rede de servi\u00e7os socioassistenciais em funcionamento no pa\u00eds<\/strong>. As informa\u00e7\u00f5es coletadas subsidiam o trabalho dos gestores locais na elabora\u00e7\u00e3o de diagn\u00f3sticos socioterritoriais e de instrumentos de planejamento, como o Plano Plurianual (PPA) e o Plano Municipal de Assist\u00eancia Social.<\/p>\n<p>O levantamento apoia os Conselhos de Assist\u00eancia Social a monitorar e avaliar a execu\u00e7\u00e3o da Pol\u00edtica de Assist\u00eancia Social. O Censo tamb\u00e9m tem o papel de auxiliar na identifica\u00e7\u00e3o dos avan\u00e7os e desafios do sistema. Conforme a CNM, as medidas garantem a transpar\u00eancia e a presta\u00e7\u00e3o de contas.\u00a0<\/p>\n<p>A aus\u00eancia de resposta ao question\u00e1rio pode acarretar penalidades aos munic\u00edpios. Entre as consequ\u00eancias est\u00e3o a suspens\u00e3o do repasse de recursos federais, com impacto direto na continuidade dos servi\u00e7os socioassistenciais.<\/p>\n<h2>Como preencher o Censo Suas?<\/h2>\n<p><strong>O preenchimento deve ser realizado por meio de login e senha do gov.br. <\/strong>\u00a0O perfil do respons\u00e1vel pelo preenchimento deve estar atualizado no Sistema de Autentica\u00e7\u00e3o e Autoriza\u00e7\u00e3o (SAA).\u00a0<\/p>\n<p>Conforme a CNM, os <strong>campos referentes \u00e0 Gest\u00e3o Municipal e \u00e0 Gest\u00e3o Estadual seguem fechados para preenchimento. <\/strong>A recomenda\u00e7\u00e3o da Confedera\u00e7\u00e3o \u00e9 de que os gestores n\u00e3o deixem o envio das informa\u00e7\u00f5es para \u00faltima hora, com vistas a evitar inconsist\u00eancias e poss\u00edveis preju\u00edzos \u00e0 gest\u00e3o municipal.<\/p>\n<p><strong>Confira os question\u00e1rios dispon\u00edveis para preenchimento:<\/strong><\/p>\n<ul>\n<li>Centro de Refer\u00eancia de Assist\u00eancia Social (CRA)<\/li>\n<li>Centro de Conviv\u00eancia<\/li>\n<li>Centro de Refer\u00eancia Especializado de Assist\u00eancia Social (Creas) &#8211; (municipal e regional)<\/li>\n<li>Centro POP<\/li>\n<li>Posto de Cadastramento<\/li>\n<li>Centro DIA e similares<\/li>\n<li>Fam\u00edlia Acolhedora<\/li>\n<li>Unidade de Acolhimento municipal<\/li>\n<li>Fundo Municipal de Assist\u00eancia<\/li>\n<li>Conselho (municipal e estadual)<\/li>\n<li>Fundo Estadual<\/li>\n<li>Unidade de Acolhimento Estadual<\/li>\n<\/ul>\n<p>A Secretaria Nacional de Assist\u00eancia Social (SNAS), do Minist\u00e9rio do Desenvolvimento, Assist\u00eancia Social, Fam\u00edlia e Combate \u00e0 Fome (MDS), publicou um<a href=\"https:\/\/blog.mds.gov.br\/redesuas\/wp-content\/uploads\/2025\/12\/CENSO-SUAS-2025-PREENCHIMENTO-PASSO-A-PASSO-2025.pdf\" target=\"_blank\" rel=\"noopener\"> passo a passo <\/a>para orientar os t\u00e9cnicos e gestores a preencher o Censo Suas.<\/p>\n<p>Os gestores que tiverem <strong>d\u00favidas <\/strong>sobre o conte\u00fado do question\u00e1rio devem entrar em contato pelo e-mail vigilanciasocial@mds.gov.br ou pelos telefones (61) 2030-3300 e (61) 2030-3376.\u00a0<\/p>\n<p>J\u00e1 as d\u00favidas sobre acesso, perfil ou senhas podem ser enviadas por meio do <a href=\"https:\/\/disquesocial.mds.gov.br\/lowcode\/public\/form\/formulario_eletronico_faas\/\" target=\"_blank\" rel=\"noopener\">Formul\u00e1rio Eletr\u00f4nico<\/a> ou pelo <a href=\"https:\/\/falemds.centralit.com.br\/atendimento\/chatmds\/index.html\" target=\"_blank\" rel=\"noopener\">chat<\/a>.<\/p>\n<p>\n\u00a0<\/p>\n<p>\t\t\t\t\t\t\t\t\t<img decoding=\"async\" src=\"https:\/\/brasil61.com\/api\/v1\/serve_pixel\/22254\/86841\" alt=\"Pixel Brasil 61\" class=\"b61_pixel\" width=\"0\" height=\"0\"><\/p>\n<div class=\"br61_backlink\">\n<p>\n\t\t\t\tFonte: <a href=\"https:\/\/brasil61.com\/aberto-o-prazo-para-preenchimento-do-censo-suas-2025-bras2615492\" title=\"Artigo Original: Aberto o prazo para preenchimento do Censo Suas 2025\" target=\"_blank\" rel=\"noopener\">Brasil 61<\/a>\n\t\t\t<\/p>\n<\/p><\/div>\n<input type=\"hidden\" id=\"baseurl\" value=\"https:\/\/noticiasregionais.com.br\"><input type=\"hidden\" id=\"audio_nonce\" value=\"533fbb67b1\">","protected":false},"excerpt":{"rendered":"<p>Question\u00e1rio deve ser enviado at\u00e9 27 de fevereiro para evitar suspens\u00e3o de recursos federais<\/p>\n","protected":false},"author":1,"featured_media":12119,"comment_status":"closed","ping_status":"open","sticky":false,"template":"","format":"standard","meta":{"sfsi_plus_gutenberg_text_before_share":"","sfsi_plus_gutenberg_show_text_before_share":"","sfsi_plus_gutenberg_icon_type":"","sfsi_plus_gutenberg_icon_alignemt":"","sfsi_plus_gutenburg_max_per_row":"","footnotes":""},"categories":[8],"tags":[],"class_list":["post-12084","post","type-post","status-publish","format-standard","has-post-thumbnail","hentry","category-brasil"],"_links":{"self":[{"href":"https:\/\/noticiasregionais.com.br\/index.php?rest_route=\/wp\/v2\/posts\/12084","targetHints":{"allow":["GET"]}}],"collection":[{"href":"https:\/\/noticiasregionais.com.br\/index.php?rest_route=\/wp\/v2\/posts"}],"about":[{"href":"https:\/\/noticiasregionais.com.br\/index.php?rest_route=\/wp\/v2\/types\/post"}],"author":[{"embeddable":true,"href":"https:\/\/noticiasregionais.com.br\/index.php?rest_route=\/wp\/v2\/users\/1"}],"replies":[{"embeddable":true,"href":"https:\/\/noticiasregionais.com.br\/index.php?rest_route=%2Fwp%2Fv2%2Fcomments&post=12084"}],"version-history":[{"count":1,"href":"https:\/\/noticiasregionais.com.br\/index.php?rest_route=\/wp\/v2\/posts\/12084\/revisions"}],"predecessor-version":[{"id":12118,"href":"https:\/\/noticiasregionais.com.br\/index.php?rest_route=\/wp\/v2\/posts\/12084\/revisions\/12118"}],"wp:featuredmedia":[{"embeddable":true,"href":"https:\/\/noticiasregionais.com.br\/index.php?rest_route=\/wp\/v2\/media\/12119"}],"wp:attachment":[{"href":"https:\/\/noticiasregionais.com.br\/index.php?rest_route=%2Fwp%2Fv2%2Fmedia&parent=12084"}],"wp:term":[{"taxonomy":"category","embeddable":true,"href":"https:\/\/noticiasregionais.com.br\/index.php?rest_route=%2Fwp%2Fv2%2Fcategories&post=12084"},{"taxonomy":"post_tag","embeddable":true,"href":"https:\/\/noticiasregionais.com.br\/index.php?rest_route=%2Fwp%2Fv2%2Ftags&post=12084"}],"curies":[{"name":"wp","href":"https:\/\/api.w.org\/{rel}","templated":true}]}}