{"id":12086,"date":"2026-01-06T04:30:00","date_gmt":"2026-01-06T07:30:00","guid":{"rendered":"https:\/\/noticiasregionais.com.br\/?p=12086"},"modified":"2026-01-07T21:31:34","modified_gmt":"2026-01-08T00:31:34","slug":"piso-previdenciario-passa-a-ser-de-r-1-621-e-comeca-a-ser-pago-dia-26-de-janeiro","status":"publish","type":"post","link":"https:\/\/noticiasregionais.com.br\/?p=12086","title":{"rendered":"Piso previdenci\u00e1rio passa a ser de R$ 1.621 e come\u00e7a a ser pago dia 26 de janeiro"},"content":{"rendered":"<p>\t\t\t\t\t\t\t\t\t\t<audio controls class=\"b61_audio_player\" data-noticia=\"86847\" src=\"https:\/\/brasil61.com\/rails\/active_storage\/blobs\/eyJfcmFpbHMiOnsibWVzc2FnZSI6IkJBaHBBNG5lQXc9PSIsImV4cCI6bnVsbCwicHVyIjoiYmxvYl9pZCJ9fQ==--f785852f09f286b598ae05f344a859e5ab184440\/BRAS2615491A\"><\/audio><\/p>\n<p>O piso previdenci\u00e1rio do <a href=\"https:\/\/www.gov.br\/inss\/pt-br\" target=\"_blank\" rel=\"noopener\">Instituto Nacional do Seguro Social (INSS)<\/a> foi reajustado para <strong>R$ 1.621,00 em 2026<\/strong>, atingindo todos os benefici\u00e1rios que recebem at\u00e9 um sal\u00e1rio m\u00ednimo. Os pagamentos com o novo valor ser\u00e3o realizados<strong> a partir do dia 26 de janeiro e devem impactar 21,9 milh\u00f5es de benef\u00edcios<\/strong>. O <strong>reajuste foi de 6,79% <\/strong>e passou a valer em 1\u00b0 de janeiro.<\/p>\n<p>Conforme o Minist\u00e9rio da Previd\u00eancia Social, o<strong> impacto total do novo valor em 2026 ser\u00e1 de cerca de R$ 30,7 bilh\u00f5es.<\/strong> A pasta tamb\u00e9m informou, em nota, que o impacto por cada real de aumento no valor do sal\u00e1rio-m\u00ednimo este ano \u00e9 de R$ 298,124 milh\u00f5es. O c\u00e1lculo leva em conta apenas os benef\u00edcios do Fundo do Regime Geral de Previd\u00eancia Social (FRGPS), ou seja, n\u00e3o inclui benef\u00edcios assistenciais, como o BPC\/LOAS.<\/p>\n<p>O aumento do piso previdenci\u00e1rio n\u00e3o altera os valores dos benef\u00edcios acima do m\u00ednimo. Esses benef\u00edcios ser\u00e3o reajustados seguindo a varia\u00e7\u00e3o do \u00cdndice Nacional de Pre\u00e7os ao Consumidor (INPC) entre dezembro de 2024 e dezembro de 2025. O INPC de dezembro ser\u00e1 divulgado pelo IBGE na pr\u00f3xima sexta-feira (9).<\/p>\n<p>Al\u00e9m disso, os segurados que se aposentaram ou come\u00e7aram a receber pens\u00e3o ou aux\u00edlio ao longo do ano passado ter\u00e3o uma corre\u00e7\u00e3o que corresponder\u00e1 \u00e0 varia\u00e7\u00e3o do INPC entre o m\u00eas da concess\u00e3o do benef\u00edcio at\u00e9 o fim do ano &#8211; proporcional ao n\u00famero de meses em que o benef\u00edcio foi concedido.<\/p>\n<h2>Como consultar os valores do benef\u00edcio?<\/h2>\n<p>Os pagamentos ser\u00e3o realizados a partir de 26 de janeiro e v\u00e3o at\u00e9 o dia 6 de fevereiro. O <a href=\"https:\/\/www.gov.br\/inss\/pt-br\/assuntos\/calendario-de-pagamentos-do-inss-de-2026-esta-disponivel\" target=\"_blank\" rel=\"noopener\">calend\u00e1rio de pagamentos do INSS<\/a> considera o n\u00famero final do cart\u00e3o de benef\u00edcio, sem considerar o \u00faltimo d\u00edgito verificador, que aparece depois do tra\u00e7o. A tabela est\u00e1 dispon\u00edvel no site oficial do INSS em:<a href=\"https:\/\/www.gov.br\/inss\/pt-br\" target=\"_blank\" rel=\"noopener\"> www.gov.br\/inss.<\/a><\/p>\n<p>Os segurados que t\u00eam acesso \u00e0 Internet podem acessar o<strong> aplicativo Meu INSS ou o site Meu INSS<\/strong> (<a href=\"https:\/\/meu.inss.gov.br\/#\/login\" target=\"_blank\" rel=\"noopener\">https:\/\/meu.inss.gov.br\/<\/a>). Ap\u00f3s fazer o login, na tela inicial, clique no servi\u00e7o de &#8220;Extrato de Pagamento&#8221;. Al\u00e9m do extrato, \u00e9 poss\u00edvel acessar todos os detalhes sobre o pagamento do benef\u00edcio.<\/p>\n<p><strong>Aqueles que n\u00e3o t\u00eam acesso \u00e0 internet podem ligar para a Central 135.\u00a0<\/strong><\/p>\n<p>\n\u00a0<\/p>\n<p>\t\t\t\t\t\t\t\t\t<img decoding=\"async\" src=\"https:\/\/brasil61.com\/api\/v1\/serve_pixel\/22254\/86847\" alt=\"Pixel Brasil 61\" class=\"b61_pixel\" width=\"0\" height=\"0\"><\/p>\n<div class=\"br61_backlink\">\n<p>\n\t\t\t\tFonte: <a href=\"https:\/\/brasil61.com\/piso-previdenciario-passa-a-ser-de-r-1-621-e-comeca-a-ser-pago-dia-26-de-janeiro-bras2615491\" title=\"Artigo Original: Piso previdenci\u00e1rio passa a ser de R$ 1.621 e come\u00e7a a ser pago dia 26 de janeiro\" target=\"_blank\" rel=\"noopener\">Brasil 61<\/a>\n\t\t\t<\/p>\n<\/p><\/div>\n<input type=\"hidden\" id=\"baseurl\" value=\"https:\/\/noticiasregionais.com.br\"><input type=\"hidden\" id=\"audio_nonce\" value=\"533fbb67b1\">","protected":false},"excerpt":{"rendered":"<p>Valor m\u00ednimo dos benef\u00edcios pagos pelo Instituto Nacional do Seguro Social (INSS) teve reajuste de 6,79%<\/p>\n","protected":false},"author":1,"featured_media":12121,"comment_status":"closed","ping_status":"open","sticky":false,"template":"","format":"standard","meta":{"sfsi_plus_gutenberg_text_before_share":"","sfsi_plus_gutenberg_show_text_before_share":"","sfsi_plus_gutenberg_icon_type":"","sfsi_plus_gutenberg_icon_alignemt":"","sfsi_plus_gutenburg_max_per_row":"","footnotes":""},"categories":[8],"tags":[],"class_list":["post-12086","post","type-post","status-publish","format-standard","has-post-thumbnail","hentry","category-brasil"],"_links":{"self":[{"href":"https:\/\/noticiasregionais.com.br\/index.php?rest_route=\/wp\/v2\/posts\/12086","targetHints":{"allow":["GET"]}}],"collection":[{"href":"https:\/\/noticiasregionais.com.br\/index.php?rest_route=\/wp\/v2\/posts"}],"about":[{"href":"https:\/\/noticiasregionais.com.br\/index.php?rest_route=\/wp\/v2\/types\/post"}],"author":[{"embeddable":true,"href":"https:\/\/noticiasregionais.com.br\/index.php?rest_route=\/wp\/v2\/users\/1"}],"replies":[{"embeddable":true,"href":"https:\/\/noticiasregionais.com.br\/index.php?rest_route=%2Fwp%2Fv2%2Fcomments&post=12086"}],"version-history":[{"count":1,"href":"https:\/\/noticiasregionais.com.br\/index.php?rest_route=\/wp\/v2\/posts\/12086\/revisions"}],"predecessor-version":[{"id":12120,"href":"https:\/\/noticiasregionais.com.br\/index.php?rest_route=\/wp\/v2\/posts\/12086\/revisions\/12120"}],"wp:featuredmedia":[{"embeddable":true,"href":"https:\/\/noticiasregionais.com.br\/index.php?rest_route=\/wp\/v2\/media\/12121"}],"wp:attachment":[{"href":"https:\/\/noticiasregionais.com.br\/index.php?rest_route=%2Fwp%2Fv2%2Fmedia&parent=12086"}],"wp:term":[{"taxonomy":"category","embeddable":true,"href":"https:\/\/noticiasregionais.com.br\/index.php?rest_route=%2Fwp%2Fv2%2Fcategories&post=12086"},{"taxonomy":"post_tag","embeddable":true,"href":"https:\/\/noticiasregionais.com.br\/index.php?rest_route=%2Fwp%2Fv2%2Ftags&post=12086"}],"curies":[{"name":"wp","href":"https:\/\/api.w.org\/{rel}","templated":true}]}}