{"id":12094,"date":"2026-01-07T04:25:00","date_gmt":"2026-01-07T07:25:00","guid":{"rendered":"https:\/\/noticiasregionais.com.br\/?p=12094"},"modified":"2026-01-07T04:25:00","modified_gmt":"2026-01-07T07:25:00","slug":"prazo-para-adesao-ao-paa-termina-em-19-de-janeiro-para-municipios-do-norte-e-nordeste","status":"publish","type":"post","link":"https:\/\/noticiasregionais.com.br\/?p=12094","title":{"rendered":"Prazo para ades\u00e3o ao PAA termina em 19 de janeiro para munic\u00edpios do Norte e Nordeste"},"content":{"rendered":"<p>\t\t\t\t\t\t\t\t\t\t\t<audio controls class=\"b61_audio_player\" data-noticia=\"86866\" src=\"https:\/\/brasil61.com\/rails\/active_storage\/blobs\/eyJfcmFpbHMiOnsibWVzc2FnZSI6IkJBaHBBN0xlQXc9PSIsImV4cCI6bnVsbCwicHVyIjoiYmxvYl9pZCJ9fQ==--106e2bed292a2bc0ace0c04b97b87859c255248a\/BRAS2615500A\"><\/audio><\/p>\n<p>Os<strong> munic\u00edpios das regi\u00f5es Norte e Nordeste do pa\u00eds t\u00eam at\u00e9 o dia 19 de janeiro para manifestar interesse em executar o <a href=\"https:\/\/www.gov.br\/secom\/pt-br\/acesso-a-informacao\/comunicabr\/lista-de-acoes-e-programas\/programa-de-aquisicao-de-alimentos-paa\" target=\"_blank\" rel=\"noopener\">Programa de Aquisi\u00e7\u00e3o de Alimentos (PAA)<\/a>.<\/strong> O aceite das metas deve ser realizado pelo Sistema de Informa\u00e7\u00e3o e Gest\u00e3o do PAA (SISPAA). A <a href=\"http:\/\/in.gov.br\/en\/web\/dou\/-\/portaria-n-235-de-19-de-dezembro-de-2025-677656616\" target=\"_blank\" rel=\"noopener\">Portaria 235\/2025<\/a>, publicada no Di\u00e1rio Oficial da Uni\u00e3o (DOU), estabelece as metas, limites financeiros, prazos e requisitos para a execu\u00e7\u00e3o do PAA.<\/p>\n<p>Os itens estabelecidos consideram a modalidade Compra com Doa\u00e7\u00e3o Simult\u00e2nea, por meio do Termo de Ades\u00e3o.<\/p>\n<p>A <strong>orienta\u00e7\u00e3o da <a href=\"https:\/\/cnm.org.br\/\" target=\"_blank\" rel=\"noopener\">Confedera\u00e7\u00e3o Nacional de Munic\u00edpios (CNM)<\/a> \u00e9 de que os gestores verifiquem a lista de munic\u00edpios selecionados com aten\u00e7\u00e3o.<\/strong> O objetivo \u00e9 confirmar a habilita\u00e7\u00e3o e avaliar a viabilidade do cumprimento das metas propostas.\u00a0<\/p>\n<p><strong>Entre os munic\u00edpios classificados por Unidade Federativa (UF) est\u00e3o: Pau Brasil (BA), Ros\u00e1rio (MA), Parauapebas (PA), Livramento (PB) e Brejinho (PE). A lista completa de cidades habilitadas pode ser consultada na <a href=\"https:\/\/www.in.gov.br\/en\/web\/dou\/-\/portaria-n-235-de-19-de-dezembro-de-2025-677656616\" target=\"_blank\" rel=\"noopener\">Portaria 235\/2025<\/a> do Minist\u00e9rio do Desenvolvimento e Assist\u00eancia Social, Fam\u00edlia e Combate \u00e0 Fome.<\/strong><\/p>\n<p>Ap\u00f3s o aceite, as <strong>cidades t\u00eam um prazo de at\u00e9 90 dias para cadastrar a proposta no sistema <\/strong>\u2013 per\u00edodo que poder\u00e1 ser prorrogado por mais 60 dias mediante justificativa. A aquisi\u00e7\u00e3o dos alimentos s\u00f3 poder\u00e1 come\u00e7ar ap\u00f3s a aprova\u00e7\u00e3o da proposta pela Secretaria Nacional de Seguran\u00e7a Alimentar e Nutricional (Sesan) e a emiss\u00e3o dos cart\u00f5es banc\u00e1rios dos benefici\u00e1rios fornecedores.\u00a0<\/p>\n<h2>An\u00e1lise criteriosa de gestores<\/h2>\n<p>Em nota, a CNM \u00a0destacou a<strong> import\u00e2ncia do PAA como mecanismo de enfrentamento \u00e0 inseguran\u00e7a alimentar e nutricional dos munic\u00edpios.<\/strong> No entanto, refor\u00e7a que <strong>gestores devem avaliar criteriosamente as condi\u00e7\u00f5es t\u00e9cnicas e administrativas locais e o cumprimento das exig\u00eancias estabelecidas para a execu\u00e7\u00e3o do programa.<\/strong><\/p>\n<p>A Confedera\u00e7\u00e3o defende que o<strong> cuidado garante que os recursos sejam assegurados para a manuten\u00e7\u00e3o dos valores pactuados e evita\u00a0poss\u00edveis remanejamentos.\u00a0<\/strong><\/p>\n<p>Al\u00e9m disso, a entidade orienta, ainda, que os munic\u00edpios\u00a0observem os prazos de aceite e de cadastramento das propostas no SISPAA, bem como realizem, antes da formaliza\u00e7\u00e3o do aceite, a an\u00e1lise detalhada das metas previstas no plano operacional a serem pactuadas. A ideia \u00e9 garantir a execu\u00e7\u00e3o adequada do programa.\u00a0<\/p>\n<h2>Portaria<\/h2>\n<p>A <strong>Portaria estabelece metas e limites financeiros para a implementa\u00e7\u00e3o do programa pelo per\u00edodo de 12 meses aos entes federativos relacionados. <\/strong>O per\u00edodo \u00e9 contado a partir da pactua\u00e7\u00e3o, com possibilidade de prorroga\u00e7\u00e3o por igual per\u00edodo. A prorroga\u00e7\u00e3o fica condicionada ao\u00a0desempenho da Unidade Executora.\u00a0<\/p>\n<p>Os munic\u00edpios habilitados, listados nos Anexos I e II da Portaria, foram pontuados e classificados com base em crit\u00e9rios estabelecidos pelo Grupo Gestor do PAA (GGPAA).<\/p>\n<p>A <strong>classifica\u00e7\u00e3o considerou indicadores como pobreza, inseguran\u00e7a alimentar e nutricional, presen\u00e7a de povos ind\u00edgenas e comunidades quilombolas, al\u00e9m da quantidade de estabelecimentos da agricultura familiar.\u00a0<\/strong><\/p>\n<p>Os crit\u00e9rios foram utilizados para definir as metas de execu\u00e7\u00e3o, considerando o limite financeiro estadual dividido pelo limite anual por unidade familiar \u2013 resultando no n\u00famero m\u00ednimo de benefici\u00e1rios fornecedores.<\/p>\n<p>Entre as metas espec\u00edficas de participa\u00e7\u00e3o estabelecidas pela Portaria est\u00e3o a previs\u00e3o do percentual m\u00ednimo de<strong> 50% de mulheres<\/strong>, a inclus\u00e3o de outros p\u00fablicos priorit\u00e1rios previstos na legisla\u00e7\u00e3o e o <strong>percentual m\u00ednimo de 60% de fornecedores inscritos no Cadastro \u00danico (Cad\u00danico).\u00a0<\/strong><\/p>\n<p>A publica\u00e7\u00e3o define, ainda, os limites financeiros de pagamentos a fornecedores pelo governo federal e o n\u00famero m\u00ednimo de benefici\u00e1rios fornecedores.\u00a0<\/p>\n<h2>Remanejamento dos recursos<\/h2>\n<p><strong>Caso o munic\u00edpio n\u00e3o manifeste o aceite no prazo poder\u00e1 sofrer consequ\u00eancias, como o remanejamento dos recursos para outros entes federativos aptos, dando prefer\u00eancia \u00e0 mesma regi\u00e3o.\u00a0<\/strong><\/p>\n<p>A responsabilidade de monitorar a execu\u00e7\u00e3o e o cumprimento das metas pactuadas ficar\u00e1 a cargo da Sesan. Caso o percentual de execu\u00e7\u00e3o seja abaixo de 50% ao final de 12 meses, os recursos poder\u00e3o ser repactuados e remanejados para munic\u00edpios com melhor desempenho no \u00e2mbito da mesma Portaria.<\/p>\n<h2>PAA<\/h2>\n<p>O <a href=\"https:\/\/www.gov.br\/secom\/pt-br\/acesso-a-informacao\/comunicabr\/lista-de-acoes-e-programas\/programa-de-aquisicao-de-alimentos-paa\" target=\"_blank\" rel=\"noopener\">Programa de Aquisi\u00e7\u00e3o de Alimentos (PAA) <\/a>faz a compra direta de alimentos de agricultores familiares e os destina a pessoas em situa\u00e7\u00e3o de inseguran\u00e7a alimentar e nutricional.\u00a0<br \/>\n\u00a0<\/p>\n<p>\t\t\t\t\t\t\t\t\t\t<img decoding=\"async\" src=\"https:\/\/brasil61.com\/api\/v1\/serve_pixel\/22254\/86866\" alt=\"Pixel Brasil 61\" class=\"b61_pixel\" width=\"0\" height=\"0\"><\/p>\n<div class=\"br61_backlink\">\n<p>\n\t\t\t\tFonte: <a href=\"https:\/\/brasil61.com\/prazo-para-adesao-ao-paa-termina-em-19-de-janeiro-para-municipios-do-norte-e-nordeste-bras2615500\" title=\"Artigo Original: Prazo para ades\u00e3o ao PAA termina em 19 de janeiro para munic\u00edpios do Norte e Nordeste\" target=\"_blank\" rel=\"noopener\">Brasil 61<\/a>\n\t\t\t<\/p>\n<\/p><\/div>\n<input type=\"hidden\" id=\"baseurl\" value=\"https:\/\/noticiasregionais.com.br\"><input type=\"hidden\" id=\"audio_nonce\" value=\"5c13e0637f\">","protected":false},"excerpt":{"rendered":"<p>O aceite ao Programa de Aquisi\u00e7\u00e3o de Alimentos (PAA) deve ser realizado obrigatoriamente pelo Sistema de Informa\u00e7\u00e3o e Gest\u00e3o do PAA (SISPAA); Portaria 235\/2025, publicada no Di\u00e1rio Oficial da Uni\u00e3o (DOU), estabelece metas<\/p>\n","protected":false},"author":1,"featured_media":12095,"comment_status":"","ping_status":"open","sticky":false,"template":"","format":"standard","meta":{"sfsi_plus_gutenberg_text_before_share":"","sfsi_plus_gutenberg_show_text_before_share":"","sfsi_plus_gutenberg_icon_type":"","sfsi_plus_gutenberg_icon_alignemt":"","sfsi_plus_gutenburg_max_per_row":"","footnotes":""},"categories":[8],"tags":[],"class_list":["post-12094","post","type-post","status-publish","format-standard","has-post-thumbnail","hentry","category-brasil"],"_links":{"self":[{"href":"https:\/\/noticiasregionais.com.br\/index.php?rest_route=\/wp\/v2\/posts\/12094","targetHints":{"allow":["GET"]}}],"collection":[{"href":"https:\/\/noticiasregionais.com.br\/index.php?rest_route=\/wp\/v2\/posts"}],"about":[{"href":"https:\/\/noticiasregionais.com.br\/index.php?rest_route=\/wp\/v2\/types\/post"}],"author":[{"embeddable":true,"href":"https:\/\/noticiasregionais.com.br\/index.php?rest_route=\/wp\/v2\/users\/1"}],"replies":[{"embeddable":true,"href":"https:\/\/noticiasregionais.com.br\/index.php?rest_route=%2Fwp%2Fv2%2Fcomments&post=12094"}],"version-history":[{"count":0,"href":"https:\/\/noticiasregionais.com.br\/index.php?rest_route=\/wp\/v2\/posts\/12094\/revisions"}],"wp:featuredmedia":[{"embeddable":true,"href":"https:\/\/noticiasregionais.com.br\/index.php?rest_route=\/wp\/v2\/media\/12095"}],"wp:attachment":[{"href":"https:\/\/noticiasregionais.com.br\/index.php?rest_route=%2Fwp%2Fv2%2Fmedia&parent=12094"}],"wp:term":[{"taxonomy":"category","embeddable":true,"href":"https:\/\/noticiasregionais.com.br\/index.php?rest_route=%2Fwp%2Fv2%2Fcategories&post=12094"},{"taxonomy":"post_tag","embeddable":true,"href":"https:\/\/noticiasregionais.com.br\/index.php?rest_route=%2Fwp%2Fv2%2Ftags&post=12094"}],"curies":[{"name":"wp","href":"https:\/\/api.w.org\/{rel}","templated":true}]}}