{"id":12098,"date":"2026-01-07T04:05:00","date_gmt":"2026-01-07T07:05:00","guid":{"rendered":"https:\/\/noticiasregionais.com.br\/?p=12098"},"modified":"2026-01-07T04:05:00","modified_gmt":"2026-01-07T07:05:00","slug":"soja-e-trigo-hoje-confira-as-cotacoes-para-esta-quarta-feira-7","status":"publish","type":"post","link":"https:\/\/noticiasregionais.com.br\/?p=12098","title":{"rendered":"Soja e trigo hoje: confira as cota\u00e7\u00f5es para esta\u00a0quarta-feira (7)"},"content":{"rendered":"<p>\t\t\t\t\t\t\t\t\t\t\t<audio controls class=\"b61_audio_player\" data-noticia=\"86877\" src=\"https:\/\/brasil61.com\/rails\/active_storage\/blobs\/eyJfcmFpbHMiOnsibWVzc2FnZSI6IkJBaHBBN3plQXc9PSIsImV4cCI6bnVsbCwicHVyIjoiYmxvYl9pZCJ9fQ==--85d9baa2d05568fdd62e08542f71ec74e1cc1949\/PAGR266025A\"><\/audio><\/p>\n<p>O valor da saca de 60 kg da <strong>soja <\/strong>abre esta\u00a0<strong>quarta-feira (7)\u00a0<\/strong>em <strong>alta<\/strong>\u00a0no interior do Paran\u00e1 e em <strong>queda<\/strong>\u00a0no litoral do estado, em Paranagu\u00e1.\u00a0<\/p>\n<p>Na primeira regi\u00e3o, o gr\u00e3o teve <strong>valoriza\u00e7\u00e3o de 0,38%<\/strong> e \u00e9 negociado a <strong>R$ 130,61<\/strong>; na segunda, a mercadoria teve <strong>desvaloriza\u00e7\u00e3o<\/strong> <strong>de 1,78%<\/strong> e \u00e9 cotada a <strong>R$ 134,71<\/strong>.<\/p>\n<p><strong>INDICADOR DA SOJA CEPEA\/ESALQ &#8211; PARAN\u00c1<\/strong><\/p>\n<\/p>\n<\/p>\n<\/p>\n<\/p>\n<\/p>\n<\/p>\n<\/p>\n<\/p>\n<table id=\"imagenet-indicador2\">\n<thead>\n<tr>\n<th>DATA<\/th>\n<th>VALOR R$*<\/th>\n<th>VAR.\/DIA<\/th>\n<th>VAR.\/M\u00caS<\/th>\n<th>VALOR US$*<\/th>\n<\/tr>\n<\/thead>\n<tbody>\n<tr>\n<td>06\/01\/2026<\/td>\n<td>130,61<\/td>\n<td>0,38%<\/td>\n<td>-3,68%<\/td>\n<td>24,29<\/td>\n<\/tr>\n<tr>\n<td>05\/01\/2026<\/td>\n<td>130,11<\/td>\n<td>-4,16%<\/td>\n<td>-4,05%<\/td>\n<td>24,08<\/td>\n<\/tr>\n<tr>\n<td>02\/01\/2026<\/td>\n<td>135,76<\/td>\n<td>0,12%<\/td>\n<td>0,12%<\/td>\n<td>25,04<\/td>\n<\/tr>\n<tr>\n<td>30\/12\/2025<\/td>\n<td>135,60<\/td>\n<td>-0,45%<\/td>\n<td>-0,35%<\/td>\n<td>24,71<\/td>\n<\/tr>\n<tr>\n<td>29\/12\/2025<\/td>\n<td>136,21<\/td>\n<td>-0,01%<\/td>\n<td>0,10%<\/td>\n<td>24,41<\/td>\n<\/tr>\n<\/tbody>\n<\/table>\n<p>\u00a0<\/p>\n<p><strong>INDICADOR DA SOJA CEPEA\/ESALQ &#8211; PARANAGU\u00c1<\/strong><\/p>\n<\/p>\n<\/p>\n<\/p>\n<\/p>\n<\/p>\n<\/p>\n<\/p>\n<\/p>\n<table id=\"imagenet-indicador1\">\n<thead>\n<tr>\n<th>DATA<\/th>\n<th>VALOR R$*<\/th>\n<th>VAR.\/DIA<\/th>\n<th>VAR.\/M\u00caS<\/th>\n<th>VALOR US$*<\/th>\n<\/tr>\n<\/thead>\n<tbody>\n<tr>\n<td>06\/01\/2026<\/td>\n<td>134,71<\/td>\n<td>-1,78%<\/td>\n<td>-4,47%<\/td>\n<td>25,05<\/td>\n<\/tr>\n<tr>\n<td>05\/01\/2026<\/td>\n<td>137,15<\/td>\n<td>-3,51%<\/td>\n<td>-2,74%<\/td>\n<td>25,39<\/td>\n<\/tr>\n<tr>\n<td>02\/01\/2026<\/td>\n<td>142,14<\/td>\n<td>0,80%<\/td>\n<td>0,80%<\/td>\n<td>26,22<\/td>\n<\/tr>\n<tr>\n<td>30\/12\/2025<\/td>\n<td>141,01<\/td>\n<td>-1,12%<\/td>\n<td>-0,66%<\/td>\n<td>25,70<\/td>\n<\/tr>\n<tr>\n<td>29\/12\/2025<\/td>\n<td>142,60<\/td>\n<td>-0,01%<\/td>\n<td>0,46%<\/td>\n<td>25,56<\/td>\n<\/tr>\n<\/tbody>\n<\/table>\n<p>\u00a0<\/p>\n<h2>Trigo<\/h2>\n<p>O pre\u00e7o do <strong>trigo<\/strong>, por sua vez, registra <strong>valoriza\u00e7\u00e3o de 0,10% no Paran\u00e1 <\/strong>e <strong>desvaloriza\u00e7\u00e3o de 0,36% no Rio Grande do Sul<\/strong>.<strong>\u00a0<\/strong>No primeiro estado, a tonelada\u00a0\u00e9 vendida a<strong> R$ 1.184,74<\/strong>, enquanto no segundo\u00a0\u00e9 comercializada a<strong> R$ 1.042,59<\/strong>.<\/p>\n<p><strong>PRE\u00c7O M\u00c9DIO DO TRIGO CEPEA\/ESALQ &#8211; PARAN\u00c1<\/strong><\/p>\n<\/p>\n<\/p>\n<\/p>\n<\/p>\n<\/p>\n<\/p>\n<\/p>\n<\/p>\n<table id=\"imagenet-indicador1\">\n<thead>\n<tr>\n<th>DATA<\/th>\n<th>VALOR R$\/T*<\/th>\n<th>VAR.\/DIA<\/th>\n<th>VAR.\/M\u00caS<\/th>\n<th>VALOR US$\/T*<\/th>\n<\/tr>\n<\/thead>\n<tbody>\n<tr>\n<td>06\/01\/2026<\/td>\n<td>1.184,74<\/td>\n<td>0,10%<\/td>\n<td>0,22%<\/td>\n<td>220,29<\/td>\n<\/tr>\n<tr>\n<td>05\/01\/2026<\/td>\n<td>1.183,56<\/td>\n<td>-0,00%<\/td>\n<td>0,12%<\/td>\n<td>219,10<\/td>\n<\/tr>\n<tr>\n<td>02\/01\/2026<\/td>\n<td>1.183,57<\/td>\n<td>0,12%<\/td>\n<td>0,12%<\/td>\n<td>218,29<\/td>\n<\/tr>\n<tr>\n<td>30\/12\/2025<\/td>\n<td>1.182,19<\/td>\n<td>0,01%<\/td>\n<td>-1,00%<\/td>\n<td>215,41<\/td>\n<\/tr>\n<tr>\n<td>29\/12\/2025<\/td>\n<td>1.182,07<\/td>\n<td>0,00%<\/td>\n<td>-1,01%<\/td>\n<td>211,88<\/td>\n<\/tr>\n<\/tbody>\n<\/table>\n<p><strong>PRE\u00c7O M\u00c9DIO DO TRIGO CEPEA\/ESALQ &#8211; RIO GRANDE DO SUL<\/strong><\/p>\n<\/p>\n<\/p>\n<\/p>\n<\/p>\n<\/p>\n<\/p>\n<\/p>\n<\/p>\n<table id=\"imagenet-indicador2\">\n<thead>\n<tr>\n<th>DATA<\/th>\n<th>VALOR R$\/T*<\/th>\n<th>VAR.\/DIA<\/th>\n<th>VAR.\/M\u00caS<\/th>\n<th>VALOR US$\/T*<\/th>\n<\/tr>\n<\/thead>\n<tbody>\n<tr>\n<td>06\/01\/2026<\/td>\n<td>1.042,59<\/td>\n<td>-0,36%<\/td>\n<td>-0,33%<\/td>\n<td>193,86<\/td>\n<\/tr>\n<tr>\n<td>05\/01\/2026<\/td>\n<td>1.046,37<\/td>\n<td>-0,02%<\/td>\n<td>0,03%<\/td>\n<td>193,70<\/td>\n<\/tr>\n<tr>\n<td>02\/01\/2026<\/td>\n<td>1.046,53<\/td>\n<td>0,05%<\/td>\n<td>0,05%<\/td>\n<td>193,01<\/td>\n<\/tr>\n<tr>\n<td>30\/12\/2025<\/td>\n<td>1.046,01<\/td>\n<td>0,00%<\/td>\n<td>1,44%<\/td>\n<td>190,60<\/td>\n<\/tr>\n<tr>\n<td>29\/12\/2025<\/td>\n<td>1.046,01<\/td>\n<td>0,00%<\/td>\n<td>1,44%<\/td>\n<td>187,49<\/td>\n<\/tr>\n<\/tbody>\n<\/table>\n<p>Os valores s\u00e3o do <a href=\"http:\/\/www.cepea.org.br\" target=\"_blank\" rel=\"noopener\">Cepea<\/a>.<\/p>\n<p>\u00a0<\/p>\n<h2>O que \u00e9 uma saca de soja ou de trigo? Entenda a unidade de medida no mercado de gr\u00e3os<\/h2>\n<p>A saca de soja e a saca de trigo s\u00e3o as principais unidades de comercializa\u00e7\u00e3o de gr\u00e3os no Brasil. Cada saca equivale a 60 quilos, padr\u00e3o adotado por \u00f3rg\u00e3os oficiais como a <strong>Companhia Nacional de Abastecimento (<a href=\"https:\/\/www.gov.br\/conab\/pt-br\" target=\"_blank\" rel=\"noopener\">Conab<\/a>)<\/strong>, o<strong> Minist\u00e9rio da Agricultura (<a href=\"http:\/\/www.gov.br\/agricultura\/pt-br\" target=\"_blank\" rel=\"noopener\">MAPA<\/a>)<\/strong> e o<strong> Centro de Estudos Avan\u00e7ados em Economia Aplicada (<a href=\"http:\/\/www.cepea.org.br\" target=\"_blank\" rel=\"noopener\">Cepea<\/a>)<\/strong>.<\/p>\n<p>Esse formato padronizado facilita o com\u00e9rcio da soja e do trigo, al\u00e9m de permitir um acompanhamento mais preciso das cota\u00e7\u00f5es e varia\u00e7\u00f5es de pre\u00e7os no mercado nacional.<\/p>\n<p>\t\t\t\t\t\t\t\t\t\t<img decoding=\"async\" src=\"https:\/\/brasil61.com\/api\/v1\/serve_pixel\/22254\/86877\" alt=\"Pixel Brasil 61\" class=\"b61_pixel\" width=\"0\" height=\"0\"><\/p>\n<div class=\"br61_backlink\">\n<p>\n\t\t\t\tFonte: <a href=\"https:\/\/brasil61.com\/soja-e-trigo-hoje-confira-as-cotacoes-para-esta-quarta-feira-7-pagr266025\" title=\"Artigo Original: Soja e trigo hoje: confira as cota\u00e7\u00f5es para esta\u00a0quarta-feira (7)\" target=\"_blank\" rel=\"noopener\">Brasil 61<\/a>\n\t\t\t<\/p>\n<\/p><\/div>\n<input type=\"hidden\" id=\"baseurl\" value=\"https:\/\/noticiasregionais.com.br\"><input type=\"hidden\" id=\"audio_nonce\" value=\"296231ceac\">","protected":false},"excerpt":{"rendered":"<p>A soja apresenta alta no Paran\u00e1 e baixa em Paranagu\u00e1; o trigo sofre reajustes<\/p>\n","protected":false},"author":1,"featured_media":12099,"comment_status":"","ping_status":"open","sticky":false,"template":"","format":"standard","meta":{"sfsi_plus_gutenberg_text_before_share":"","sfsi_plus_gutenberg_show_text_before_share":"","sfsi_plus_gutenberg_icon_type":"","sfsi_plus_gutenberg_icon_alignemt":"","sfsi_plus_gutenburg_max_per_row":"","footnotes":""},"categories":[8],"tags":[],"class_list":["post-12098","post","type-post","status-publish","format-standard","has-post-thumbnail","hentry","category-brasil"],"_links":{"self":[{"href":"https:\/\/noticiasregionais.com.br\/index.php?rest_route=\/wp\/v2\/posts\/12098","targetHints":{"allow":["GET"]}}],"collection":[{"href":"https:\/\/noticiasregionais.com.br\/index.php?rest_route=\/wp\/v2\/posts"}],"about":[{"href":"https:\/\/noticiasregionais.com.br\/index.php?rest_route=\/wp\/v2\/types\/post"}],"author":[{"embeddable":true,"href":"https:\/\/noticiasregionais.com.br\/index.php?rest_route=\/wp\/v2\/users\/1"}],"replies":[{"embeddable":true,"href":"https:\/\/noticiasregionais.com.br\/index.php?rest_route=%2Fwp%2Fv2%2Fcomments&post=12098"}],"version-history":[{"count":0,"href":"https:\/\/noticiasregionais.com.br\/index.php?rest_route=\/wp\/v2\/posts\/12098\/revisions"}],"wp:featuredmedia":[{"embeddable":true,"href":"https:\/\/noticiasregionais.com.br\/index.php?rest_route=\/wp\/v2\/media\/12099"}],"wp:attachment":[{"href":"https:\/\/noticiasregionais.com.br\/index.php?rest_route=%2Fwp%2Fv2%2Fmedia&parent=12098"}],"wp:term":[{"taxonomy":"category","embeddable":true,"href":"https:\/\/noticiasregionais.com.br\/index.php?rest_route=%2Fwp%2Fv2%2Fcategories&post=12098"},{"taxonomy":"post_tag","embeddable":true,"href":"https:\/\/noticiasregionais.com.br\/index.php?rest_route=%2Fwp%2Fv2%2Ftags&post=12098"}],"curies":[{"name":"wp","href":"https:\/\/api.w.org\/{rel}","templated":true}]}}