{"id":12102,"date":"2026-01-07T04:20:00","date_gmt":"2026-01-07T07:20:00","guid":{"rendered":"https:\/\/noticiasregionais.com.br\/?p=12102"},"modified":"2026-01-07T22:31:48","modified_gmt":"2026-01-08T01:31:48","slug":"mercado-de-energia-limpa-avanca-no-campo-e-ajuda-produtores-a-economizar","status":"publish","type":"post","link":"https:\/\/noticiasregionais.com.br\/?p=12102","title":{"rendered":"Mercado de energia limpa avan\u00e7a no campo e ajuda produtores a economizar"},"content":{"rendered":"<p>\t\t\t\t\t\t\t\t\t\t<audio controls class=\"b61_audio_player\" data-noticia=\"86874\" src=\"https:\/\/brasil61.com\/rails\/active_storage\/blobs\/eyJfcmFpbHMiOnsibWVzc2FnZSI6IkJBaHBBNzdlQXc9PSIsImV4cCI6bnVsbCwicHVyIjoiYmxvYl9pZCJ9fQ==--fb8f1a3b13f3de4af5c8a4c056130038c9b63e01\/BRAS2615507A\"><\/audio><\/p>\n<p>O Brasil possui mais de <a href=\"https:\/\/www.gov.br\/conab\/pt-br\/assuntos\/noticias\/safra-de-graos-2024-205-e-estimada-pela-conab-em-350-2-milhoes-de-toneladas-e-atinge-novo-recorde-historico\" target=\"_blank\" rel=\"noopener\">80 milh\u00f5es de hectares<\/a> destinados \u00e0 agricultura e mais de <a href=\"https:\/\/www.inpe.br\/noticias\/noticia.php?Cod_Noticia=5087\" target=\"_blank\" rel=\"noopener\">3 mil horas de sol pleno<\/a> por ano. A soma desses fatores faz das propriedades rurais locais ideais para a gera\u00e7\u00e3o de energia a partir de fontes renov\u00e1veis, principalmente a <a href=\"https:\/\/brasil61.com\/noticias\/tag\/energia-solar\" target=\"_blank\" rel=\"noopener\">fotovoltaica<\/a>.<\/p>\n<p>Os propriet\u00e1rios j\u00e1 perceberam essa oportunidade e est\u00e3o investindo. Dados da <a href=\"https:\/\/www.gov.br\/aneel\/pt-br\" target=\"_blank\" rel=\"noopener\">Ag\u00eancia Nacional de Energia El\u00e9trica (Aneel)<\/a> mostram que o consumo no campo de energia pr\u00f3pria (gera\u00e7\u00e3o distribu\u00edda) cresceu cerca de 60% entre junho de 2023 e junho de 2025, passando de 3,5 GW para 5,6 GW de pot\u00eancia instalada.<\/p>\n<p>F\u00e1bio Lima, diretor executivo da <a href=\"https:\/\/www.absae.org.br\/\" target=\"_blank\" rel=\"noopener\">Associa\u00e7\u00e3o Brasileira de Solu\u00e7\u00f5es de Armazenamento de Energia (Absae)<\/a>, conta que os investimentos ocorrem por todo o pa\u00eds, mas \u00e9 no Matopiba \u2013 nova fronteira agr\u00edcola que contempla os estados do Maranh\u00e3o, Tocantins, Piau\u00ed e Bahia \u2013, onde a moderniza\u00e7\u00e3o do sistema el\u00e9trico mais avan\u00e7a. \u201cCom isso, voc\u00ea tem uma rede est\u00e1vel, de baixo custo e renov\u00e1vel \u2013 baseada em energia limpa, sem emiss\u00e3o de poluentes \u2013, em que voc\u00ea consegue ampliar o seu investimento em irriga\u00e7\u00e3o, em refrigera\u00e7\u00e3o, em diversas formas de uso de eletrifica\u00e7\u00e3o rural para aumento da sua produtividade\u201d, diz o administrador.<\/p>\n<p>Mais do que a gera\u00e7\u00e3o de energia renov\u00e1vel, a principal vantagem da gera\u00e7\u00e3o de energia pr\u00f3pria \u00e9 a economia que o sistema gera. O produtor ganha com previsibilidade, por depender menos da energia enviada pela concession\u00e1ria, utiliza menos geradores movidos a diesel e ainda pode utilizar essa energia mesmo em hor\u00e1rios de baixa produ\u00e7\u00e3o, como \u00e0 noite ou dias nublados, se possuir uma bateria de armazenamento.<\/p>\n<p>O investimento varia para cada projeto. A localiza\u00e7\u00e3o da propriedade, a \u00e1rea e a necessidade de uso influenciam no valor mas, segundo Lima, o sistema se paga entre 3 e 5 anos. \u201c\u00c9 onde voc\u00ea tem ali o auge da viabilidade econ\u00f4mica desses projetos. E voc\u00ea tem comparado a isso o ciclo de vida, uma dura\u00e7\u00e3o desse sistema da ordem de 15 a 20 anos. Ent\u00e3o voc\u00ea tem 10 a 15 anos de lucratividade com o uso desses sistemas\u201d, afirma o executivo.<\/p>\n<h2>Seguran\u00e7a jur\u00eddica<\/h2>\n<p>Para a entidade, a san\u00e7\u00e3o da <a href=\"https:\/\/www.planalto.gov.br\/ccivil_03\/_ato2023-2026\/2025\/lei\/l15269.htm\" target=\"_blank\" rel=\"noopener\">Lei 15.269\/2025<\/a>, chamada de Reforma do Setor El\u00e9trico, garante a seguran\u00e7a jur\u00eddica necess\u00e1ria para o setor de energia limpa deslanchar no Brasil.<\/p>\n<p>A legisla\u00e7\u00e3o foi sancionada pelo vice-presidente, Geraldo Alckmin, no fim do ano passado, enquanto ocupava temporariamente o cargo de presidente da Rep\u00fablica. Ela define as novas regras do setor, com o objetivo de diminuir as tarifas, garantir seguran\u00e7a energ\u00e9tica, regular a atividade de armazenamento de energia el\u00e9trica e facilitar a comercializa\u00e7\u00e3o.\u00a0<\/p>\n<h2>Energia rural<\/h2>\n<p>Apesar da moderniza\u00e7\u00e3o da atividade no campo, com o emprego de maquin\u00e1rios automatizados, drones e irriga\u00e7\u00e3o el\u00e9trica, o consumo de energia el\u00e9trica no meio rural do pa\u00eds ainda \u00e9 baixo. Em novembro, dos 47,4 mil gigawatts utilizados, 2,7 mil foram em zonas rurais, o equivalente a 5,7%, segundo levantamento da <a href=\"http:\/\/www.epe.gov.br\/pt\" target=\"_blank\" rel=\"noopener\">Empresa de Pesquisa Energ\u00e9tica\u00a0(EPE)<\/a>.<\/p>\n<p>\t\t\t\t\t\t\t\t\t<img decoding=\"async\" src=\"https:\/\/brasil61.com\/api\/v1\/serve_pixel\/22254\/86874\" alt=\"Pixel Brasil 61\" class=\"b61_pixel\" width=\"0\" height=\"0\"><\/p>\n<div class=\"br61_backlink\">\n<p>\n\t\t\t\tFonte: <a href=\"https:\/\/brasil61.com\/mercado-de-energia-limpa-avanca-no-campo-e-ajuda-produtores-a-economizar-bras2615507\" title=\"Artigo Original: Mercado de energia limpa avan\u00e7a no campo e ajuda produtores a economizar\" target=\"_blank\" rel=\"noopener\">Brasil 61<\/a>\n\t\t\t<\/p>\n<\/p><\/div>\n<input type=\"hidden\" id=\"baseurl\" value=\"https:\/\/noticiasregionais.com.br\"><input type=\"hidden\" id=\"audio_nonce\" value=\"5c13e0637f\">","protected":false},"excerpt":{"rendered":"<p>Sistemas de gera\u00e7\u00e3o distribu\u00edda d\u00e3o retorno entre 3 e 5 anos, com dura\u00e7\u00e3o que pode chegar a duas d\u00e9cadas<\/p>\n","protected":false},"author":1,"featured_media":12125,"comment_status":"closed","ping_status":"open","sticky":false,"template":"","format":"standard","meta":{"sfsi_plus_gutenberg_text_before_share":"","sfsi_plus_gutenberg_show_text_before_share":"","sfsi_plus_gutenberg_icon_type":"","sfsi_plus_gutenberg_icon_alignemt":"","sfsi_plus_gutenburg_max_per_row":"","footnotes":""},"categories":[8],"tags":[],"class_list":["post-12102","post","type-post","status-publish","format-standard","has-post-thumbnail","hentry","category-brasil"],"_links":{"self":[{"href":"https:\/\/noticiasregionais.com.br\/index.php?rest_route=\/wp\/v2\/posts\/12102","targetHints":{"allow":["GET"]}}],"collection":[{"href":"https:\/\/noticiasregionais.com.br\/index.php?rest_route=\/wp\/v2\/posts"}],"about":[{"href":"https:\/\/noticiasregionais.com.br\/index.php?rest_route=\/wp\/v2\/types\/post"}],"author":[{"embeddable":true,"href":"https:\/\/noticiasregionais.com.br\/index.php?rest_route=\/wp\/v2\/users\/1"}],"replies":[{"embeddable":true,"href":"https:\/\/noticiasregionais.com.br\/index.php?rest_route=%2Fwp%2Fv2%2Fcomments&post=12102"}],"version-history":[{"count":1,"href":"https:\/\/noticiasregionais.com.br\/index.php?rest_route=\/wp\/v2\/posts\/12102\/revisions"}],"predecessor-version":[{"id":12124,"href":"https:\/\/noticiasregionais.com.br\/index.php?rest_route=\/wp\/v2\/posts\/12102\/revisions\/12124"}],"wp:featuredmedia":[{"embeddable":true,"href":"https:\/\/noticiasregionais.com.br\/index.php?rest_route=\/wp\/v2\/media\/12125"}],"wp:attachment":[{"href":"https:\/\/noticiasregionais.com.br\/index.php?rest_route=%2Fwp%2Fv2%2Fmedia&parent=12102"}],"wp:term":[{"taxonomy":"category","embeddable":true,"href":"https:\/\/noticiasregionais.com.br\/index.php?rest_route=%2Fwp%2Fv2%2Fcategories&post=12102"},{"taxonomy":"post_tag","embeddable":true,"href":"https:\/\/noticiasregionais.com.br\/index.php?rest_route=%2Fwp%2Fv2%2Ftags&post=12102"}],"curies":[{"name":"wp","href":"https:\/\/api.w.org\/{rel}","templated":true}]}}