{"id":12106,"date":"2026-01-07T04:30:00","date_gmt":"2026-01-07T07:30:00","guid":{"rendered":"https:\/\/noticiasregionais.com.br\/?p=12106"},"modified":"2026-01-07T04:30:00","modified_gmt":"2026-01-07T07:30:00","slug":"entenda-as-novas-regras-da-aposentadoria-que-entram-em-vigor-em-2026","status":"publish","type":"post","link":"https:\/\/noticiasregionais.com.br\/?p=12106","title":{"rendered":"Entenda as novas regras da aposentadoria que entram em vigor em 2026"},"content":{"rendered":"<p>\t\t\t\t\t\t\t\t\t\t\t<audio controls class=\"b61_audio_player\" data-noticia=\"86865\" src=\"https:\/\/brasil61.com\/rails\/active_storage\/blobs\/eyJfcmFpbHMiOnsibWVzc2FnZSI6IkJBaHBBNjdlQXc9PSIsImV4cCI6bnVsbCwicHVyIjoiYmxvYl9pZCJ9fQ==--fb29f46f65684bbe2d0b3d07b99ebad87aa93412\/BRAS2615499A\"><\/audio><\/p>\n<p>A partir de <strong>1\u00ba de janeiro de 2026<\/strong>, entram em vigor novas exig\u00eancias para quem pretende se aposentar pelo Instituto Nacional do Seguro Social (INSS). As mudan\u00e7as fazem parte das<strong> regras de transi\u00e7\u00e3o da Reforma da Previd\u00eancia<\/strong>, institu\u00edda pela Emenda Constitucional n\u00ba 103, de 2019, e seguem um calend\u00e1rio de aumento gradual dos requisitos ao longo dos anos.<\/p>\n<p>Essas regras se aplicam aos segurados que j\u00e1 contribu\u00edam para a Previd\u00eancia Social antes da reforma e que ainda n\u00e3o conseguiram se aposentar. O objetivo \u00e9 fazer uma transi\u00e7\u00e3o progressiva entre o modelo antigo e as regras permanentes atuais.<\/p>\n<p>Uma das principais altera\u00e7\u00f5es ocorre na<strong> regra dos pontos<\/strong>, que considera a soma da idade com o tempo de contribui\u00e7\u00e3o. Em 2026, a pontua\u00e7\u00e3o m\u00ednima passa a ser de <strong>93 pontos para mulheres<\/strong> e <strong>103 pontos para homens<\/strong>, mantendo-se o tempo m\u00ednimo de contribui\u00e7\u00e3o de <strong>30 anos para mulheres<\/strong> e <strong>35 anos para homens<\/strong>.<\/p>\n<p>Outra mudan\u00e7a importante est\u00e1 na <strong>idade m\u00ednima progressiva<\/strong>, que aumenta seis meses em rela\u00e7\u00e3o a 2025. A partir de 2026, ser\u00e1 necess\u00e1rio ter <strong>59 anos e 6 meses de idade para mulheres<\/strong> e <strong>64 anos e 6 meses para homens<\/strong>, al\u00e9m do tempo m\u00ednimo de contribui\u00e7\u00e3o exigido.<\/p>\n<p>As demais regras de transi\u00e7\u00e3o seguem valendo. \u00c9 o caso do <strong>ped\u00e1gio de 50%<\/strong>, voltado para quem estava a at\u00e9 dois anos de se aposentar em novembro de 2019, e do <strong>ped\u00e1gio de 100%<\/strong>, que exige o cumprimento integral do tempo que faltava para a aposentadoria na data da reforma, al\u00e9m da idade m\u00ednima de 57 anos para mulheres e 60 anos para homens.<\/p>\n<p>J\u00e1 a <strong>regra permanente da aposentadoria por idade<\/strong> n\u00e3o sofre altera\u00e7\u00f5es em 2026. Permanecem os crit\u00e9rios de <strong>62 anos de idade e 15 anos de contribui\u00e7\u00e3o para mulheres<\/strong> e <strong>65 anos de idade e 20 anos de contribui\u00e7\u00e3o para homens<\/strong>.<\/p>\n<p>O INSS orienta que os segurados acompanhem sua situa\u00e7\u00e3o previdenci\u00e1ria por meio do portal ou aplicativo <a href=\"https:\/\/www.gov.br\/pt-br\/temas\/meu-inss\" target=\"_blank\" rel=\"noopener\">Meu INSS<\/a>, onde \u00e9 poss\u00edvel consultar o hist\u00f3rico de contribui\u00e7\u00f5es e realizar<strong> simula\u00e7\u00f5es de aposentadoria<\/strong> com base nas regras atualizadas. O planejamento previdenci\u00e1rio \u00e9 fundamental para evitar surpresas e garantir o acesso ao benef\u00edcio no momento correto.<\/p>\n<p>\t\t\t\t\t\t\t\t\t\t<img decoding=\"async\" src=\"https:\/\/brasil61.com\/api\/v1\/serve_pixel\/22254\/86865\" alt=\"Pixel Brasil 61\" class=\"b61_pixel\" width=\"0\" height=\"0\"><\/p>\n<div class=\"br61_backlink\">\n<p>\n\t\t\t\tFonte: <a href=\"https:\/\/brasil61.com\/entenda-as-novas-regras-da-aposentadoria-que-entram-em-vigor-em-2026-bras2615499\" title=\"Artigo Original: Entenda as novas regras da aposentadoria que entram em vigor em 2026\" target=\"_blank\" rel=\"noopener\">Brasil 61<\/a>\n\t\t\t<\/p>\n<\/p><\/div>\n<input type=\"hidden\" id=\"baseurl\" value=\"https:\/\/noticiasregionais.com.br\"><input type=\"hidden\" id=\"audio_nonce\" value=\"533fbb67b1\">","protected":false},"excerpt":{"rendered":"<p>As regras de transi\u00e7\u00e3o da Reforma da Previd\u00eancia passam por novos ajustes em 2026, com aumento da idade m\u00ednima e da pontua\u00e7\u00e3o exigida para aposentadoria pelo INSS. Mudan\u00e7as atingem trabalhadores que j\u00e1 contribu\u00edam antes de novembro de 2019 e est\u00e3o pr\u00f3ximos de se aposentar<\/p>\n","protected":false},"author":1,"featured_media":12107,"comment_status":"","ping_status":"open","sticky":false,"template":"","format":"standard","meta":{"sfsi_plus_gutenberg_text_before_share":"","sfsi_plus_gutenberg_show_text_before_share":"","sfsi_plus_gutenberg_icon_type":"","sfsi_plus_gutenberg_icon_alignemt":"","sfsi_plus_gutenburg_max_per_row":"","footnotes":""},"categories":[8],"tags":[],"class_list":["post-12106","post","type-post","status-publish","format-standard","has-post-thumbnail","hentry","category-brasil"],"_links":{"self":[{"href":"https:\/\/noticiasregionais.com.br\/index.php?rest_route=\/wp\/v2\/posts\/12106","targetHints":{"allow":["GET"]}}],"collection":[{"href":"https:\/\/noticiasregionais.com.br\/index.php?rest_route=\/wp\/v2\/posts"}],"about":[{"href":"https:\/\/noticiasregionais.com.br\/index.php?rest_route=\/wp\/v2\/types\/post"}],"author":[{"embeddable":true,"href":"https:\/\/noticiasregionais.com.br\/index.php?rest_route=\/wp\/v2\/users\/1"}],"replies":[{"embeddable":true,"href":"https:\/\/noticiasregionais.com.br\/index.php?rest_route=%2Fwp%2Fv2%2Fcomments&post=12106"}],"version-history":[{"count":0,"href":"https:\/\/noticiasregionais.com.br\/index.php?rest_route=\/wp\/v2\/posts\/12106\/revisions"}],"wp:featuredmedia":[{"embeddable":true,"href":"https:\/\/noticiasregionais.com.br\/index.php?rest_route=\/wp\/v2\/media\/12107"}],"wp:attachment":[{"href":"https:\/\/noticiasregionais.com.br\/index.php?rest_route=%2Fwp%2Fv2%2Fmedia&parent=12106"}],"wp:term":[{"taxonomy":"category","embeddable":true,"href":"https:\/\/noticiasregionais.com.br\/index.php?rest_route=%2Fwp%2Fv2%2Fcategories&post=12106"},{"taxonomy":"post_tag","embeddable":true,"href":"https:\/\/noticiasregionais.com.br\/index.php?rest_route=%2Fwp%2Fv2%2Ftags&post=12106"}],"curies":[{"name":"wp","href":"https:\/\/api.w.org\/{rel}","templated":true}]}}